{"id":699899,"date":"2026-01-30T15:00:12","date_gmt":"2026-01-30T15:00:12","guid":{"rendered":"https:\/\/www.europesays.com\/fr\/699899\/"},"modified":"2026-01-30T15:00:12","modified_gmt":"2026-01-30T15:00:12","slug":"municipales-2026-je-requisitionnerai-les-57-000-logements-vacants-a-marseille-ambitionne-le-candidat-lfi-delogu","status":"publish","type":"post","link":"https:\/\/www.europesays.com\/fr\/699899\/","title":{"rendered":"Municipales 2026 : \u00ab\u00a0Je r\u00e9quisitionnerai les 57 000 logements vacants \u00e0 Marseille\u00a0\u00bb, ambitionne le candidat LFI Delogu"},"content":{"rendered":"<p>                                            Politique\n                                                                            <\/p>\n<p>\n                                            S\u00e9bastien Delogu, candidat LFI aux \u00e9lections municipales \u00e0 Marseille, \u00e9tait l&rsquo;invit\u00e9 d&rsquo;ICI Provence. Il a d\u00e9taill\u00e9 certaines de ses ambitions, comme son projet autour des logements vacants.                                        <\/p>\n<p>                                                Publi\u00e9 le 30 janvier 2026 \u00e0 15h45                                                                                            <\/p>\n<p>                                            <img loading=\"lazy\" width=\"1024\" height=\"683\" src=\"https:\/\/www.europesays.com\/fr\/wp-content\/uploads\/2026\/01\/SIPA_01239242_000071-1.jpg\" class=\"attachment-post-thumbnail size-post-thumbnail wp-post-image\" alt=\"S\u00e9bastien Delogu compte s'attaquer \u00e0 la probl\u00e9matique du mal-logement. Photo d'illustration \u00a9 Alain ROBERT\/SIPA\" decoding=\"async\"  \/><\/p>\n<p>                                            S\u00e9bastien Delogu compte s&rsquo;attaquer \u00e0 la probl\u00e9matique du mal-logement. Photo d&rsquo;illustration \u00a9 Alain ROBERT\/SIPA<\/p>\n<p>Le candidat de La France insoumise aux \u00e9lections municipales \u00e0 Marseille, S\u00e9bastien Delogu, a abord\u00e9 certains de ses projets s\u2019il \u00e9tait \u00e9lu. L\u2019actuel d\u00e9put\u00e9 des Bouches-du-Rh\u00f4ne, <a href=\"https:\/\/www.francebleu.fr\/emissions\/l-invite-d-ici-matin-ici-provence\/municipales-2026-a-marseille-sebastien-delogu-invite-sur-ici-provence-4252667\" target=\"_blank\" rel=\"nofollow noopener\">invit\u00e9 au micro d\u2019ICI Provence<\/a>, a notamment \u00e9voqu\u00e9 le sujet des logements vacants dans la cit\u00e9 phoc\u00e9enne. Une probl\u00e9matique qui fait d\u00e9bat.<\/p>\n<p><a href=\"https:\/\/www.valeursactuelles.com\/regions\/provence-alpes-cote-dazur\/bouches-du-rhone\/marseille\/politique\/municipales-a-marseille-martine-vassal-veut-supprimer-les-subventions-a-sos-mediterranee\" class=\"h-flex h-align-items-center h-border-tb h-ptb-15\" target=\"_blank\" rel=\"noopener\">A\u00a0LIRE\u00a0Municipales \u00e0 Marseille : Martine Vassal veut supprimer les subventions \u00e0 SOS M\u00e9diterran\u00e9e<\/a><\/p>\n<p>\u00ab\u00a0Pour r\u00e9gler les probl\u00e8mes de logement, dans les mois qui suivent mon \u00e9lection, je r\u00e9quisitionnerai les 57 000 logements qui sont vacants \u00e0 Marseille\u00a0\u00bb, a-t-il expliqu\u00e9, rappelant la situation de mal-logement de certains habitants, ou m\u00eame celle des sans-abri. En revanche, il risquerait de se heurter au cadre strict impos\u00e9 par la loi pour les r\u00e9quisitions.<\/p>\n<blockquote class=\"twitter-tweet\">\n<p dir=\"ltr\" lang=\"fr\">\ud83d\uddf3\ufe0f Municipales \u00e0 Marseille<\/p>\n<p>La r\u00e9quisition des logements vacants fait partie du programme de S\u00e9bastien Delogu.<\/p>\n<p>Interrog\u00e9 sur la l\u00e9galit\u00e9, le d\u00e9put\u00e9 LFI assume :<br \/>\u00ab\u00a0J\u2019ai pas le droit ? Je prends le gauche.\u00a0\u00bb<\/p>\n<p>\ud83d\udc49 Invit\u00e9 ce matin sur ICI Provence : <a href=\"https:\/\/t.co\/1y5V0WVSH2\">https:\/\/t.co\/1y5V0WVSH2<\/a> <a href=\"https:\/\/t.co\/kh5XWVeqHn\">pic.twitter.com\/kh5XWVeqHn<\/a><\/p>\n<p>\u2014 ICI Provence (@ici_provence) <a href=\"https:\/\/twitter.com\/ici_provence\/status\/2017160727761481999?ref_src=twsrc%5Etfw\" target=\"_blank\" rel=\"noopener\">January 30, 2026<\/a><\/p>\n<\/blockquote>\n<p><a href=\"https:\/\/www.valeursactuelles.com\/politique\/municipales-a-marseille-le-maire-sortant-benoit-payan-annonce-officiellement-sa-candidature\" class=\"h-flex h-align-items-center h-border-tb h-ptb-15\" target=\"_blank\" rel=\"noopener\">A\u00a0LIRE\u00a0Municipales \u00e0 Marseille\u00a0: le maire sortant Beno\u00eet Payan annonce officiellement sa candidature<\/a>\u00ab\u00a0Je n\u2019ai pas le droit ? Je prends le gauche\u00a0\u00bb<\/p>\n<p>S\u2019il compte indemniser les propri\u00e9taires, S\u00e9bastien Delogu r\u00e9pond : \u00ab\u00a0Je n\u2019ai pas le droit ? Je prends le gauche. C\u2019est comme le tunnel du Car\u00e9nage, je n\u2019ai pas le droit. Mais le contrat, je vais le casser\u00a0\u00bb. Il estime \u00e9galement que cette crise du logement alimente les id\u00e9es du RN : \u00ab\u00a0Quand des gens ne s\u2019expriment pas, ils font monter, quoi qu\u2019il arrive, le Rassemblement national\u00a0\u00bb.<\/p>\n<p>                                                                    <script async src=\"https:\/\/platform.twitter.com\/widgets.js\" charset=\"utf-8\"><\/script><\/p>\n","protected":false},"excerpt":{"rendered":"Politique S\u00e9bastien Delogu, candidat LFI aux \u00e9lections municipales \u00e0 Marseille, \u00e9tait l&rsquo;invit\u00e9 d&rsquo;ICI Provence. Il a d\u00e9taill\u00e9 certaines&hellip;\n","protected":false},"author":2,"featured_media":699900,"comment_status":"","ping_status":"","sticky":false,"template":"","format":"standard","meta":{"footnotes":""},"categories":[2814],"tags":[1111,11,4188,1777,674,1011,27,1908,884,3434,12,882,25,10338],"class_list":{"0":"post-699899","1":"post","2":"type-post","3":"status-publish","4":"format-standard","5":"has-post-thumbnail","7":"category-marseille","8":"tag-actu","9":"tag-actualites","10":"tag-elections-municipales","11":"tag-eu","12":"tag-europe","13":"tag-fr","14":"tag-france","15":"tag-logement","16":"tag-marseille","17":"tag-municipales-2026","18":"tag-news","19":"tag-provence-alpes-cote-dazur","20":"tag-republique-francaise","21":"tag-sebastien-delogu"},"share_on_mastodon":{"url":"https:\/\/pubeurope.com\/@fr\/115984651050668705","error":""},"_links":{"self":[{"href":"https:\/\/www.europesays.com\/fr\/wp-json\/wp\/v2\/posts\/699899","targetHints":{"allow":["GET"]}}],"collection":[{"href":"https:\/\/www.europesays.com\/fr\/wp-json\/wp\/v2\/posts"}],"about":[{"href":"https:\/\/www.europesays.com\/fr\/wp-json\/wp\/v2\/types\/post"}],"author":[{"embeddable":true,"href":"https:\/\/www.europesays.com\/fr\/wp-json\/wp\/v2\/users\/2"}],"replies":[{"embeddable":true,"href":"https:\/\/www.europesays.com\/fr\/wp-json\/wp\/v2\/comments?post=699899"}],"version-history":[{"count":0,"href":"https:\/\/www.europesays.com\/fr\/wp-json\/wp\/v2\/posts\/699899\/revisions"}],"wp:featuredmedia":[{"embeddable":true,"href":"https:\/\/www.europesays.com\/fr\/wp-json\/wp\/v2\/media\/699900"}],"wp:attachment":[{"href":"https:\/\/www.europesays.com\/fr\/wp-json\/wp\/v2\/media?parent=699899"}],"wp:term":[{"taxonomy":"category","embeddable":true,"href":"https:\/\/www.europesays.com\/fr\/wp-json\/wp\/v2\/categories?post=699899"},{"taxonomy":"post_tag","embeddable":true,"href":"https:\/\/www.europesays.com\/fr\/wp-json\/wp\/v2\/tags?post=699899"}],"curies":[{"name":"wp","href":"https:\/\/api.w.org\/{rel}","templated":true}]}}