{"id":699938,"date":"2026-01-30T15:23:13","date_gmt":"2026-01-30T15:23:13","guid":{"rendered":"https:\/\/www.europesays.com\/fr\/699938\/"},"modified":"2026-01-30T15:23:13","modified_gmt":"2026-01-30T15:23:13","slug":"cest-nimporte-quoi-vous-les-protegez-tous-les-deux-alexander-zverev-accuse-alcaraz-et-sinner-detre-favorises-apres-son-elimination","status":"publish","type":"post","link":"https:\/\/www.europesays.com\/fr\/699938\/","title":{"rendered":"\u00ab\u00a0C\u2019est n\u2019importe quoi\u00a0! Vous les prot\u00e9gez tous les deux\u00a0\u00bb\u00a0: Alexander Zverev accuse Alcaraz et Sinner d\u2019\u00eatre favoris\u00e9s apr\u00e8s son \u00e9limination"},"content":{"rendered":"<p>\n                                                                    l&rsquo;essentiel<br \/>\n                                                                M\u00e9content d\u2019un temps mort m\u00e9dical accord\u00e9 \u00e0 Carlos Alcaraz en demi-finale de l\u2019Open d\u2019Australie, Alexander Zverev a accus\u00e9 l\u2019espagnol d\u2019\u00eatre favoris\u00e9 dans la comp\u00e9tition, tout comme Jannik Sinner.\n                            <\/p>\n<p>Alors que Carlos Alcaraz et\u00a0Alexander Zverev s\u2019affrontaient en demi-finale de l\u2019Open d\u2019Australie ce vendredi 30\u00a0janvier, l\u2019espagnol a b\u00e9n\u00e9fici\u00e9 d\u2019un temps mort m\u00e9dical \u00e0\u00a04-4 dans la troisi\u00e8me manche, \u00e0 cause de douleurs \u00e0 sa jambe droite. Tr\u00e8s m\u00e9content de ce joker m\u00e9dical, son adversaire allemand s\u2019est alors emport\u00e9 sur le court.<\/p>\n<p>\u00ab\u00a0C\u2019est quoi, ces conneries\u00a0? Il ne peut pas prendre un temps mort m\u00e9dical, ce sont des crampes\u00a0!\u00a0\u00bb, a d\u2019abord l\u00e2ch\u00e9\u00a0Alexander Zverev, en s\u2019adressant au superviseur de la demi-finale. Le r\u00e8glement est clair, un joueur ne peut pas obtenir de temps mort m\u00e9dical pour des crampes, une douleur jug\u00e9e trop l\u00e9g\u00e8re.<\/p>\n<p class=\"std-elt__inline\">\n        <strong>\u00c0 lire aussi :<\/strong><br \/>\n        <a href=\"https:\/\/www.ladepeche.fr\/2026\/01\/30\/djokovic-sinner-en-demi-finale-de-lopen-daustralie-2026-a-quelle-heure-et-sur-quelle-chaine-suivre-le-choc-a-melbourne-13197347.php\" rel=\"nofollow noopener\" target=\"_blank\">Djokovic-Sinner en demi-finale de l\u2019Open d\u2019Australie 2026\u00a0: \u00e0 quelle heure et sur quelle cha\u00eene suivre le choc \u00e0 Melbourne<\/a>\n    <\/p>\n<p>Apr\u00e8s ces premi\u00e8res r\u00e9clamations, l\u2019Allemand a perdu son sang-froid en accusant Carlos Alcaraz et Jannik Sinner d\u2019\u00eatre favoris\u00e9s dans la comp\u00e9tition. \u00ab\u00a0C\u2019est absolument n\u2019importe quoi\u00a0! N\u2019importe quoi\u00a0! C\u2019est incroyable. Vous les prot\u00e9gez tous les deux. Ce n\u2019est pas possible. Vous n\u2019\u00eates pas s\u00e9rieux\u00a0\u00bb, a d\u00e9clar\u00e9 le num\u00e9ro\u00a03 mondial.<\/p>\n<blockquote data-class=\"twitter-tweet\">\n<p lang=\"en\" dir=\"ltr\">\\ud83d\\ude21 Zverev is FURIOUS at Alcaraz taking a medical timeout for what he thinks is cramp, says him and Sinner get \u2018protected\u2019 \\ud83d\\udc47 <\/p>\n<p>\u00ab\u00a0It&rsquo;s unbelievable that he gets treated for cramps, it\u2019s BS.<\/p>\n<p>\u201cYou are protecting these two guys all the time.\u201d <a href=\"https:\/\/t.co\/Xqq9xXADL9\" rel=\"nofollow\">pic.twitter.com\/Xqq9xXADL9<\/a><\/p>\n<p>\u2014 Olly Tennis \\ud83c\\udfbe \\ud83c\\uddec\\ud83c\\udde7 (@Olly_Tennis_) <a href=\"https:\/\/twitter.com\/Olly_Tennis_\/status\/2017123729935933721?ref_src=twsrc%5Etfw\" rel=\"nofollow noopener\" target=\"_blank\">January 30, 2026<\/a><\/p><\/blockquote>\n<p>Alexander Zverev faisait s\u00fbrement r\u00e9f\u00e9rence\u00a0\u00e0 la victoire de l\u2019Italien contre\u00a0Eliot Spizzirri au 3e tour.\u00a0Lors du 3e set, alors que Sinner \u00e9tait men\u00e9 3-1 et souffrait de terribles crampes, le match a \u00e9t\u00e9 <a href=\"https:\/\/www.ladepeche.fr\/2026\/01\/26\/favoritisme-john-mcenroe-denonce-un-coup-de-pouce-scandaleux-des-organisateurs-pour-jannik-sinner-a-lopen-daustralie-13188472.php\" target=\"_blank\" rel=\"nofollow noopener\">suspendu pendant une dizaine de minutes pour permettre la fermeture du toit<\/a>, en raison d\u2019une chaleur extr\u00eame. Mais ces dix minutes ont permis \u00e0 l\u2019Italien de r\u00e9cup\u00e9rer, et il a fini par se qualifier.<\/p>\n<p class=\"std-elt__inline\">\n        <strong>\u00c0 lire aussi :<\/strong><br \/>\n        <a href=\"https:\/\/www.ladepeche.fr\/2026\/01\/29\/video-genant-son-cri-est-juge-perturbant-aryna-sabalenka-est-sanctionnee-par-larbitre-qui-larrete-en-plein-point-a-lopen-daustralie-13195494.php\" rel=\"nofollow noopener\" target=\"_blank\">VID\u00c9O. \u00ab\u00a0G\u00eanant\u00a0\u00bb\u00a0: son cri est jug\u00e9 perturbant, Aryna Sabalenka est sanctionn\u00e9e par l\u2019arbitre qui l\u2019arr\u00eate en plein point \u00e0 l\u2019Open d\u2019Australie<\/a>\n    <\/p>\n<p>Au final, l\u2019Allemand s\u2019est inclin\u00e9 face au num\u00e9ro\u00a01 mondial apr\u00e8s un duel \u00e9prouvant de 5\u00a0heures et 27 minutes. Carlos Alcaraz l\u2019a emport\u00e9\u00a06-4, 7-6 [5], 6-7 [3], 6-7 [4], 7-5 et acc\u00e8de \u00e0 la finale de l\u2019Open d\u2019Australie pour la toute premi\u00e8re fois de sa carri\u00e8re \u00e0 22 ans.<\/p>\n<p>L\u2019espagnol affrontera Jannik Sinner ou Novak Djokovic en finale le dimanche 1er\u00a0f\u00e9vrier. Les deux joueurs sont en train de s\u2019affronter actuellement \u00e0 Melbourne.<\/p>\n<p>                                                                                                                                                                                                        <script async src=\"https:\/\/platform.twitter.com\/widgets.js\" charset=\"utf-8\"><\/script><\/p>\n","protected":false},"excerpt":{"rendered":"l&rsquo;essentiel M\u00e9content d\u2019un temps mort m\u00e9dical accord\u00e9 \u00e0 Carlos Alcaraz en demi-finale de l\u2019Open d\u2019Australie, Alexander Zverev a&hellip;\n","protected":false},"author":2,"featured_media":699939,"comment_status":"","ping_status":"","sticky":false,"template":"","format":"standard","meta":{"footnotes":""},"categories":[1415],"tags":[1011,27,517,60,1467],"class_list":{"0":"post-699938","1":"post","2":"type-post","3":"status-publish","4":"format-standard","5":"has-post-thumbnail","7":"category-tennis","8":"tag-fr","9":"tag-france","10":"tag-sport","11":"tag-sports","12":"tag-tennis"},"share_on_mastodon":{"url":"https:\/\/pubeurope.com\/@fr\/115984741467361298","error":""},"_links":{"self":[{"href":"https:\/\/www.europesays.com\/fr\/wp-json\/wp\/v2\/posts\/699938","targetHints":{"allow":["GET"]}}],"collection":[{"href":"https:\/\/www.europesays.com\/fr\/wp-json\/wp\/v2\/posts"}],"about":[{"href":"https:\/\/www.europesays.com\/fr\/wp-json\/wp\/v2\/types\/post"}],"author":[{"embeddable":true,"href":"https:\/\/www.europesays.com\/fr\/wp-json\/wp\/v2\/users\/2"}],"replies":[{"embeddable":true,"href":"https:\/\/www.europesays.com\/fr\/wp-json\/wp\/v2\/comments?post=699938"}],"version-history":[{"count":0,"href":"https:\/\/www.europesays.com\/fr\/wp-json\/wp\/v2\/posts\/699938\/revisions"}],"wp:featuredmedia":[{"embeddable":true,"href":"https:\/\/www.europesays.com\/fr\/wp-json\/wp\/v2\/media\/699939"}],"wp:attachment":[{"href":"https:\/\/www.europesays.com\/fr\/wp-json\/wp\/v2\/media?parent=699938"}],"wp:term":[{"taxonomy":"category","embeddable":true,"href":"https:\/\/www.europesays.com\/fr\/wp-json\/wp\/v2\/categories?post=699938"},{"taxonomy":"post_tag","embeddable":true,"href":"https:\/\/www.europesays.com\/fr\/wp-json\/wp\/v2\/tags?post=699938"}],"curies":[{"name":"wp","href":"https:\/\/api.w.org\/{rel}","templated":true}]}}