{"id":69994,"date":"2025-05-02T19:02:14","date_gmt":"2025-05-02T19:02:14","guid":{"rendered":"https:\/\/www.europesays.com\/fr\/69994\/"},"modified":"2025-05-02T19:02:14","modified_gmt":"2025-05-02T19:02:14","slug":"piastri-lance-le-week-end-norris-prive-de-reference","status":"publish","type":"post","link":"https:\/\/www.europesays.com\/fr\/69994\/","title":{"rendered":"Piastri lance le week-end, Norris priv\u00e9 de r\u00e9f\u00e9rence"},"content":{"rendered":"<p>Miami accueille le deuxi\u00e8me week-end sprint de la saison en F1, apr\u00e8s Shanghai. Cette s\u00e9ance d&rsquo;essais \u00e9tait donc l&rsquo;unique au programme, avant les qualifications sprint ce vendredi. Elle s&rsquo;est d\u00e9roul\u00e9e sous un ciel l\u00e9g\u00e8rement couvert mais avec une temp\u00e9rature d\u00e9j\u00e0 \u00e9lev\u00e9e, puisque l&rsquo;asphalte approchait des 40\u00b0C.<\/p>\n<p>Arriv\u00e9 \u00e0 Miami ce vendredi seulement, apr\u00e8s la naissance de sa fille, Max Verstappen n&rsquo;a montr\u00e9 aucun signe de d\u00e9concentration et il est vite entr\u00e9 dans le rythme, en \u00e9tant le premier \u00e0 faire un tour sous la barre des 1&rsquo;30. Plusieurs pilotes se sont ensuite succ\u00e9d\u00e9 en t\u00eate, dont George Russell, qui se plaignait pourtant d&rsquo;un comportement anormal de sa Mercedes.<\/p>\n<p>Lando Norris a de son c\u00f4t\u00e9 \u00e9t\u00e9 retard\u00e9, en devant repasser par la voie des stands apr\u00e8s son premier tour en piste, en raison d&rsquo;une lampe torche oubli\u00e9e par un m\u00e9canicien dans sa voiture\u00a0! Les commissaires de course ont convoqu\u00e9 un repr\u00e9sentant de McLaren pour faire la&#8230; lumi\u00e8re sur cet incident.<\/p>\n<p>Apr\u00e8s un quart d&rsquo;heure d&rsquo;importantes am\u00e9liorations, Russell pointait de nouveau en t\u00eate du classement. Rel\u00e9gu\u00e9 \u00e0 0&Prime;064, Norris a pris le pouvoir en repoussant son compatriote \u00e0 0&Prime;097. Russell a pu r\u00e9pliquer et se construire une avance de 0&Prime;333. Le pilote Mercedes s&rsquo;est fait une grosse frayeur avec une longue glissade au virage 14, mais il a finalement pu passer dans la chicane.<\/p>\n<p>Une fois les premiers relais termin\u00e9s, Mercedes avait ses deux pilotes en t\u00eate, avec Kimi Antonelli deuxi\u00e8me. Carlos Sainz \u00e9tait troisi\u00e8me devant Lando Norris, tandis qu&rsquo;Oscar Piastri \u00e9tait un discret huiti\u00e8me. Le leader du championnat est remont\u00e9 a quatri\u00e8me rang quand il a repris la piste.<\/p>\n<p>Apr\u00e8s la mi-s\u00e9ance, alors que les pilotes \u00e9taient au c\u0153ur de relais avec plus de carburant, Norris a d\u00fb faire une man\u0153uvre d&rsquo;\u00e9vitement derri\u00e8re Esteban Ocon, qui roulait \u00e0 vitesse r\u00e9duite. Les commissaires de course ont convoqu\u00e9 les deux pilotes, avec une audience un quart d&rsquo;heure apr\u00e8s la fin de la s\u00e9ance.<\/p>\n<p>Piastri prend le pouvoir avant le drapeau rouge<\/p>\n<p>Il a fallu attendre les dix derni\u00e8res minutes pour les pilotes abandonnent les pneus mediums et chaussent les tendres. Les pilotes Williams en ont profit\u00e9 pour se propulser en t\u00eate, avec Carlos Sainz devant Alex Albon. Max Verstappen n&rsquo;\u00e9tait plus que 14e mais ces gommes lui ont permis de reprendre la premi\u00e8re place, seulement 0&Prime;120 devant Sainz.<\/p>\n<p>Charles Leclerc a fait mieux, pour quelques instants seulement avant d&rsquo;\u00eatre d\u00e9log\u00e9 par Oscar Piastri, qui l&rsquo;a repouss\u00e9 \u00e0 plus de trois dixi\u00e8mes, en \u00e9tant le plus rapide dans les trois secteurs. On attendait une potentielle r\u00e9ponse de Lando Norris mais Oliver Bearman en a d\u00e9cid\u00e9 autrement, avec un t\u00eate-\u00e0-queue et un contact avec le mur au virage 12.<\/p>\n<p>Le drapeau rouge a \u00e9t\u00e9 d\u00e9ploy\u00e9, mettant fin \u00e0 la s\u00e9ance. Piastri a ainsi conserv\u00e9 la t\u00eate devant Leclerc, Verstappen et les pilotes Williams. Isack Hadjar a r\u00e9alis\u00e9 un encourageant sixi\u00e8me temps devant Russell. Yuki Tsunoda, Antonelli et Fernando Alonso ont compl\u00e9t\u00e9 un top 10 dont Norris a \u00e9t\u00e9 priv\u00e9, avec la 12e place. \u00c0 noter que les pilotes Mercedes n&rsquo;ont m\u00eame pas eu le temps de prendre les pneus tendres.<\/p>\n<p>Les pilotes reprendront la piste \u00e0 22h30 (heure fran\u00e7aise) pour les qualifications sprint.<\/p>\n<p>Lire aussi :<\/p>\n<p><img decoding=\"async\" class=\"ms-flag-img ms-flag-img_s2\" title=\"United States\" src=\"https:\/\/www.europesays.com\/fr\/wp-content\/uploads\/2025\/05\/us-3.svg.svg+xml\" alt=\"United States\" width=\"32\" loading=\"lazy\"\/>\u00a0GP de Miami &#8211; Essais Libres 1<\/p>\n<p>\u00a0<\/p>\n<p>Dans cet article<\/p>\n<p>    Vincent Lalanne-Sicaud\n<\/p>\n<p>    Formule 1\n<\/p>\n<p>Soyez le premier inform\u00e9 et souscrivez aux alertes mails pour recevoir les infos en temps r\u00e9el<\/p>\n<p>    S&rsquo;abonner aux alertes de news<\/p>\n","protected":false},"excerpt":{"rendered":"Miami accueille le deuxi\u00e8me week-end sprint de la saison en F1, apr\u00e8s Shanghai. Cette s\u00e9ance d&rsquo;essais \u00e9tait donc&hellip;\n","protected":false},"author":2,"featured_media":69995,"comment_status":"","ping_status":"","sticky":false,"template":"","format":"standard","meta":{"footnotes":""},"categories":[9],"tags":[1454,1011,27,16642,16643,60],"class_list":{"0":"post-69994","1":"post","2":"type-post","3":"status-publish","4":"format-standard","5":"has-post-thumbnail","7":"category-sports","8":"tag-formule-1","9":"tag-fr","10":"tag-france","11":"tag-gp-de-miami","12":"tag-miami-international-autodrome","13":"tag-sports"},"share_on_mastodon":{"url":"https:\/\/pubeurope.com\/@fr\/114439791790274655","error":""},"_links":{"self":[{"href":"https:\/\/www.europesays.com\/fr\/wp-json\/wp\/v2\/posts\/69994","targetHints":{"allow":["GET"]}}],"collection":[{"href":"https:\/\/www.europesays.com\/fr\/wp-json\/wp\/v2\/posts"}],"about":[{"href":"https:\/\/www.europesays.com\/fr\/wp-json\/wp\/v2\/types\/post"}],"author":[{"embeddable":true,"href":"https:\/\/www.europesays.com\/fr\/wp-json\/wp\/v2\/users\/2"}],"replies":[{"embeddable":true,"href":"https:\/\/www.europesays.com\/fr\/wp-json\/wp\/v2\/comments?post=69994"}],"version-history":[{"count":0,"href":"https:\/\/www.europesays.com\/fr\/wp-json\/wp\/v2\/posts\/69994\/revisions"}],"wp:featuredmedia":[{"embeddable":true,"href":"https:\/\/www.europesays.com\/fr\/wp-json\/wp\/v2\/media\/69995"}],"wp:attachment":[{"href":"https:\/\/www.europesays.com\/fr\/wp-json\/wp\/v2\/media?parent=69994"}],"wp:term":[{"taxonomy":"category","embeddable":true,"href":"https:\/\/www.europesays.com\/fr\/wp-json\/wp\/v2\/categories?post=69994"},{"taxonomy":"post_tag","embeddable":true,"href":"https:\/\/www.europesays.com\/fr\/wp-json\/wp\/v2\/tags?post=69994"}],"curies":[{"name":"wp","href":"https:\/\/api.w.org\/{rel}","templated":true}]}}