{"id":7000,"date":"2025-04-07T04:42:22","date_gmt":"2025-04-07T04:42:22","guid":{"rendered":"https:\/\/www.europesays.com\/fr\/7000\/"},"modified":"2025-04-07T04:42:22","modified_gmt":"2025-04-07T04:42:22","slug":"de-villup-a-boom-boom-villette-un-an-dune-metamorphose-payante-a-paris-liberation","status":"publish","type":"post","link":"https:\/\/www.europesays.com\/fr\/7000\/","title":{"rendered":"de Vill\u2019up \u00e0 Boom Boom Villette, un an d\u2019une m\u00e9tamorphose payante \u00e0 Paris \u2013 Lib\u00e9ration"},"content":{"rendered":"<p class=\"sc-cPiKLX AiZTS text-element\">\u00abCeux qui mangent, tant pis pour vous !\u00bb charrie l\u2019humoriste Nick Mukoko en amorce de la soir\u00e9e comedy club. Sur la sc\u00e8ne au milieu des 4 000 m\u00b2 d\u2019aire de restauration, il d\u00e9roule son stand-up face \u00e0 un parterre comble de plusieurs centaines de personnes venues rire pendant une heure. Autour, d\u2019autres poursuivent leur session de coworking ou entament leur <a href=\"https:\/\/www.liberation.fr\/debats\/2019\/12\/02\/d-ou-vient-le-mot-dating_1767103\/\" target=\"_blank\" rel=\"nofollow noopener\">date<\/a>. Et au sous-sol, un touriste s\u2019envoie en l\u2019air avec le simulateur de chute libre, non loin d\u2019un groupe d\u2019amis qui font le tour des bornes d\u2019arcade. Un soir de semaine classique pour les un an de Boom Boom Villette, ouvert en janvier 2024 dans le XIXe arrondissement de Paris.<\/p>\n<p class=\"sc-cPiKLX AiZTS text-element\">Car avant de devenir le plus grand food market et lieu de loisirs indoor parisien, cet espace de 25 000 m\u00b2 abritait \u00abVill\u2019up\u00bb, un ensemble de boutiques hupp\u00e9es, \u00abcon\u00e7u comme une rue parisienne tendance\u00bb pr\u00e9sentait au Parisien son directeur, St\u00e9phane Gerber, <a href=\"https:\/\/www.leparisien.fr\/paris-75\/paris-75019\/paris-vill-up-le-centre-commercial-qui-veut-faire-venir-les-bobos-a-la-villette-29-11-2016-6391971.php\" rel=\"nofollow noopener\" target=\"_blank\">en 2016<\/a>. Avec le recul, \u00abVill\u2019up n\u2019a pas trouv\u00e9 son public\u00bb reconna\u00eet Sacha Bansay, le directeur commercial d\u2019Apsys, le promoteur commercial qui g\u00e8re quatre autres adresses dans la capitale. Euph\u00e9misme pour d\u00e9crire des all\u00e9es vides o\u00f9 l\u2019on entendait un vendeur \u00e9ternuer \u00e0 l\u2019autre bout du centre c<\/p>\n","protected":false},"excerpt":{"rendered":"\u00abCeux qui mangent, tant pis pour vous !\u00bb charrie l\u2019humoriste Nick Mukoko en amorce de la soir\u00e9e comedy&hellip;\n","protected":false},"author":2,"featured_media":7001,"comment_status":"","ping_status":"","sticky":false,"template":"","format":"standard","meta":{"footnotes":""},"categories":[1888],"tags":[1111,1928,11,1927,413,1777,674,1011,27,12,1926,626,1925,25],"class_list":{"0":"post-7000","1":"post","2":"type-post","3":"status-publish","4":"format-standard","5":"has-post-thumbnail","7":"category-paris","8":"tag-actu","9":"tag-actu-paris","10":"tag-actualites","11":"tag-actualites-paris","12":"tag-ca-va-mieux-lisant","13":"tag-eu","14":"tag-europe","15":"tag-fr","16":"tag-france","17":"tag-news","18":"tag-news-paris","19":"tag-paris","20":"tag-paris-news","21":"tag-republique-francaise"},"share_on_mastodon":{"url":"https:\/\/pubeurope.com\/@fr\/114294852484822711","error":""},"_links":{"self":[{"href":"https:\/\/www.europesays.com\/fr\/wp-json\/wp\/v2\/posts\/7000","targetHints":{"allow":["GET"]}}],"collection":[{"href":"https:\/\/www.europesays.com\/fr\/wp-json\/wp\/v2\/posts"}],"about":[{"href":"https:\/\/www.europesays.com\/fr\/wp-json\/wp\/v2\/types\/post"}],"author":[{"embeddable":true,"href":"https:\/\/www.europesays.com\/fr\/wp-json\/wp\/v2\/users\/2"}],"replies":[{"embeddable":true,"href":"https:\/\/www.europesays.com\/fr\/wp-json\/wp\/v2\/comments?post=7000"}],"version-history":[{"count":0,"href":"https:\/\/www.europesays.com\/fr\/wp-json\/wp\/v2\/posts\/7000\/revisions"}],"wp:featuredmedia":[{"embeddable":true,"href":"https:\/\/www.europesays.com\/fr\/wp-json\/wp\/v2\/media\/7001"}],"wp:attachment":[{"href":"https:\/\/www.europesays.com\/fr\/wp-json\/wp\/v2\/media?parent=7000"}],"wp:term":[{"taxonomy":"category","embeddable":true,"href":"https:\/\/www.europesays.com\/fr\/wp-json\/wp\/v2\/categories?post=7000"},{"taxonomy":"post_tag","embeddable":true,"href":"https:\/\/www.europesays.com\/fr\/wp-json\/wp\/v2\/tags?post=7000"}],"curies":[{"name":"wp","href":"https:\/\/api.w.org\/{rel}","templated":true}]}}