{"id":70000,"date":"2025-05-02T19:05:03","date_gmt":"2025-05-02T19:05:03","guid":{"rendered":"https:\/\/www.europesays.com\/fr\/70000\/"},"modified":"2025-05-02T19:05:03","modified_gmt":"2025-05-02T19:05:03","slug":"le-gouvernement-americain-demande-a-une-juge-de-demanteler-lactivite-publicitaire-de-google-actualites","status":"publish","type":"post","link":"https:\/\/www.europesays.com\/fr\/70000\/","title":{"rendered":"Le gouvernement am\u00e9ricain demande \u00e0 une juge de d\u00e9manteler l&rsquo;activit\u00e9 publicitaire de Google : Actualit\u00e9s"},"content":{"rendered":"<p class=\"lead \">Le gouvernement am\u00e9ricain a r\u00e9clam\u00e9 vendredi le d\u00e9mantelement de l&rsquo;activit\u00e9 de Google dans la publicit\u00e9 en ligne \u00e0 la juge f\u00e9d\u00e9rale charg\u00e9e de d\u00e9terminer le sort du groupe, apr\u00e8s l&rsquo;avoir reconnu coupable de monopole.<\/p>\n<p class=\"lead \">La repr\u00e9sentante du minist\u00e8re de la Justice Julia Tarver Wood a fait valoir, lors d&rsquo;une audience \u00e0 Alexandria (Virginie), que la filiale d&rsquo;Alphabet avait d\u00e9j\u00e0 \u00ab\u00a0trouv\u00e9 des moyens de se soustraire \u00e0 la loi\u00a0\u00bb.<\/p>\n<p class=\"lead \">Laisser intact \u00ab\u00a0un monopoliste r\u00e9cidiviste\u00a0\u00bb ne permettrait donc pas, selon le minist\u00e8re public, de r\u00e9gler le probl\u00e8me pos\u00e9 par la position dominante de Google sur le march\u00e9 de la publicit\u00e9 num\u00e9rique.<\/p>\n<p class=\"lead \">L&rsquo;audience de vendredi \u00e9tait une \u00e9tape avant un nouveau proc\u00e8s pour d\u00e9terminer la peine inflig\u00e9e \u00e0 Google, qui doit se tenir fin septembre.<\/p>\n<p class=\"lead \">La juge Leonie Brinkema a estim\u00e9, dans sa d\u00e9cision rendue mi-avril, que le groupe de Mountain View (Californie) \u00e9tait bien en situation de monopole dans le domaine des logiciels de placement de publicit\u00e9s sur des sites en ligne ainsi que pour les plateformes mettant en relation annonceurs et \u00e9diteurs de site.<\/p>\n<p class=\"lead \">Le gouvernement souhaite que Google se s\u00e9pare de ces deux outils.<\/p>\n<p class=\"lead \">Dans un autre dossier, le juge f\u00e9d\u00e9ral de Washington Amit Mehta a d\u00e9termin\u00e9 que Google \u00e9tait en situation d&rsquo;abus de position dominante pour la recherche sur internet.<\/p>\n<p class=\"lead \">Un proc\u00e8s se tient actuellement pour d\u00e9terminer la peine impos\u00e9e au groupe. Dans cette affaire, le gouvernement demande, entre autres, la cession par Google de son navigateur Chrome.<\/p>\n<p class=\"lead \">\u00ab\u00a0Des modifications de comportement ne seraient pas suffisantes\u00a0\u00bb, a fait valoir Julia Tarver Wood, concernant la publicit\u00e9, \u00ab\u00a0car cela n&#8217;emp\u00eacherait pas Google de trouver d&rsquo;autres moyens de s&rsquo;assurer une position dominante\u00a0\u00bb.<\/p>\n<p class=\"lead \">Google a sugg\u00e9r\u00e9 lui de prendre des engagements consistant \u00e0 partager, avec annonceurs et \u00e9diteurs, des donn\u00e9es relatives \u00e0 ses plateformes.<\/p>\n<p class=\"lead \">L&rsquo;avocate du groupe, Karen Dunn, a pris acte des \u00ab\u00a0questions de cr\u00e9dibilit\u00e9\u00a0\u00bb visant Google dans le dossier et indiqu\u00e9 que l&rsquo;entreprise accepterait que la mise en oeuvre de ces engagements fasse l&rsquo;objet d&rsquo;une supervision.<\/p>\n<p class=\"lead \">La juge Brinkema a recommand\u00e9 aux parties de s&rsquo;accorder avant le proc\u00e8s, pour \u00e9viter des co\u00fbts et des d\u00e9lais suppl\u00e9mentaires.<\/p>\n<p class=\"small font-weight-bold text-gray3 \"> publi\u00e9 le 2 mai \u00e0 19h15, AFP<\/p>\n<p>                             Partager<\/p>\n","protected":false},"excerpt":{"rendered":"Le gouvernement am\u00e9ricain a r\u00e9clam\u00e9 vendredi le d\u00e9mantelement de l&rsquo;activit\u00e9 de Google dans la publicit\u00e9 en ligne \u00e0&hellip;\n","protected":false},"author":2,"featured_media":70001,"comment_status":"","ping_status":"","sticky":false,"template":"","format":"standard","meta":{"footnotes":""},"categories":[6],"tags":[35,350,33,34,1011,27,17221,4780,6819,17220,42],"class_list":{"0":"post-70000","1":"post","2":"type-post","3":"status-publish","4":"format-standard","5":"has-post-thumbnail","7":"category-economie","8":"tag-business","9":"tag-concurrence","10":"tag-economie","11":"tag-economy","12":"tag-fr","13":"tag-france","14":"tag-mobiles","15":"tag-procs","16":"tag-publicit","17":"tag-tlcoms","18":"tag-technologies"},"share_on_mastodon":{"url":"","error":""},"_links":{"self":[{"href":"https:\/\/www.europesays.com\/fr\/wp-json\/wp\/v2\/posts\/70000","targetHints":{"allow":["GET"]}}],"collection":[{"href":"https:\/\/www.europesays.com\/fr\/wp-json\/wp\/v2\/posts"}],"about":[{"href":"https:\/\/www.europesays.com\/fr\/wp-json\/wp\/v2\/types\/post"}],"author":[{"embeddable":true,"href":"https:\/\/www.europesays.com\/fr\/wp-json\/wp\/v2\/users\/2"}],"replies":[{"embeddable":true,"href":"https:\/\/www.europesays.com\/fr\/wp-json\/wp\/v2\/comments?post=70000"}],"version-history":[{"count":0,"href":"https:\/\/www.europesays.com\/fr\/wp-json\/wp\/v2\/posts\/70000\/revisions"}],"wp:featuredmedia":[{"embeddable":true,"href":"https:\/\/www.europesays.com\/fr\/wp-json\/wp\/v2\/media\/70001"}],"wp:attachment":[{"href":"https:\/\/www.europesays.com\/fr\/wp-json\/wp\/v2\/media?parent=70000"}],"wp:term":[{"taxonomy":"category","embeddable":true,"href":"https:\/\/www.europesays.com\/fr\/wp-json\/wp\/v2\/categories?post=70000"},{"taxonomy":"post_tag","embeddable":true,"href":"https:\/\/www.europesays.com\/fr\/wp-json\/wp\/v2\/tags?post=70000"}],"curies":[{"name":"wp","href":"https:\/\/api.w.org\/{rel}","templated":true}]}}