{"id":70016,"date":"2025-05-02T19:13:08","date_gmt":"2025-05-02T19:13:08","guid":{"rendered":"https:\/\/www.europesays.com\/fr\/70016\/"},"modified":"2025-05-02T19:13:08","modified_gmt":"2025-05-02T19:13:08","slug":"auteur-de-vols-de-velos-et-de-trottinettes-dans-louest-var-un-trentenaire-interpelle-a-la-seyne","status":"publish","type":"post","link":"https:\/\/www.europesays.com\/fr\/70016\/","title":{"rendered":"Auteur de vols de v\u00e9los et de trottinettes dans l\u2019ouest-Var, un trentenaire interpell\u00e9 \u00e0 La Seyne"},"content":{"rendered":"<p>En d\u00e9but de semaine, les policiers du commissariat de Sanary ont pris connaissance du vol d\u2019un deux-roues survenu sur le boulevard d\u2019Estienne D\u2019Orves. Un larcin qui s\u2019inscrivait dans la continuit\u00e9 de plusieurs vols de bicyclettes et de trottinettes commis dans le secteur depuis le d\u00e9but du mois d\u2019avril,<\/p>\n<p>Pour tenter d\u2019y mettre fin, les policiers ont exploit\u00e9 les images des cam\u00e9ras de vid\u00e9oprotection. Celles-ci leur ont permis de cerner un mode op\u00e9ratoire et d\u2019obtenir le signalement d\u2019un individu \u00e0 l\u2019origine de ces vols.<\/p>\n<p>Gr\u00e2ce \u00e0 ce signalement, expliquent les enqu\u00eateurs, un rapprochement a pu \u00eatre \u00e9tabli avec un homme en situation irr\u00e9guli\u00e8re, un Tunisien \u00e2g\u00e9 de 35 ans, d\u00e9j\u00e0 connu des services de police. Et ce car, \u00e0 l\u2019occasion d\u2019une pr\u00e9c\u00e9dente interpellation, il avait donn\u00e9 une fausse identit\u00e9 et une fausse adresse \u00e0 Toulon, mais il avait, en revanche, donn\u00e9 la vraie identit\u00e9 de sa compagne, une Seynoise de nationalit\u00e9 fran\u00e7aise \u00e2g\u00e9e de 30 ans.<\/p>\n<p>Les objets vol\u00e9s restitu\u00e9s aux victimes<\/p>\n<p>Les limiers ont donc effectu\u00e9 des recherches sur cette derni\u00e8re et ils ont fini par trouver son adresse dans la deuxi\u00e8me ville du Var. Ils se sont alors rendus au domicile de cette personne o\u00f9 ils l\u2019ont l\u2019interpell\u00e9e, ainsi que son compagnon. Tous deux avaient pourtant, relatent les policiers, tent\u00e9 de se dissimuler et de fuir.<\/p>\n<p>La perquisition qui a suivie la double interpellation a permis de mettre la main sur plusieurs objets vol\u00e9s et, ainsi, d\u2019\u00e9lucider d\u2019autres affaires en cours concernant au moins quatre vols de v\u00e9los ou de trottinettes \u00e9lectriques.<\/p>\n<p>Dans la foul\u00e9e, le parquet de Toulon a fait proc\u00e9der \u00e0 la restitution des objets vol\u00e9s aux victimes. Il a \u00e9galement d\u00e9cid\u00e9 d\u2019un classement sans suite pour le recel de vols \u00e0 l\u2019encontre de la compagne, tandis que l\u2019homme a \u00e9t\u00e9 conduit au centre de r\u00e9tention administrative de N\u00eemes.<\/p>\n","protected":false},"excerpt":{"rendered":"En d\u00e9but de semaine, les policiers du commissariat de Sanary ont pris connaissance du vol d\u2019un deux-roues survenu&hellip;\n","protected":false},"author":2,"featured_media":70017,"comment_status":"","ping_status":"","sticky":false,"template":"","format":"standard","meta":{"footnotes":""},"categories":[9619],"tags":[1111,11,1777,674,1011,27,12,882,25,2310,3366],"class_list":{"0":"post-70016","1":"post","2":"type-post","3":"status-publish","4":"format-standard","5":"has-post-thumbnail","7":"category-toulon","8":"tag-actu","9":"tag-actualites","10":"tag-eu","11":"tag-europe","12":"tag-fr","13":"tag-france","14":"tag-news","15":"tag-provence-alpes-cote-dazur","16":"tag-republique-francaise","17":"tag-toulon","18":"tag-vie-locale"},"share_on_mastodon":{"url":"https:\/\/pubeurope.com\/@fr\/114439835264033542","error":""},"_links":{"self":[{"href":"https:\/\/www.europesays.com\/fr\/wp-json\/wp\/v2\/posts\/70016","targetHints":{"allow":["GET"]}}],"collection":[{"href":"https:\/\/www.europesays.com\/fr\/wp-json\/wp\/v2\/posts"}],"about":[{"href":"https:\/\/www.europesays.com\/fr\/wp-json\/wp\/v2\/types\/post"}],"author":[{"embeddable":true,"href":"https:\/\/www.europesays.com\/fr\/wp-json\/wp\/v2\/users\/2"}],"replies":[{"embeddable":true,"href":"https:\/\/www.europesays.com\/fr\/wp-json\/wp\/v2\/comments?post=70016"}],"version-history":[{"count":0,"href":"https:\/\/www.europesays.com\/fr\/wp-json\/wp\/v2\/posts\/70016\/revisions"}],"wp:featuredmedia":[{"embeddable":true,"href":"https:\/\/www.europesays.com\/fr\/wp-json\/wp\/v2\/media\/70017"}],"wp:attachment":[{"href":"https:\/\/www.europesays.com\/fr\/wp-json\/wp\/v2\/media?parent=70016"}],"wp:term":[{"taxonomy":"category","embeddable":true,"href":"https:\/\/www.europesays.com\/fr\/wp-json\/wp\/v2\/categories?post=70016"},{"taxonomy":"post_tag","embeddable":true,"href":"https:\/\/www.europesays.com\/fr\/wp-json\/wp\/v2\/tags?post=70016"}],"curies":[{"name":"wp","href":"https:\/\/api.w.org\/{rel}","templated":true}]}}