{"id":700387,"date":"2026-01-30T19:47:15","date_gmt":"2026-01-30T19:47:15","guid":{"rendered":"https:\/\/www.europesays.com\/fr\/700387\/"},"modified":"2026-01-30T19:47:15","modified_gmt":"2026-01-30T19:47:15","slug":"lile-de-france-degaine-lacte-2-de-son-plan-sante","status":"publish","type":"post","link":"https:\/\/www.europesays.com\/fr\/700387\/","title":{"rendered":"L&rsquo;\u00cele-de-France d\u00e9gaine l&rsquo;Acte 2 de son Plan Sant\u00e9"},"content":{"rendered":"<p><img decoding=\"async\" class=\"\" style=\"width:100%\" src=\"https:\/\/www.europesays.com\/fr\/wp-content\/uploads\/2026\/01\/vignette_PRS1686245560048.jpg\" alt=\"Projet r\u00e9gional de sant\u00e9 2023-2028\"\/><\/p>\n<p>Projet r\u00e9gional de sant\u00e9 2023-2028<\/p>\n<p>Cr\u00e9dit : ARS Ile-de-France<\/p>\n<p lang=\"fr-FR\" style=\"margin-bottom: 0cm; font-style: normal;\">La R\u00e9gion a adopt\u00e9, jeudi 29 janvier, l\u2019\u00ab Acte 2 \u00bb de son Plan sant\u00e9 pour renforcer l\u2019acc\u00e8s aux soins face \u00e0 des tensions persistantes. Dot\u00e9 de 5 millions d\u2019euros, ce volet vise \u00e0 attirer davantage de soignants, am\u00e9liorer leurs conditions d\u2019exercice et garantir une couverture m\u00e9dicale sur l\u2019ensemble du territoire. Il pr\u00e9voit notamment un bonus \u00e0 l\u2019installation pouvant atteindre 10.000 euros pour diff\u00e9rents praticiens (infirmiers, m\u00e9decins g\u00e9n\u00e9ralistes, sages-femmes et kin\u00e9sith\u00e9rapeutes) s\u2019installant dans les territoires les plus fragiles. Le plan int\u00e8gre aussi un volet s\u00e9curit\u00e9, avec des aides allant jusqu\u2019\u00e0 15.000 euros pour s\u00e9curiser les cabinets m\u00e9dicaux.<\/p>\n<p lang=\"fr-FR\" style=\"margin-bottom: 0cm; font-style: normal;\">\u00a0<\/p>\n<p lang=\"fr-FR\" style=\"margin-bottom: 0cm;\">Nicolas Chacun<\/p>\n<p>!function(f,b,e,v,n,t,s){if(f.fbq)return;n=f.fbq=function(){n.callMethod?<br \/>\nn.callMethod.apply(n,arguments):n.queue.push(arguments)};if(!f._fbq)f._fbq=n;<br \/>\nn.push=n;n.loaded=!0;n.version=&rsquo;2.0&prime;;n.queue=[];t=b.createElement(e);t.async=!0;<br \/>\nt.src=v;s=b.getElementsByTagName(e)[0];s.parentNode.insertBefore(t,s)}(window,<br \/>\ndocument,&rsquo;script&rsquo;,&rsquo;https:\/\/connect.facebook.net\/en_US\/fbevents.js&rsquo;);<br \/>\nfbq(&lsquo;init&rsquo;, &lsquo;278974969201861&rsquo;); \/\/ Insert your pixel ID here.<br \/>\nfbq(&lsquo;track&rsquo;, &lsquo;PageView&rsquo;);<\/p>\n","protected":false},"excerpt":{"rendered":"Projet r\u00e9gional de sant\u00e9 2023-2028 Cr\u00e9dit : ARS Ile-de-France La R\u00e9gion a adopt\u00e9, jeudi 29 janvier, l\u2019\u00ab Acte&hellip;\n","protected":false},"author":2,"featured_media":700388,"comment_status":"","ping_status":"","sticky":false,"template":"","format":"standard","meta":{"footnotes":""},"categories":[1592],"tags":[1111,11,1933,1936,1777,1939,674,1011,27,662,1934,12,1940,626,1935,25,1937,1941,1938],"class_list":{"0":"post-700387","1":"post","2":"type-post","3":"status-publish","4":"format-standard","5":"has-post-thumbnail","7":"category-ile-de-france","8":"tag-actu","9":"tag-actualites","10":"tag-actualites-locales","11":"tag-essonne","12":"tag-eu","13":"tag-eure-et-loir","14":"tag-europe","15":"tag-fr","16":"tag-france","17":"tag-ile-de-france","18":"tag-infos-locales","19":"tag-news","20":"tag-oise","21":"tag-paris","22":"tag-pres-de-chez-vous","23":"tag-republique-francaise","24":"tag-seine-et-marne","25":"tag-somme","26":"tag-yvelines"},"share_on_mastodon":{"url":"https:\/\/pubeurope.com\/@fr\/115985779609411830","error":""},"_links":{"self":[{"href":"https:\/\/www.europesays.com\/fr\/wp-json\/wp\/v2\/posts\/700387","targetHints":{"allow":["GET"]}}],"collection":[{"href":"https:\/\/www.europesays.com\/fr\/wp-json\/wp\/v2\/posts"}],"about":[{"href":"https:\/\/www.europesays.com\/fr\/wp-json\/wp\/v2\/types\/post"}],"author":[{"embeddable":true,"href":"https:\/\/www.europesays.com\/fr\/wp-json\/wp\/v2\/users\/2"}],"replies":[{"embeddable":true,"href":"https:\/\/www.europesays.com\/fr\/wp-json\/wp\/v2\/comments?post=700387"}],"version-history":[{"count":0,"href":"https:\/\/www.europesays.com\/fr\/wp-json\/wp\/v2\/posts\/700387\/revisions"}],"wp:featuredmedia":[{"embeddable":true,"href":"https:\/\/www.europesays.com\/fr\/wp-json\/wp\/v2\/media\/700388"}],"wp:attachment":[{"href":"https:\/\/www.europesays.com\/fr\/wp-json\/wp\/v2\/media?parent=700387"}],"wp:term":[{"taxonomy":"category","embeddable":true,"href":"https:\/\/www.europesays.com\/fr\/wp-json\/wp\/v2\/categories?post=700387"},{"taxonomy":"post_tag","embeddable":true,"href":"https:\/\/www.europesays.com\/fr\/wp-json\/wp\/v2\/tags?post=700387"}],"curies":[{"name":"wp","href":"https:\/\/api.w.org\/{rel}","templated":true}]}}