{"id":700517,"date":"2026-01-30T21:26:15","date_gmt":"2026-01-30T21:26:15","guid":{"rendered":"https:\/\/www.europesays.com\/fr\/700517\/"},"modified":"2026-01-30T21:26:15","modified_gmt":"2026-01-30T21:26:15","slug":"un-depute-ukrainien-estime-que-les-athletes-russes-devraient-etre-exclus-jusqua-la-fin-de-cette-guerre","status":"publish","type":"post","link":"https:\/\/www.europesays.com\/fr\/700517\/","title":{"rendered":"Un d\u00e9put\u00e9 ukrainien estime que les athl\u00e8tes russes \u00ab\u00a0devraient \u00eatre exclus jusqu&rsquo;\u00e0 la fin de cette guerre\u00a0\u00bb"},"content":{"rendered":"<p class=\"ap-StoryElement ap-StoryElement--mb ap-StoryText\">Selon lui, aucun athl\u00e8te russe, sous banni\u00e8re neutre ou non, ne devrait \u00eatre autoris\u00e9 \u00e0 participer \u00e0 des comp\u00e9titions sportives. \u00ab\u00a0Pour nous, c&rsquo;est absurde et ils devraient \u00eatre exclus jusqu&rsquo;\u00e0 la fin de cette guerre\u00a0\u00bb, a-t-il fait savoir aupr\u00e8s de nos confr\u00e8res de <a href=\"https:\/\/rmcsport.bfmtv.com\/jeux-olympiques\/chaque-jour-l-armee-russe-tue-nos-citoyens-le-vibrant-appel-de-zhan-beleniuk-champion-olympique-de-lutte-et-depute-ukrainien-pour-la-non-reintegration-des-sportifs-russes_AV-202601300677.html\" target=\"_self\" rel=\"noopener\">RMC Sport<\/a>.<\/p>\n<p><a href=\"https:\/\/www.lalibre.be\/sports\/omnisports\/jeux-olympiques\/2025\/09\/19\/jo-2026-les-russes-admis-sous-drapeau-neutre-comme-a-paris-QGC6PTLLZ5CSXGEDBD7AYEEWM4\/\" target=\"_self\" class=\"ap-StoryInterstitialLink ap-StoryElement ap-StoryElement--mb\" rel=\"noopener\">JO-2026: les Russes admis sous drapeau neutre<\/a>Trump, une personne impr\u00e9visible<\/p>\n<p class=\"ap-StoryElement ap-StoryElement--mb ap-StoryText\">L&rsquo;Ukraine n&rsquo;est toujours pas qualifi\u00e9e, mais la prochaine Coupe du monde se tiendra en partie aux \u00c9tats-Unis, et le d\u00e9put\u00e9 pointe du doigt l&rsquo;attitude de Donald Trump face \u00e0 la Russie. Le m\u00e9daill\u00e9 estime que le pr\u00e9sident am\u00e9ricain adopte une position prudente face au Kremlin. \u00ab\u00a0Donald Trump est une personne tr\u00e8s impr\u00e9visible (&#8230;) Et je ne connais pas son comportement futur. Mais les athl\u00e8tes ukrainiens, comme un joueur de football, un joueur de hockey, un joueur de basket ou un sportif individuel, n&rsquo;ont qu&rsquo;une chose \u00e0 faire : soutenir l&rsquo;Ukraine quand m\u00eame.\u00a0\u00bb<\/p>\n<p class=\"ap-StoryElement ap-StoryElement--mb ap-StoryText\">\u00ab\u00a0Chaque jour, l&rsquo;arm\u00e9e russe tue nos citoyens, continue de s&#8217;emparer de notre territoire et commet des actes terroristes (&#8230;) Les Russes ont d\u00e9truit une grande partie de nos infrastructures de chauffage et d&rsquo;\u00e9lectricit\u00e9, et maintenant beaucoup de familles se retrouvent sans chauffage. Je dois vivre chez ma m\u00e8re parce que dans mon appartement \u00e0 Kiev, la temp\u00e9rature est autour de 8-10\u202f\u00b0C. Moi, je vis seul. Mais qu&rsquo;en est-il des familles avec de jeunes enfants ? C&rsquo;est donc comme un acte terroriste\u00a0\u00bb, d\u00e9nonce le d\u00e9put\u00e9.<\/p>\n","protected":false},"excerpt":{"rendered":"Selon lui, aucun athl\u00e8te russe, sous banni\u00e8re neutre ou non, ne devrait \u00eatre autoris\u00e9 \u00e0 participer \u00e0 des&hellip;\n","protected":false},"author":2,"featured_media":700518,"comment_status":"","ping_status":"","sticky":false,"template":"","format":"standard","meta":{"footnotes":""},"categories":[1590],"tags":[11,79454,1977,3286,37790,19564,10006,8195,19570,51389,1777,674,20017,57483,42575,35535,19975,29383,33987,79455,303,51390,55001,21438,79456,12,79457,57491,51391,1072,79458,6543,51393,4846,3532,19586,10364,79459,3737,19587,79460,79461,3845,19590,2032,33993,2803,15269,79462,220,10032,15270,9496],"class_list":{"0":"post-700517","1":"post","2":"type-post","3":"status-publish","4":"format-standard","5":"has-post-thumbnail","7":"category-ukraine","8":"tag-actualites","9":"tag-arrested","10":"tag-auto","11":"tag-blue","12":"tag-brand","13":"tag-car","14":"tag-city","15":"tag-editorial","16":"tag-emergency","17":"tag-enforcement","18":"tag-eu","19":"tag-europe","20":"tag-force","21":"tag-guard","22":"tag-guardian","23":"tag-incident","24":"tag-intervention","25":"tag-italian","26":"tag-italy","27":"tag-judicial","28":"tag-justice","29":"tag-law","30":"tag-legal","31":"tag-logo","32":"tag-nationality","33":"tag-news","34":"tag-offence","35":"tag-officer","36":"tag-patrol","37":"tag-police","38":"tag-polizia","39":"tag-prevention","40":"tag-protect","41":"tag-protection","42":"tag-public","43":"tag-safety","44":"tag-security","45":"tag-serve","46":"tag-service","47":"tag-sign","48":"tag-squad","49":"tag-sticker","50":"tag-street","51":"tag-symbol","52":"tag-text","53":"tag-town","54":"tag-transport","55":"tag-transportation","56":"tag-trooper","57":"tag-ukraine","58":"tag-urban","59":"tag-vehicle","60":"tag-white"},"share_on_mastodon":{"url":"","error":"Validation failed: Text character limit of 500 exceeded"},"_links":{"self":[{"href":"https:\/\/www.europesays.com\/fr\/wp-json\/wp\/v2\/posts\/700517","targetHints":{"allow":["GET"]}}],"collection":[{"href":"https:\/\/www.europesays.com\/fr\/wp-json\/wp\/v2\/posts"}],"about":[{"href":"https:\/\/www.europesays.com\/fr\/wp-json\/wp\/v2\/types\/post"}],"author":[{"embeddable":true,"href":"https:\/\/www.europesays.com\/fr\/wp-json\/wp\/v2\/users\/2"}],"replies":[{"embeddable":true,"href":"https:\/\/www.europesays.com\/fr\/wp-json\/wp\/v2\/comments?post=700517"}],"version-history":[{"count":0,"href":"https:\/\/www.europesays.com\/fr\/wp-json\/wp\/v2\/posts\/700517\/revisions"}],"wp:featuredmedia":[{"embeddable":true,"href":"https:\/\/www.europesays.com\/fr\/wp-json\/wp\/v2\/media\/700518"}],"wp:attachment":[{"href":"https:\/\/www.europesays.com\/fr\/wp-json\/wp\/v2\/media?parent=700517"}],"wp:term":[{"taxonomy":"category","embeddable":true,"href":"https:\/\/www.europesays.com\/fr\/wp-json\/wp\/v2\/categories?post=700517"},{"taxonomy":"post_tag","embeddable":true,"href":"https:\/\/www.europesays.com\/fr\/wp-json\/wp\/v2\/tags?post=700517"}],"curies":[{"name":"wp","href":"https:\/\/api.w.org\/{rel}","templated":true}]}}