{"id":700686,"date":"2026-01-30T23:09:11","date_gmt":"2026-01-30T23:09:11","guid":{"rendered":"https:\/\/www.europesays.com\/fr\/700686\/"},"modified":"2026-01-30T23:09:11","modified_gmt":"2026-01-30T23:09:11","slug":"limpressionnant-decrochage-de-la-france-en-europe","status":"publish","type":"post","link":"https:\/\/www.europesays.com\/fr\/700686\/","title":{"rendered":"l\u2019impressionnant d\u00e9crochage de la France en Europe"},"content":{"rendered":"<p>\n    <strong>D\u00c9CRYPTAGE &#8211;<\/strong> Longtemps parmi les pays les plus prosp\u00e8res du continent, la France est d\u00e9sormais pass\u00e9e sous la moyenne europ\u00e9enne en termes de PIB par habitant. Un d\u00e9crochage progressif, qui s\u2019est acc\u00e9l\u00e9r\u00e9 au cours de la derni\u00e8re d\u00e9cennie.<\/p>\n<p class=\"fig-paragraph\">En Europe, \u00eatre fran\u00e7ais ne garantit plus d\u2019\u00eatre mieux loti que le citoyen moyen. C\u2019est m\u00eame l\u2019inverse, comme le montrent les\u00a0<a href=\"https:\/\/ec.europa.eu\/eurostat\/databrowser\/view\/tec00114\/default\/table?lang=fr\" target=\"_blank\" rel=\"sponsored noopener nofollow\" data-gtm-custom-categorie=\"navigation\" data-gtm-custom-action=\"crossclick\" data-gtm-custom-label=\"Contextuel\" data-gtm-event=\"customEventSPE\">derni\u00e8res estimations<\/a>\u00a0de l\u2019agence europ\u00e9enne des statistiques Eurostat\u00a0: en 2024, le produit int\u00e9rieur brut (PIB) par habitant de la France \u00e9tait inf\u00e9rieur de 2\u00a0% \u00e0 la moyenne des 27\u00a0pays de l\u2019UE. Le constat est s\u00e9v\u00e8re pour un pays qui fut longtemps l\u2019un des\u00a0<a href=\"http:\/\/www.lefigaro.fr\/vox\/economie\/bertille-bayart-la-france-ce-pays-appauvri-qui-s-invente-des-problemes-de-riches-20251014\" data-fig-type=\"Article\" data-gtm-custom-categorie=\"navigation\" data-gtm-custom-action=\"crossclick\" data-gtm-custom-label=\"Contextuel\" data-gtm-event=\"customEventSPE\" data-fig-domain=\"LEFIGARO\" rel=\"nofollow noopener\" target=\"_blank\">plus prosp\u00e8res du continent<\/a>, mais il n\u2019est pas nouveau\u00a0: cela fait trois ans, depuis 2022, que l\u2019Hexagone a bascul\u00e9 dans la partie inf\u00e9rieure de ce classement, au terme d\u2019une d\u00e9cennie de d\u00e9crochage progressif. Quelles sont les raisons de cette paup\u00e9risation\u00a0?<\/p>\n<p class=\"fig-paragraph\">Pour commencer, il ne s\u2019agit pas d\u2019un chiffre abstrait. \u00ab\u00a0Ce classement est exprim\u00e9 en parit\u00e9 de pouvoir d\u2019achat, c\u2019est-\u00e0-dire en prenant en compte les diff\u00e9rences de prix entre pays, d\u00e9taille \u00c9ric Dor, directeur des \u00e9tudes \u00e9conomiques \u00e0 l\u2019Ieseg School of Management. Il permet donc de comparer le\u00a0<a href=\"http:\/\/www.lefigaro.fr\/politique\/montants-des-pensions-niveaux-de-vie-les-retraites-ne-sont-pas-les-vaches-a-lait-qu-on-imagine-20250424\" data-fig-type=\"Article\" data-gtm-custom-categorie=\"navigation\" data-gtm-custom-action=\"crossclick\" data-gtm-custom-label=\"Contextuel\" data-gtm-event=\"customEventSPE\" data-fig-domain=\"LEFIGARO\" rel=\"nofollow noopener\" target=\"_blank\">niveau de vie<\/a> \u00a0r\u00e9el de la population.\u00a0\u00bb<\/p>\n<p class=\"fig-premium-paywall__infos\">\n        Cet article est r\u00e9serv\u00e9 aux abonn\u00e9s.        Il vous reste 81% \u00e0 d\u00e9couvrir.\n    <\/p>\n<p>                <img  data- alt=\"Le Figaro\" class=\"fig-img--complete fig-img\"\/><\/p>\n<p class=\"fig-premium-paywall__title\">Derniers jours<\/p>\n<p class=\"fig-premium-paywall__subtitle\">6,49\u20ac par mois pendant 12 mois<\/p>\n<p class=\"fig-premium-paywall__connect\">\n                D\u00e9j\u00e0 abonn\u00e9\u00a0?                <a class=\"fig-premium-paywall__connect-link\" href=\"https:\/\/connect.lefigaro.fr\/login?client=horizon_web&amp;type=main&amp;redirect_uri=https%3A%2F%2Fwww.lefigaro.fr%2Fconjoncture%2Fplus-pauvre-que-chypre-ou-la-belgique-l-impressionnant-decrochage-de-la-france-en-europe-20260130\" data-js-gtm=\"{&quot;customCategorie&quot;: &quot;conversion&quot;, &quot;customAction&quot;: &quot;before_Landing_Connexion_paywall_auto&quot;, &quot;customLabel&quot;: &quot;bGVmaWdhcm8uZnJfXzFmMGZkZjAzLTY2ZmItNjhhYy04OTljLTQxNmYyYTU0MjBjZl9fQXJ0aWNsZQ==_Plus pauvre que Chypre ou la Belgique\u00a0: l\u2019impressionnant d\u00e9crochage de la France en Europe_341&quot;, &quot;customIDSPE&quot;: &quot;bGVmaWdhcm8uZnJfXzFmMGZkZjAzLTY2ZmItNjhhYy04OTljLTQxNmYyYTU0MjBjZl9fQXJ0aWNsZQ==&quot;, &quot;event&quot;: &quot;customEventSPE&quot;}\" rel=\"nofollow noopener\" target=\"_blank\"><br \/>\n                    Connectez-vous<br \/>\n                <\/a>\n            <\/p>\n","protected":false},"excerpt":{"rendered":"D\u00c9CRYPTAGE &#8211; Longtemps parmi les pays les plus prosp\u00e8res du continent, la France est d\u00e9sormais pass\u00e9e sous la&hellip;\n","protected":false},"author":2,"featured_media":700687,"comment_status":"","ping_status":"","sticky":false,"template":"","format":"standard","meta":{"footnotes":"","_share_on_mastodon":"0"},"categories":[4],"tags":[11,913,1011,27,12,439,25,364],"class_list":["post-700686","post","type-post","status-publish","format-standard","has-post-thumbnail","category-france","tag-actualites","tag-croissance","tag-fr","tag-france","tag-news","tag-niveau-de-vie","tag-republique-francaise","tag-union-europeenne"],"share_on_mastodon":{"url":"https:\/\/pubeurope.com\/@fr\/115986573794737713","error":""},"_links":{"self":[{"href":"https:\/\/www.europesays.com\/fr\/wp-json\/wp\/v2\/posts\/700686","targetHints":{"allow":["GET"]}}],"collection":[{"href":"https:\/\/www.europesays.com\/fr\/wp-json\/wp\/v2\/posts"}],"about":[{"href":"https:\/\/www.europesays.com\/fr\/wp-json\/wp\/v2\/types\/post"}],"author":[{"embeddable":true,"href":"https:\/\/www.europesays.com\/fr\/wp-json\/wp\/v2\/users\/2"}],"replies":[{"embeddable":true,"href":"https:\/\/www.europesays.com\/fr\/wp-json\/wp\/v2\/comments?post=700686"}],"version-history":[{"count":0,"href":"https:\/\/www.europesays.com\/fr\/wp-json\/wp\/v2\/posts\/700686\/revisions"}],"wp:featuredmedia":[{"embeddable":true,"href":"https:\/\/www.europesays.com\/fr\/wp-json\/wp\/v2\/media\/700687"}],"wp:attachment":[{"href":"https:\/\/www.europesays.com\/fr\/wp-json\/wp\/v2\/media?parent=700686"}],"wp:term":[{"taxonomy":"category","embeddable":true,"href":"https:\/\/www.europesays.com\/fr\/wp-json\/wp\/v2\/categories?post=700686"},{"taxonomy":"post_tag","embeddable":true,"href":"https:\/\/www.europesays.com\/fr\/wp-json\/wp\/v2\/tags?post=700686"}],"curies":[{"name":"wp","href":"https:\/\/api.w.org\/{rel}","templated":true}]}}