{"id":70078,"date":"2025-05-02T19:45:08","date_gmt":"2025-05-02T19:45:08","guid":{"rendered":"https:\/\/www.europesays.com\/fr\/70078\/"},"modified":"2025-05-02T19:45:08","modified_gmt":"2025-05-02T19:45:08","slug":"ces-francais-dont-vladimir-poutine-salue-lengagement-aux-cotes-de-la-russie","status":"publish","type":"post","link":"https:\/\/www.europesays.com\/fr\/70078\/","title":{"rendered":"ces Fran\u00e7ais dont Vladimir Poutine salue l\u2019engagement aux c\u00f4t\u00e9s de la Russie"},"content":{"rendered":"<p><strong>D\u00c9CRYPTAGE &#8211;<\/strong> Le pr\u00e9sident russe a rendu hommage \u00e0 des volontaires qui pr\u00e9tendent annexer l\u2019h\u00e9ritage de l\u2019escadrille Normandie-Ni\u00e9men.<\/p>\n<p class=\"fig-paragraph\">Une poign\u00e9e de volontaires fran\u00e7ais se bat aux c\u00f4t\u00e9s de l\u2019arm\u00e9e russe en Ukraine. Le nom qu\u2019ils ont donn\u00e9 \u00e0 leur groupe, Normandie-Ni\u00e9men, reprend celui de la c\u00e9l\u00e8bre escadrille de chasse d\u00e9p\u00each\u00e9e par le g\u00e9n\u00e9ral de Gaulle sur le front de l\u2019Est, et qui combattit dans les airs avec l\u2019Arm\u00e9e rouge durant la Seconde Guerre mondiale. L\u2019information \u00e9tait d\u00e9j\u00e0 connue mais elle a \u00e9t\u00e9 officialis\u00e9e mercredi dernier par\u00a0<a href=\"http:\/\/www.lefigaro.fr\/international\/ukraine-la-fausse-treve-de-vladimir-poutine-pour-paques-20250420\" data-fig-type=\"Article\" data-gtm-custom-categorie=\"navigation\" data-gtm-custom-action=\"crossclick\" data-gtm-custom-label=\"Contextuel\" data-gtm-event=\"customEventSPE\" data-fig-domain=\"LEFIGARO\" rel=\"nofollow noopener\" target=\"_blank\">Vladimir Poutine<\/a>, qui a rendu hommage \u00e0 ces soldats de fortune dont le nombre ne d\u00e9passerait pas quelques dizaines.<\/p>\n<p class=\"fig-paragraph\">\u00ab\u00a0<a href=\"http:\/\/www.lefigaro.fr\/international\/guerre-en-ukraine-vladimir-poutine-affirme-que-des-citoyens-francais-se-battent-aux-cotes-de-la-russie-20250430\" data-fig-type=\"NewsFlash\" data-gtm-custom-categorie=\"navigation\" data-gtm-custom-action=\"crossclick\" data-gtm-custom-label=\"Contextuel\" data-gtm-event=\"customEventSPE\" data-fig-domain=\"LEFIGARO\" rel=\"nofollow noopener\" target=\"_blank\">Certains citoyens\u00a0fran\u00e7ais\u00a0combattent dans la zone<\/a> \u00a0SVO (l\u2019\u00ab\u00a0op\u00e9ration militaire sp\u00e9ciale\u00a0\u00bb, d\u00e9signant la guerre en Ukraine, NDLR) aux c\u00f4t\u00e9s de la Russie, baptisant leur unit\u00e9 \u201cNormandie-Ni\u00e9men\u201d\u00a0\u00bb, a pr\u00e9cis\u00e9 le chef du Kremlin, cit\u00e9 par RIA Novosti. \u00ab\u00a0Il y a toujours eu en France des gens qui partagent les valeurs de la Russie. De tels citoyens existent encore aujourd\u2019hui\u00a0\u00bb, a poursuivi le pr\u00e9sident russe. \u00c0 quelques jours des c\u00e9r\u00e9monies du 80e\u00a0anniversaire\u2026<\/p>\n<p class=\"fig-premium-paywall__infos\">\n        Cet article est r\u00e9serv\u00e9 aux abonn\u00e9s.        Il vous reste 82% \u00e0 d\u00e9couvrir.\n    <\/p>\n<p>                <img  data- alt=\"Le Figaro\" class=\"fig-img--complete fig-img\"\/><\/p>\n<p class=\"fig-premium-paywall__title\">Je m&rsquo;informe, je m&rsquo;inspire, je m&rsquo;abonne.<\/p>\n<p class=\"fig-premium-paywall__subtitle\">D\u00e9couvrez notre offre de bienvenue.<\/p>\n<p class=\"fig-premium-paywall__connect\">\n                D\u00e9j\u00e0 abonn\u00e9\u00a0?                <a class=\"fig-premium-paywall__connect-link\" href=\"https:\/\/connect.lefigaro.fr\/login?client=horizon_web&amp;type=main&amp;redirect_uri=https%3A%2F%2Fwww.lefigaro.fr%2Finternational%2Fnous-sommes-dans-la-meme-equipe-ces-francais-dont-vladimir-poutine-salue-l-engagement-aux-cotes-de-la-russie-20250502\" data-js-gtm=\"{&quot;customCategorie&quot;: &quot;conversion&quot;, &quot;customAction&quot;: &quot;before_Landing_Connexion_paywall_auto&quot;, &quot;customLabel&quot;: &quot;bGVmaWdhcm8uZnJfXzFmMDI3NGE1LTE5MmQtNjI1ZS1iOWYzLThkZDc0MTZiYzFlN19fQXJ0aWNsZQ==_\u00abNous sommes dans la m\u00eame \u00e9quipe\u00bb\u00a0: ces Fran\u00e7ais dont Vladimir Poutine salue l\u2019engagement aux c\u00f4t\u00e9s de la Russie_473&quot;, &quot;customIDSPE&quot;: &quot;bGVmaWdhcm8uZnJfXzFmMDI3NGE1LTE5MmQtNjI1ZS1iOWYzLThkZDc0MTZiYzFlN19fQXJ0aWNsZQ==&quot;, &quot;event&quot;: &quot;customEventSPE&quot;}\" rel=\"nofollow noopener\" target=\"_blank\"><br \/>\n                    Connectez-vous<br \/>\n                <\/a>\n            <\/p>\n","protected":false},"excerpt":{"rendered":"D\u00c9CRYPTAGE &#8211; Le pr\u00e9sident russe a rendu hommage \u00e0 des volontaires qui pr\u00e9tendent annexer l\u2019h\u00e9ritage de l\u2019escadrille Normandie-Ni\u00e9men.&hellip;\n","protected":false},"author":2,"featured_media":70079,"comment_status":"","ping_status":"","sticky":false,"template":"","format":"standard","meta":{"footnotes":""},"categories":[1591],"tags":[259,11,260,1887,14,261,12,262,1885,1886,132,135],"class_list":{"0":"post-70078","1":"post","2":"type-post","3":"status-publish","4":"format-standard","5":"has-post-thumbnail","7":"category-russie","8":"tag-actualite-internationale","9":"tag-actualites","10":"tag-affaires-etrangeres","11":"tag-federation-de-russie","12":"tag-international","13":"tag-ministere-des-affaires-etrangeres","14":"tag-news","15":"tag-politique-etrangere","16":"tag-russia","17":"tag-russian-federation","18":"tag-russie","19":"tag-vladimir-poutine"},"share_on_mastodon":{"url":"https:\/\/pubeurope.com\/@fr\/114439961118075807","error":""},"_links":{"self":[{"href":"https:\/\/www.europesays.com\/fr\/wp-json\/wp\/v2\/posts\/70078","targetHints":{"allow":["GET"]}}],"collection":[{"href":"https:\/\/www.europesays.com\/fr\/wp-json\/wp\/v2\/posts"}],"about":[{"href":"https:\/\/www.europesays.com\/fr\/wp-json\/wp\/v2\/types\/post"}],"author":[{"embeddable":true,"href":"https:\/\/www.europesays.com\/fr\/wp-json\/wp\/v2\/users\/2"}],"replies":[{"embeddable":true,"href":"https:\/\/www.europesays.com\/fr\/wp-json\/wp\/v2\/comments?post=70078"}],"version-history":[{"count":0,"href":"https:\/\/www.europesays.com\/fr\/wp-json\/wp\/v2\/posts\/70078\/revisions"}],"wp:featuredmedia":[{"embeddable":true,"href":"https:\/\/www.europesays.com\/fr\/wp-json\/wp\/v2\/media\/70079"}],"wp:attachment":[{"href":"https:\/\/www.europesays.com\/fr\/wp-json\/wp\/v2\/media?parent=70078"}],"wp:term":[{"taxonomy":"category","embeddable":true,"href":"https:\/\/www.europesays.com\/fr\/wp-json\/wp\/v2\/categories?post=70078"},{"taxonomy":"post_tag","embeddable":true,"href":"https:\/\/www.europesays.com\/fr\/wp-json\/wp\/v2\/tags?post=70078"}],"curies":[{"name":"wp","href":"https:\/\/api.w.org\/{rel}","templated":true}]}}