{"id":701215,"date":"2026-01-31T04:50:13","date_gmt":"2026-01-31T04:50:13","guid":{"rendered":"https:\/\/www.europesays.com\/fr\/701215\/"},"modified":"2026-01-31T04:50:13","modified_gmt":"2026-01-31T04:50:13","slug":"le-concert-evenement-2026-en-replay-le-gala-des-pieces-jaunes","status":"publish","type":"post","link":"https:\/\/www.europesays.com\/fr\/701215\/","title":{"rendered":"Le concert \u00e9v\u00e9nement 2026 en replay &#8211; Le gala des pi\u00e8ces jaunes"},"content":{"rendered":"<p class=\"kPgwkc gYsEFt\">Pour Le Gala des Pi\u00e8ces jaunes, des artistes internationaux et fran\u00e7ais de premier plan se mobilisent pour lever des fonds et am\u00e9liorer le cadre de vie des enfants et adolescents hospitalis\u00e9s ou en souffrance. R\u00e9unis autour d&rsquo;une belle cause depuis Paris la D\u00e9fense Arena, ils offrent un spectacle unique fait de moments forts et de collaborations inattendues. Des artistes issus des mondes des vari\u00e9t\u00e9s et du classique s&rsquo;engagent ensemble pour cr\u00e9er des moments d&rsquo;\u00e9motion inoubliables tout au long de la soir\u00e9e et faire de ce Gala des Pi\u00e8ces jaunes un grand rendez-vous de la solidarit\u00e9 et du partage.<\/p>\n<p class=\"kPgwkc gYsEFt\"><strong>EN PARTENARIAT AVEC :<\/strong><\/p>\n<p class=\"kPgwkc gYsEFt\">Le Parisien &amp; NRJ <\/p>\n<p class=\"kPgwkc gYsEFt\"><strong><img decoding=\"async\" src=\"https:\/\/www.europesays.com\/fr\/wp-content\/uploads\/2026\/01\/910ff263-phpfyvqsp.jpg\" width=\"120\"\/><img decoding=\"async\" src=\"https:\/\/www.europesays.com\/fr\/wp-content\/uploads\/2026\/01\/2198929d-phppov74b_png.jpg\" width=\"120\"\/><\/strong><\/p>\n","protected":false},"excerpt":{"rendered":"Pour Le Gala des Pi\u00e8ces jaunes, des artistes internationaux et fran\u00e7ais de premier plan se mobilisent pour lever&hellip;\n","protected":false},"author":2,"featured_media":701216,"comment_status":"","ping_status":"","sticky":false,"template":"","format":"standard","meta":{"footnotes":""},"categories":[1359],"tags":[58,59,1011,27,973],"class_list":{"0":"post-701215","1":"post","2":"type-post","3":"status-publish","4":"format-standard","5":"has-post-thumbnail","7":"category-people","8":"tag-divertissement","9":"tag-entertainment","10":"tag-fr","11":"tag-france","12":"tag-people"},"share_on_mastodon":{"url":"https:\/\/pubeurope.com\/@fr\/115987914711144758","error":""},"_links":{"self":[{"href":"https:\/\/www.europesays.com\/fr\/wp-json\/wp\/v2\/posts\/701215","targetHints":{"allow":["GET"]}}],"collection":[{"href":"https:\/\/www.europesays.com\/fr\/wp-json\/wp\/v2\/posts"}],"about":[{"href":"https:\/\/www.europesays.com\/fr\/wp-json\/wp\/v2\/types\/post"}],"author":[{"embeddable":true,"href":"https:\/\/www.europesays.com\/fr\/wp-json\/wp\/v2\/users\/2"}],"replies":[{"embeddable":true,"href":"https:\/\/www.europesays.com\/fr\/wp-json\/wp\/v2\/comments?post=701215"}],"version-history":[{"count":0,"href":"https:\/\/www.europesays.com\/fr\/wp-json\/wp\/v2\/posts\/701215\/revisions"}],"wp:featuredmedia":[{"embeddable":true,"href":"https:\/\/www.europesays.com\/fr\/wp-json\/wp\/v2\/media\/701216"}],"wp:attachment":[{"href":"https:\/\/www.europesays.com\/fr\/wp-json\/wp\/v2\/media?parent=701215"}],"wp:term":[{"taxonomy":"category","embeddable":true,"href":"https:\/\/www.europesays.com\/fr\/wp-json\/wp\/v2\/categories?post=701215"},{"taxonomy":"post_tag","embeddable":true,"href":"https:\/\/www.europesays.com\/fr\/wp-json\/wp\/v2\/tags?post=701215"}],"curies":[{"name":"wp","href":"https:\/\/api.w.org\/{rel}","templated":true}]}}