{"id":70122,"date":"2025-05-02T20:10:11","date_gmt":"2025-05-02T20:10:11","guid":{"rendered":"https:\/\/www.europesays.com\/fr\/70122\/"},"modified":"2025-05-02T20:10:11","modified_gmt":"2025-05-02T20:10:11","slug":"le-ministre-de-la-sante-de-trump-soutient-quil-y-a-du-foetus-dans-le-vaccin-contre-la-rougeole-une-fake-news-antivax","status":"publish","type":"post","link":"https:\/\/www.europesays.com\/fr\/70122\/","title":{"rendered":"Le ministre de la Sant\u00e9 de Trump soutient qu\u2019il y a \u00ab du f\u0153tus dans le vaccin contre la rougeole \u00bb, une fake news antivax"},"content":{"rendered":"<p>INTERNATIONAL &#8211; \u00ab De nombreux d\u00e9bris de f\u0153tus et des particules d\u2019ADN \u00bb dans le vaccin contre la rougeole. Le soir du mercredi 30 mai, <a data-i13n=\"cpos:1;pos:1\" href=\"https:\/\/fr.news.yahoo.com\/%C3%A9tats-unis-robert-kennedy-jr-072421097.html\" data-ylk=\"slk:Robert F. Kennedy Junior;cpos:1;pos:1;elm:context_link;itc:0;sec:content-canvas;outcm:mb_qualified_link;_E:mb_qualified_link;ct:story;\" class=\"link  yahoo-link\" rel=\"nofollow noopener\" target=\"_blank\">Robert F. Kennedy Junior<\/a> a repris \u00e0 son compte un grand classique des opposants \u00e0 la vaccination. Rien d\u2019\u00e9tonnant de la part d\u2019un homme qui a toujours affich\u00e9 des positions fort peu bas\u00e9es <a data-i13n=\"cpos:2;pos:1\" href=\"https:\/\/fr.news.yahoo.com\/lait-cru-graisse-b-uf-073012995.html\" data-ylk=\"slk:sur la science;cpos:2;pos:1;elm:context_link;itc:0;sec:content-canvas;outcm:mb_qualified_link;_E:mb_qualified_link;ct:story;\" class=\"link  yahoo-link\" rel=\"nofollow noopener\" target=\"_blank\">sur la science<\/a>, mais un mensonge non moins catastrophique pour celui qui est, depuis janvier 2025, ministre de la Sant\u00e9 des \u00c9tats-Unis.<\/p>\n<p><strong>Comme vous pouvez le d\u00e9couvrir dans la vid\u00e9o en t\u00eate de cet article,<\/strong> le responsable politique a justifi\u00e9 l\u2019opposition de certains groupes religieux \u00e0 la vaccination par cette croyance, qu\u2019il pr\u00e9sente comme un fait. C\u2019est donc au nom du respect de la foi de chacun, m\u00eame si le ministre se dit d\u00e9sormais <a data-i13n=\"cpos:3;pos:1\" href=\"https:\/\/fr.news.yahoo.com\/%C3%A9tats-unis-l-%C3%A9pid%C3%A9mie-rougeole-062352902.html\" data-ylk=\"slk:favorable au vaccin;cpos:3;pos:1;elm:context_link;itc:0;sec:content-canvas;outcm:mb_qualified_link;_E:mb_qualified_link;ct:story;\" class=\"link  yahoo-link\" rel=\"nofollow noopener\" target=\"_blank\">favorable au vaccin<\/a>, qu\u2019il faudrait d\u00e9velopper des solutions alternatives\u2026 Ou laisser filer la maladie.<\/p>\n<p>Rien d\u2019\u00e9tonnant alors que la rougeole, virtuellement \u00e9radiqu\u00e9e aux \u00c9tats-Unis, soit en train de reprendre pied avec une vigueur inqui\u00e9tante, comme le montrent <a data-i13n=\"cpos:4;pos:1\" href=\"https:\/\/www.cdc.gov\/measles\/data-research\/index.html\" rel=\"nofollow noopener\" target=\"_blank\" data-ylk=\"slk:les chiffres officiels;cpos:4;pos:1;elm:context_link;itc:0;sec:content-canvas\" class=\"link \">les chiffres officiels<\/a>. De 285 cas sur toute l\u2019ann\u00e9e 2024 dans le pays, on est pass\u00e9s \u00e0 884 pour les seuls quatre premiers mois de l\u2019ann\u00e9e en 2025. Avant n\u00e9anmoins de donner des le\u00e7ons \u00e0 l\u2019Am\u00e9rique de Donald Trump, l\u2019hexagone devra r\u00e9soudre un probl\u00e8me analogue, tous les indicateurs montrant, en parall\u00e8le de la mont\u00e9e du sentiment antivaccin, une <a data-i13n=\"cpos:5;pos:1\" href=\"https:\/\/www.iledefrance.ars.sante.fr\/rougeole-recrudescence-de-cas-en-france\" rel=\"nofollow noopener\" target=\"_blank\" data-ylk=\"slk:recrudescence des cas de rougeoles.;cpos:5;pos:1;elm:context_link;itc:0;sec:content-canvas\" class=\"link \">recrudescence des cas de rougeoles.<\/a><\/p>\n<p><strong>\u00c0 voir \u00e9galement sur <\/strong><strong>Le HuffPost :<\/strong><\/p>\n<p>\u00a0\u00a0<\/p>\n<p><a data-i13n=\"cpos:6;pos:1\" href=\"https:\/\/fr.news.yahoo.com\/donald-trump-tente-d-attaquer-125302236.html\" data-ylk=\"slk:Donald Trump tente d\u2019attaquer au porte-monnaie de deux m\u00e9dias publics accus\u00e9s de \u00ab propagande de gauche \u00bb;cpos:6;pos:1;elm:context_link;itc:0;sec:content-canvas;outcm:mb_qualified_link;_E:mb_qualified_link;ct:story;\" class=\"link  yahoo-link\" rel=\"nofollow noopener\" target=\"_blank\"> Donald Trump tente d\u2019attaquer au porte-monnaie de deux m\u00e9dias publics accus\u00e9s de \u00ab propagande de gauche \u00bb <\/a><\/p>\n<p><a data-i13n=\"cpos:7;pos:1\" href=\"https:\/\/fr.news.yahoo.com\/donald-trump-perd-membre-majeur-182433670.html\" data-ylk=\"slk:Donald Trump trouve un nouveau poste \u00e0 Mike Waltz, victime de la fuite d\u2019infos confidentielles;cpos:7;pos:1;elm:context_link;itc:0;sec:content-canvas;outcm:mb_qualified_link;_E:mb_qualified_link;ct:story;\" class=\"link  yahoo-link\" rel=\"nofollow noopener\" target=\"_blank\"> Donald Trump trouve un nouveau poste \u00e0 Mike Waltz, victime de la fuite d\u2019infos confidentielles <\/a><\/p>\n","protected":false},"excerpt":{"rendered":"INTERNATIONAL &#8211; \u00ab De nombreux d\u00e9bris de f\u0153tus et des particules d\u2019ADN \u00bb dans le vaccin contre la&hellip;\n","protected":false},"author":2,"featured_media":70123,"comment_status":"","ping_status":"","sticky":false,"template":"","format":"standard","meta":{"footnotes":""},"categories":[10],"tags":[73,1011,27,72,17238,6971,17239,71,773,17237],"class_list":{"0":"post-70122","1":"post","2":"type-post","3":"status-publish","4":"format-standard","5":"has-post-thumbnail","7":"category-sante","8":"tag-etats-unis","9":"tag-fr","10":"tag-france","11":"tag-health","12":"tag-le-soir","13":"tag-ministre-de-la-sante","14":"tag-responsable-politique","15":"tag-sante","16":"tag-vaccin","17":"tag-vaccin-contre-la-rougeole"},"share_on_mastodon":{"url":"https:\/\/pubeurope.com\/@fr\/114440059194482947","error":""},"_links":{"self":[{"href":"https:\/\/www.europesays.com\/fr\/wp-json\/wp\/v2\/posts\/70122","targetHints":{"allow":["GET"]}}],"collection":[{"href":"https:\/\/www.europesays.com\/fr\/wp-json\/wp\/v2\/posts"}],"about":[{"href":"https:\/\/www.europesays.com\/fr\/wp-json\/wp\/v2\/types\/post"}],"author":[{"embeddable":true,"href":"https:\/\/www.europesays.com\/fr\/wp-json\/wp\/v2\/users\/2"}],"replies":[{"embeddable":true,"href":"https:\/\/www.europesays.com\/fr\/wp-json\/wp\/v2\/comments?post=70122"}],"version-history":[{"count":0,"href":"https:\/\/www.europesays.com\/fr\/wp-json\/wp\/v2\/posts\/70122\/revisions"}],"wp:featuredmedia":[{"embeddable":true,"href":"https:\/\/www.europesays.com\/fr\/wp-json\/wp\/v2\/media\/70123"}],"wp:attachment":[{"href":"https:\/\/www.europesays.com\/fr\/wp-json\/wp\/v2\/media?parent=70122"}],"wp:term":[{"taxonomy":"category","embeddable":true,"href":"https:\/\/www.europesays.com\/fr\/wp-json\/wp\/v2\/categories?post=70122"},{"taxonomy":"post_tag","embeddable":true,"href":"https:\/\/www.europesays.com\/fr\/wp-json\/wp\/v2\/tags?post=70122"}],"curies":[{"name":"wp","href":"https:\/\/api.w.org\/{rel}","templated":true}]}}