{"id":70131,"date":"2025-05-02T20:15:09","date_gmt":"2025-05-02T20:15:09","guid":{"rendered":"https:\/\/www.europesays.com\/fr\/70131\/"},"modified":"2025-05-02T20:15:09","modified_gmt":"2025-05-02T20:15:09","slug":"parti-afd-classe-extremiste-de-droite-en-allemagne-rubio-denonce-une-tyrannie","status":"publish","type":"post","link":"https:\/\/www.europesays.com\/fr\/70131\/","title":{"rendered":"Parti AfD class\u00e9 \u00abextr\u00e9miste de droite\u00bb en Allemagne : Rubio d\u00e9nonce une \u00abtyrannie\u00bb"},"content":{"rendered":"<p>Le parti Alternative pour l\u2019Allemagne (AfD) a \u00e9t\u00e9 class\u00e9 comme un mouvement \u00abextr\u00e9miste de droite av\u00e9r\u00e9\u00bb, ce qui doit permettre un placement sous surveillance intensive.<\/p>\n<p class=\"fig-paragraph\">Le secr\u00e9taire d\u2019\u00c9tat am\u00e9ricain Marco Rubio a d\u00e9nonc\u00e9 vendredi une \u00abtyrannie d\u00e9guis\u00e9e\u00bb en Allemagne apr\u00e8s la\u00a0<a href=\"http:\/\/www.lefigaro.fr\/international\/allemagne-le-parti-afd-confirme-extremiste-de-droite-par-le-renseignement-interieur-20250502\" data-fig-type=\"NewsFlash\" data-gtm-custom-categorie=\"navigation\" data-gtm-custom-action=\"crossclick\" data-gtm-custom-label=\"Contextuel\" data-gtm-event=\"customEventSPE\" data-fig-domain=\"LEFIGARO\" rel=\"nofollow noopener\" target=\"_blank\">d\u00e9cision du renseignement<\/a>\u00a0int\u00e9rieur allemand de classer le parti Alternative pour l\u2019Allemagne (AfD) \u00abextr\u00e9miste de droite\u00bb. \u00abL\u2019Allemagne vient de donner \u00e0 son agence d\u2019espionnage de nouveaux pouvoirs pour surveiller l\u2019opposition. Ce n\u2019est pas de la d\u00e9mocratie, c\u2019est de la tyrannie d\u00e9guis\u00e9e\u00bb, a-t-il \u00e9crit sur X, appelant les autorit\u00e9s allemandes \u00e0 faire \u00abmarche arri\u00e8re\u00bb.<\/p>\n<p class=\"fig-paragraph\">L\u2019Office de protection de la Constitution a justifi\u00e9 plus t\u00f4t vendredi dans un communiqu\u00e9 son verdict, soulignant que l\u2019id\u00e9ologie de l\u2019AfD \u00abd\u00e9valorise des groupes entiers de la population en Allemagne et porte atteinte \u00e0 leur dignit\u00e9 humaine\u00bb, ce qui n\u2019est \u00abpas compatible avec l\u2019ordre d\u00e9mocratique\u00bb du pays. Cette d\u00e9cision relance le d\u00e9bat sur l\u2019\u00e9ventuelle interdiction de ce parti \u00e0 quelques jours de l\u2019investiture de Friedrich Merz au poste de chancelier.<\/p>\n<p>Ing\u00e9rences de l\u2019administration Trump<\/p>\n<p class=\"fig-paragraph\">Cr\u00e9\u00e9 en 2013, l\u2019AfD a effectu\u00e9 une perc\u00e9e historique aux \u00e9lections l\u00e9gislatives du 23 f\u00e9vrier, en arrivant deuxi\u00e8me derri\u00e8re les conservateurs avec un score de plus de 20%, le double du pr\u00e9c\u00e9dent. \u00abCe qui est vraiment extr\u00e9miste, ce n\u2019est pas la populaire AfD &#8211; qui est arriv\u00e9e en deuxi\u00e8me position lors des derni\u00e8res \u00e9lections &#8211; mais plut\u00f4t les politiques d\u2019immigration \u00e0 fronti\u00e8res ouvertes de l\u2019establishment, auxquelles l\u2019AfD s\u2019oppose\u00bb, a poursuivi M. Rubio.<\/p>\n<p>\u00a0\u00bb<br \/>\n        data-script=\u00a0\u00bbhttps:\/\/static.lefigaro.fr\/widget-video\/short-ttl\/video\/index.js\u00a0\u00bb<br \/>\n    &gt;<\/p>\n<p class=\"fig-paragraph\">Ce n\u2019est pas la premi\u00e8re fois que l\u2019administration Trump s\u2019immisce dans la politique allemande, au grand dam de Berlin. Le vice-pr\u00e9sident JD Vance avait\u00a0<a href=\"http:\/\/www.lefigaro.fr\/international\/a-munich-olaf-scholz-denonce-l-ingerence-americaine-dans-la-campagne-allemande-20250215\" data-fig-type=\"NewsFlash\" data-gtm-custom-categorie=\"navigation\" data-gtm-custom-action=\"crossclick\" data-gtm-custom-label=\"Contextuel\" data-gtm-event=\"customEventSPE\" data-fig-domain=\"LEFIGARO\" rel=\"nofollow noopener\" target=\"_blank\">constern\u00e9 les Allemands<\/a>\u00a0et, plus g\u00e9n\u00e9ralement, les Europ\u00e9ens, lors d\u2019un discours \u00e0 Munich (sud) mi-f\u00e9vrier, dans lequel il avait affirm\u00e9 que la libert\u00e9 d\u2019expression \u00abreculait\u00bb en Europe, ciblant notamment l\u2019Allemagne. Il avait alors d\u00e9nonc\u00e9 une ostracisation de l\u2019AfD et plaid\u00e9 pour la fin du \u00abcordon sanitaire\u00bb autour de ce parti, et s\u2019\u00e9tait entretenu avec la chef de l\u2019AfD Alice Weidel.<\/p>\n","protected":false},"excerpt":{"rendered":"Le parti Alternative pour l\u2019Allemagne (AfD) a \u00e9t\u00e9 class\u00e9 comme un mouvement \u00abextr\u00e9miste de droite av\u00e9r\u00e9\u00bb, ce qui&hellip;\n","protected":false},"author":2,"featured_media":70132,"comment_status":"","ping_status":"","sticky":false,"template":"","format":"standard","meta":{"footnotes":""},"categories":[5],"tags":[259,11,1862,260,672,1011,27,14,261,12,262,28],"class_list":{"0":"post-70131","1":"post","2":"type-post","3":"status-publish","4":"format-standard","5":"has-post-thumbnail","7":"category-international","8":"tag-actualite-internationale","9":"tag-actualites","10":"tag-afd","11":"tag-affaires-etrangeres","12":"tag-allemagne","13":"tag-fr","14":"tag-france","15":"tag-international","16":"tag-ministere-des-affaires-etrangeres","17":"tag-news","18":"tag-politique-etrangere","19":"tag-world"},"share_on_mastodon":{"url":"https:\/\/pubeurope.com\/@fr\/114440078945495001","error":""},"_links":{"self":[{"href":"https:\/\/www.europesays.com\/fr\/wp-json\/wp\/v2\/posts\/70131","targetHints":{"allow":["GET"]}}],"collection":[{"href":"https:\/\/www.europesays.com\/fr\/wp-json\/wp\/v2\/posts"}],"about":[{"href":"https:\/\/www.europesays.com\/fr\/wp-json\/wp\/v2\/types\/post"}],"author":[{"embeddable":true,"href":"https:\/\/www.europesays.com\/fr\/wp-json\/wp\/v2\/users\/2"}],"replies":[{"embeddable":true,"href":"https:\/\/www.europesays.com\/fr\/wp-json\/wp\/v2\/comments?post=70131"}],"version-history":[{"count":0,"href":"https:\/\/www.europesays.com\/fr\/wp-json\/wp\/v2\/posts\/70131\/revisions"}],"wp:featuredmedia":[{"embeddable":true,"href":"https:\/\/www.europesays.com\/fr\/wp-json\/wp\/v2\/media\/70132"}],"wp:attachment":[{"href":"https:\/\/www.europesays.com\/fr\/wp-json\/wp\/v2\/media?parent=70131"}],"wp:term":[{"taxonomy":"category","embeddable":true,"href":"https:\/\/www.europesays.com\/fr\/wp-json\/wp\/v2\/categories?post=70131"},{"taxonomy":"post_tag","embeddable":true,"href":"https:\/\/www.europesays.com\/fr\/wp-json\/wp\/v2\/tags?post=70131"}],"curies":[{"name":"wp","href":"https:\/\/api.w.org\/{rel}","templated":true}]}}