{"id":701324,"date":"2026-01-31T06:01:10","date_gmt":"2026-01-31T06:01:10","guid":{"rendered":"https:\/\/www.europesays.com\/fr\/701324\/"},"modified":"2026-01-31T06:01:10","modified_gmt":"2026-01-31T06:01:10","slug":"sonia-mabrouk-adhere-pleinement-a-la-civilisation-occidentale","status":"publish","type":"post","link":"https:\/\/www.europesays.com\/fr\/701324\/","title":{"rendered":"Sonia Mabrouk \u00ab\u00a0adh\u00e8re pleinement\u00a0\u00bb \u00e0 la \u00ab\u00a0civilisation occidentale\u00a0\u00bb"},"content":{"rendered":"<p>Par <a class=\"author_recette\" id=\"author_name\" href=\"https:\/\/www.nextplz.fr\/auteur\/francis-uliel\" target=\"_blank\" rel=\"noopener\">Francis<br \/>\nUliel<\/a> &#8211;<br \/>\nPubli\u00e9 le 30 Jan 2026 \u00e0<br \/>\n20:36<\/p>\n<p class=\"article-intro excerpt\">De confession musulmane, Sonia<br \/>\nMabrouk, journaliste vedette de CNews, se livre et donne un avis<br \/>\nsurprenant sur la civilisation occidentale.<\/p>\n<p>Visage de proue de la cha\u00eene CNews, Sonia Mabrouk a publiquement<br \/>\npris ses distances avec la direction du groupe Bollor\u00e9. Ce, en<br \/>\nraison du maintien (incompris pour certains) \u00e0 l\u00a0\u00bbantenne de<br \/>\nJean-Marc Morandini, condamn\u00e9 pour corruption de mineurs. <a href=\"https:\/\/www.nextplz.fr\/people\/530587-musulmane-laicarde-sonia-mabrouk-49-ans-defend-ses-convictions-haut-et-fort\" target=\"_blank\" rel=\"noopener\"><br \/>\nLa journaliste de 49\u00a0ans a toujours d\u00e9fendu ses<br \/>\nconvictions<\/a> et cela ne date pas d&rsquo;aujourd&rsquo;hui. Et bien qu&rsquo;elle<br \/>\nsoit musulmane assum\u00e9e, Sonia Mabrouk ne rejette pas pour autant la<br \/>\ncivilisation occidentale, tout au contraire.<\/p>\n<p>Sonia<br \/>\nMabrouk\u00a0cash sur la civilisation jud\u00e9o-chr\u00e9tienne<\/p>\n<p>Dans une interview accord\u00e9e \u00e0 Pascal Louvrier pour Causeur en<br \/>\n2018, Sonia Mabrouk est revenue sur les propos de Michel<br \/>\nHouellebecq. Dans l&rsquo;un de ses romans, l&rsquo;\u00e9crivain a en effet parl\u00e9<br \/>\n\u00ab\u00a0de soumission, en fait de conversion \u00e0 l&rsquo;islam\u00a0\u00bb. Face \u00e0<br \/>\nla mont\u00e9e de l&rsquo;islam en Occident, ce dernier ainsi que Michel<br \/>\nOnfray et plein d&rsquo;autres encore pensent en effet qu'\u00a0\u00bbon est en<br \/>\ntrain d&rsquo;assister \u00e0 la fin programm\u00e9e de la civilisation<br \/>\njud\u00e9o-chr\u00e9tienne\u00a0\u00bb. Un avis auquel Sonia Mabrouk n&rsquo;adh\u00e8re pas.<br \/>\n\u00ab\u00a0Je pense que les valeurs de cette civilisation ne sont pas sa<br \/>\nfaiblesse, son talon d\u2019Achille, mais sa force\u00a0\u00bb, confie-t-elle.<br \/>\nPour rappel, la journaliste est arriv\u00e9e en France \u00e0 la fin des<br \/>\nann\u00e9es 1990 pour y poursuivre ses \u00e9tudes \u00e0 la Sorbonne apr\u00e8s sa<br \/>\nformation \u00e0 l&rsquo;IHEC en Tunisie.<\/p>\n<p>Sonia Mabrouk adh\u00e8re \u00e0 la civilisation occidentale en hommage \u00e0<br \/>\nArnaud Beltrame<\/p>\n<p>Pour \u00e9tayer son propos, Sonia Mabrouk a pris un exemple concret<br \/>\n: Arnaud Beltrame, qui s&rsquo;est longtemps oppos\u00e9 au terrorisme avec<br \/>\n\u00ab\u00a0un vrai projet, un projet de spiritualit\u00e9\u00a0\u00bb. \u00ab\u00a0Il a<br \/>\npuis\u00e9 dans ses valeurs chr\u00e9tiennes, qui sont aussi des valeurs<br \/>\nuniverselles, pour combattre le terrorisme. Ce n\u2019est pas la fin de<br \/>\nla civilisation occidentale, au contraire. Il y a et il y aura des<br \/>\nsursauts. \u00c7a doit venir de nous tous, avec nos moyens, certes, mais<br \/>\nnous devons former un rempart contre le projet terroriste\u00a0\u00bb,<br \/>\na-t-elle rench\u00e9ri. La journaliste a ensuite d\u00e9plor\u00e9 que des<br \/>\nintellectuels \u00ab\u00a0ne s\u2019emparent pas davantage de l\u2019exemple<br \/>\nd\u2019Arnaud Beltrame\u00a0\u00bb qui, par sa foi, \u00ab\u00a0sa foi<br \/>\nchr\u00e9tienne\u00a0\u00bb, \u00ab\u00a0son h\u00e9ro\u00efsme, son geste absolu\u00a0\u00bb,<br \/>\n\u00ab\u00a0fait perdurer ces valeurs universelles\u00a0\u00bb. Des valeurs<br \/>\nqu&rsquo;elles partagent d&rsquo;ailleurs : \u00ab\u00a0Moi, je suis musulmane, mais<br \/>\nj\u2019adh\u00e8re pleinement \u00e0 la civilisation occidentale. Je ne peux donc<br \/>\npas dire qu\u2019elle va mourir\u00a0\u00bb.<\/p>\n<p>\u00ab\u00a0J&rsquo;ai f\u00eat\u00e9<br \/>\ncette c\u00e9l\u00e9bration avec des amis chr\u00e9tiens\u00a0\u00bb<\/p>\n<p>Chaque ann\u00e9e en France, une question en particulier fait couler<br \/>\nde l&rsquo;encre sur les r\u00e9seaux : les musulmans peuvent-ils f\u00eater<br \/>\nNo\u00ebl\u00a0? Pour certains, No\u00ebl est \u00ab\u00a0haram\u00a0\u00bb. Pire, souhaiter de<br \/>\nbonnes f\u00eates aux amis chr\u00e9tiens serait interdit. Sonia Mabrouk,<br \/>\nelle, partage un regard \u00e0 la fois personnel et universel sur le<br \/>\nsujet. Native de Tunis, <a href=\"https:\/\/www.nextplz.fr\/people\/530949-sonia-mabrouk-les-musulmans-de-france-sont-pieges-sa-sortie-choc-enflamme-le-debat\" target=\"_blank\" rel=\"noopener\"><br \/>\ncelle qui pense que les musulmans de France sont pi\u00e9g\u00e9s<\/a> se<br \/>\nsouvient de son enfance o\u00f9 No\u00ebl rassemblait toutes les communaut\u00e9s.<br \/>\n\u00ab\u00a0Mon souvenir de No\u00ebl remonte \u00e0 l&rsquo;enfance en Tunisie, en<br \/>\nfamille, o\u00f9 cette f\u00eate \u00e9tait partag\u00e9e par diff\u00e9rentes communaut\u00e9s,<br \/>\npar des gens qui avaient diff\u00e9rentes religions, diff\u00e9rentes<br \/>\ncultures (&#8230;) J&rsquo;ai f\u00eat\u00e9 cette c\u00e9l\u00e9bration avec des amis<br \/>\nchr\u00e9tiens, avec des amis \u00e9galement juifs. C&rsquo;\u00e9tait aussi un<br \/>\nmoment particuli\u00e8rement \u00e9mouvant parce que c&rsquo;\u00e9tait une \u00e9poque o\u00f9<br \/>\nnous \u00e9tions tous unis, tous r\u00e9unis autour de cette f\u00eate\u00a0\u00bb,<br \/>\ncoonfiait-elle au micro de CNews.<\/p>\n","protected":false},"excerpt":{"rendered":"Par Francis Uliel &#8211; Publi\u00e9 le 30 Jan 2026 \u00e0 20:36 De confession musulmane, Sonia Mabrouk, journaliste vedette&hellip;\n","protected":false},"author":2,"featured_media":701325,"comment_status":"","ping_status":"","sticky":false,"template":"","format":"standard","meta":{"footnotes":""},"categories":[1359],"tags":[58,59,1011,27,973,65861],"class_list":{"0":"post-701324","1":"post","2":"type-post","3":"status-publish","4":"format-standard","5":"has-post-thumbnail","7":"category-people","8":"tag-divertissement","9":"tag-entertainment","10":"tag-fr","11":"tag-france","12":"tag-people","13":"tag-trend"},"share_on_mastodon":{"url":"https:\/\/pubeurope.com\/@fr\/115988194153124123","error":""},"_links":{"self":[{"href":"https:\/\/www.europesays.com\/fr\/wp-json\/wp\/v2\/posts\/701324","targetHints":{"allow":["GET"]}}],"collection":[{"href":"https:\/\/www.europesays.com\/fr\/wp-json\/wp\/v2\/posts"}],"about":[{"href":"https:\/\/www.europesays.com\/fr\/wp-json\/wp\/v2\/types\/post"}],"author":[{"embeddable":true,"href":"https:\/\/www.europesays.com\/fr\/wp-json\/wp\/v2\/users\/2"}],"replies":[{"embeddable":true,"href":"https:\/\/www.europesays.com\/fr\/wp-json\/wp\/v2\/comments?post=701324"}],"version-history":[{"count":0,"href":"https:\/\/www.europesays.com\/fr\/wp-json\/wp\/v2\/posts\/701324\/revisions"}],"wp:featuredmedia":[{"embeddable":true,"href":"https:\/\/www.europesays.com\/fr\/wp-json\/wp\/v2\/media\/701325"}],"wp:attachment":[{"href":"https:\/\/www.europesays.com\/fr\/wp-json\/wp\/v2\/media?parent=701324"}],"wp:term":[{"taxonomy":"category","embeddable":true,"href":"https:\/\/www.europesays.com\/fr\/wp-json\/wp\/v2\/categories?post=701324"},{"taxonomy":"post_tag","embeddable":true,"href":"https:\/\/www.europesays.com\/fr\/wp-json\/wp\/v2\/tags?post=701324"}],"curies":[{"name":"wp","href":"https:\/\/api.w.org\/{rel}","templated":true}]}}