{"id":701365,"date":"2026-01-31T06:29:10","date_gmt":"2026-01-31T06:29:10","guid":{"rendered":"https:\/\/www.europesays.com\/fr\/701365\/"},"modified":"2026-01-31T06:29:10","modified_gmt":"2026-01-31T06:29:10","slug":"ces-nouveaux-commerces-ont-ouvert-leurs-portes-a-rennes-en-janvier-voici-notre-carte","status":"publish","type":"post","link":"https:\/\/www.europesays.com\/fr\/701365\/","title":{"rendered":"Ces nouveaux commerces ont ouvert leurs portes \u00e0 Rennes en janvier\u00a0: voici notre carte"},"content":{"rendered":"<p>Le d\u00e9but d\u2019ann\u00e9e a \u00e9t\u00e9 timide sur le volet des ouvertures de <a href=\"https:\/\/www.letelegramme.fr\/ille-et-vilaine\/rennes-35000\/commerces-a-rennes\/\" target=\"_blank\" rel=\"nofollow noopener\">commerces \u00e0 Rennes<\/a>. Sans compter les bars et restaurants, seules trois enseignes ont ouvert leurs portes dans diff\u00e9rents quartiers de la ville. Du barbier \u00e0 la boutique de mode : voici la liste (non exhaustive) de ces nouveaux arrivants.<\/p>\n<p>&#8211;<strong>Hejo<\/strong>, boutique de mode, centre Colombia<\/p>\n<p>&#8211;<strong>La Casa de las Carcasas<\/strong>, magasin d\u2019accessoires pour t\u00e9l\u00e9phones, centre Alma<\/p>\n<p>&#8211;<strong>Elite Barber Lounge<\/strong>, barbier, 46 boulevard Voltaire<\/p>\n","protected":false},"excerpt":{"rendered":"Le d\u00e9but d\u2019ann\u00e9e a \u00e9t\u00e9 timide sur le volet des ouvertures de commerces \u00e0 Rennes. Sans compter les&hellip;\n","protected":false},"author":2,"featured_media":701366,"comment_status":"","ping_status":"","sticky":false,"template":"","format":"standard","meta":{"footnotes":"","_share_on_mastodon":"0"},"categories":[2821],"tags":[1111,11,829,2033,1777,674,1011,27,848,12,584,25],"class_list":["post-701365","post","type-post","status-publish","format-standard","has-post-thumbnail","category-rennes","tag-actu","tag-actualites","tag-bretagne","tag-commerces-a-rennes","tag-eu","tag-europe","tag-fr","tag-france","tag-ille-et-vilaine","tag-news","tag-rennes","tag-republique-francaise"],"share_on_mastodon":{"url":"https:\/\/pubeurope.com\/@fr\/115988304210146408","error":""},"_links":{"self":[{"href":"https:\/\/www.europesays.com\/fr\/wp-json\/wp\/v2\/posts\/701365","targetHints":{"allow":["GET"]}}],"collection":[{"href":"https:\/\/www.europesays.com\/fr\/wp-json\/wp\/v2\/posts"}],"about":[{"href":"https:\/\/www.europesays.com\/fr\/wp-json\/wp\/v2\/types\/post"}],"author":[{"embeddable":true,"href":"https:\/\/www.europesays.com\/fr\/wp-json\/wp\/v2\/users\/2"}],"replies":[{"embeddable":true,"href":"https:\/\/www.europesays.com\/fr\/wp-json\/wp\/v2\/comments?post=701365"}],"version-history":[{"count":0,"href":"https:\/\/www.europesays.com\/fr\/wp-json\/wp\/v2\/posts\/701365\/revisions"}],"wp:featuredmedia":[{"embeddable":true,"href":"https:\/\/www.europesays.com\/fr\/wp-json\/wp\/v2\/media\/701366"}],"wp:attachment":[{"href":"https:\/\/www.europesays.com\/fr\/wp-json\/wp\/v2\/media?parent=701365"}],"wp:term":[{"taxonomy":"category","embeddable":true,"href":"https:\/\/www.europesays.com\/fr\/wp-json\/wp\/v2\/categories?post=701365"},{"taxonomy":"post_tag","embeddable":true,"href":"https:\/\/www.europesays.com\/fr\/wp-json\/wp\/v2\/tags?post=701365"}],"curies":[{"name":"wp","href":"https:\/\/api.w.org\/{rel}","templated":true}]}}