{"id":701481,"date":"2026-01-31T07:41:09","date_gmt":"2026-01-31T07:41:09","guid":{"rendered":"https:\/\/www.europesays.com\/fr\/701481\/"},"modified":"2026-01-31T07:41:09","modified_gmt":"2026-01-31T07:41:09","slug":"a-rennes-ce-bar-restaurant-recherche-des-createurs-et-artisans-pour-participer-a-un-marche-de-nuit","status":"publish","type":"post","link":"https:\/\/www.europesays.com\/fr\/701481\/","title":{"rendered":"\u00c0 Rennes, ce bar-restaurant recherche des cr\u00e9ateurs et artisans pour participer \u00e0 un march\u00e9 de nuit"},"content":{"rendered":"<p>                    Par<br \/>\n        <strong><br \/>\n            <a href=\"https:\/\/actu.fr\/auteur\/clemence-pays02-actu-fr\" title=\"Consulter tous les articles de Cl\u00e9mence Pays\" rel=\"nofollow noopener\" target=\"_blank\">Cl\u00e9mence Pays<\/a><br \/>\n                    <\/strong><\/p>\n<p>        Publi\u00e9 le<\/p>\n<p>            31 janv. 2026 \u00e0 6h34        <\/p>\n<p><strong>Avec &amp; Co<\/strong> est \u00e0 la recherche de talents locaux. Le bar-restaurant de la rue du Breil \u00e0 <a href=\"https:\/\/actu.fr\/rennes\/\" rel=\"nofollow noopener\" target=\"_blank\">Rennes<\/a> organise <strong>un march\u00e9 de nuit<\/strong> qui se tiendra sur trois jours, les<strong> vendredi\u00a024, samedi\u00a025 et dimanche 26\u00a0avril 2026,<\/strong> \u00ab\u2009dans une ambiance festive et chaleureuse\u2009\u00bb.<\/p>\n<p class=\" wall-content\">Marques locales, cr\u00e9ateurs, artisans\u2026 Une <strong>vingtaine d\u2019exposants<\/strong> est recherch\u00e9e pour proposer \u00ab\u2009une s\u00e9lection vari\u00e9e et coh\u00e9rente\u2009\u00bb.<\/p>\n<p>Quels sont les profils recherch\u00e9s\u2009?<\/p>\n<p class=\" wall-content\">L\u2019\u00e9quipe d\u2019Avec &amp; Co recherche des exposants dans<strong> les domaines suivants\u2009:<\/strong><\/p>\n<ul class=\" wall-content\">\n<li>mode, friperie, accessoires\u2009;<\/li>\n<li>bijoux, cr\u00e9ations artisanales\u2009;<\/li>\n<li>illustration, art, prints\u2009;<\/li>\n<li>d\u00e9coration, c\u00e9ramique, pi\u00e8ces uniques\u2009;<\/li>\n<li>bougies, bien-\u00eatre, univers lifestyle.<\/li>\n<\/ul>\n<p class=\" wall-content\">\u00ab\u2009Tout <strong>projet original et qualitatif<\/strong> est le bienvenu. Chaque candidature est \u00e9tudi\u00e9e afin d\u2019assurer une offre diversifi\u00e9e et qualitative\u2009\u00bb, pr\u00e9cise l\u2019\u00e9quipe.<\/p>\n<p class=\" wall-content\"><a href=\"https:\/\/www.instagram.com\/p\/DT-uotrAvT6\/embed\" title=\"Ouvrir le lien sur Instagram\" rel=\"nofollow noopener\" target=\"_blank\">Visualiser le contenu sur Instagram<\/a><\/p>\n<p class=\" wall-content\">Les personnes int\u00e9ress\u00e9es peuvent <strong>candidater d\u00e8s maintenant<\/strong> en adressant par mail (\u00e0 <a href=\"https:\/\/actu.fr\/cdn-cgi\/l\/email-protection\" class=\"__cf_email__\" data-cfemail=\"f99c8f9c979c949c978d909c95b99e8b968c899cd49c978f909cd79f8b\" rel=\"nofollow noopener\" target=\"_blank\">[email\u00a0protected]<\/a>) le nom de la marque et l\u2019univers, des photos des produits et stand propos\u00e9s, le lien du compte Instagram et du site internet.<\/p>\n<p><strong>Infos pratiques\u2009:<\/strong><br \/>March\u00e9 de nuit Avec &amp; Co, vendredi 24\u00a0avril, de 17h \u00e0 22h\u2009; samedi 25\u00a0avril, de 15h \u00e0 22h\u2009; dimanche 26\u00a0avril, de 12h \u00e0 17h.<br \/>Avec &amp; Co, 1, rue du Breil, Rennes.<\/p>\n<p class=\" wall-content\">Personnalisez votre actualit\u00e9 en ajoutant vos villes et m\u00e9dias en favori avec <a href=\"https:\/\/moncompte.actu.fr\" title=\"D\u00e9couvez Mon Actu\" rel=\"nofollow noopener\" data-trk=\"{&quot;cta&quot;:{&quot;action&quot;:&quot;https:\\\/\\\/moncompte.actu.fr&quot;,&quot;category&quot;:&quot;mon compte&quot;,&quot;from&quot;:&quot;article footer&quot;,&quot;name&quot;:&quot;Mon actu&quot;,&quot;type&quot;:&quot;cta&quot;}}\" target=\"_blank\">Mon Actu<\/a>.<\/p>\n<p>                    <script async src=\"\/\/www.instagram.com\/embed.js\"><\/script><\/p>\n","protected":false},"excerpt":{"rendered":"Par Cl\u00e9mence Pays Publi\u00e9 le 31 janv. 2026 \u00e0 6h34 Avec &amp; Co est \u00e0 la recherche de&hellip;\n","protected":false},"author":2,"featured_media":701482,"comment_status":"","ping_status":"","sticky":false,"template":"","format":"standard","meta":{"footnotes":"","_share_on_mastodon":"0"},"categories":[2821],"tags":[1111,11,1477,829,1777,674,1011,27,1652,12,584,25,10619],"class_list":["post-701481","post","type-post","status-publish","format-standard","has-post-thumbnail","category-rennes","tag-actu","tag-actualites","tag-artisanat","tag-bretagne","tag-eu","tag-europe","tag-fr","tag-france","tag-loisirs-culture","tag-news","tag-rennes","tag-republique-francaise","tag-restos-de-rennes"],"share_on_mastodon":{"url":"https:\/\/pubeurope.com\/@fr\/115988588291994729","error":""},"_links":{"self":[{"href":"https:\/\/www.europesays.com\/fr\/wp-json\/wp\/v2\/posts\/701481","targetHints":{"allow":["GET"]}}],"collection":[{"href":"https:\/\/www.europesays.com\/fr\/wp-json\/wp\/v2\/posts"}],"about":[{"href":"https:\/\/www.europesays.com\/fr\/wp-json\/wp\/v2\/types\/post"}],"author":[{"embeddable":true,"href":"https:\/\/www.europesays.com\/fr\/wp-json\/wp\/v2\/users\/2"}],"replies":[{"embeddable":true,"href":"https:\/\/www.europesays.com\/fr\/wp-json\/wp\/v2\/comments?post=701481"}],"version-history":[{"count":0,"href":"https:\/\/www.europesays.com\/fr\/wp-json\/wp\/v2\/posts\/701481\/revisions"}],"wp:featuredmedia":[{"embeddable":true,"href":"https:\/\/www.europesays.com\/fr\/wp-json\/wp\/v2\/media\/701482"}],"wp:attachment":[{"href":"https:\/\/www.europesays.com\/fr\/wp-json\/wp\/v2\/media?parent=701481"}],"wp:term":[{"taxonomy":"category","embeddable":true,"href":"https:\/\/www.europesays.com\/fr\/wp-json\/wp\/v2\/categories?post=701481"},{"taxonomy":"post_tag","embeddable":true,"href":"https:\/\/www.europesays.com\/fr\/wp-json\/wp\/v2\/tags?post=701481"}],"curies":[{"name":"wp","href":"https:\/\/api.w.org\/{rel}","templated":true}]}}