{"id":701483,"date":"2026-01-31T07:42:20","date_gmt":"2026-01-31T07:42:20","guid":{"rendered":"https:\/\/www.europesays.com\/fr\/701483\/"},"modified":"2026-01-31T07:42:20","modified_gmt":"2026-01-31T07:42:20","slug":"monaco-rennes-un-onze-rennais-revolutionne-les-secrets-des-compos-devoiles","status":"publish","type":"post","link":"https:\/\/www.europesays.com\/fr\/701483\/","title":{"rendered":"Monaco \u2013 Rennes : Un Onze Rennais R\u00e9volutionn\u00e9 ? Les Secrets des Compos D\u00e9voil\u00e9s"},"content":{"rendered":"<p>\t\t\t\t\t\t\t\tUn vent de renouveau souffle sur le Rocher<\/p>\n<p><strong>La tension est palpable \u00e0 l\u2019approche du choc entre Monaco et le Stade Rennais.<\/strong> Loin du Roazhon Park, les Bretons s\u2019appr\u00eatent \u00e0 entamer une s\u00e9rie de matchs d\u00e9cisifs, et la composition de leur d\u00e9fense intrigue d\u00e9j\u00e0 tout l\u2019Hexagone. Jacquet et Ait Boudlal, deux noms qui pourraient bien bouleverser la hi\u00e9rarchie d\u00e9fensive du <a href=\"https:\/\/www.teamfootball.fr\/tv-sport\/%f0%9f%9a%a8-live-le-dej-foot-faut-il-senflammer-pour-luis-enrique-rennes-calme-lom-kombouare-pompier-ideal\/\" rel=\"nofollow noopener\" target=\"_blank\">SRFC<\/a>.<\/p>\n<p>  \u26bd\ufe0f Pour Toute l\u2019Actu Foot &amp; Mercato <a href=\"https:\/\/www.teamfootball.fr\/championnats\/ligue-1\/le-secret-du-fc-lorient-quand-le-collectif-depasse-les-blessures-et-fait-basculer-la-saison\/\" rel=\"nofollow noopener\" target=\"_blank\">Ligue 1<\/a> \ud83d\udd35\u26aa\ufe0f\ud83d\udd34 Suivez TeamFootball<\/p>\n<p>Jacquet, l\u2019atout inattendu sous la menace anglaise<\/p>\n<p>Le jeune J\u00e9r\u00e9my Jacquet, pist\u00e9 par <a href=\"https:\/\/www.teamfootball.fr\/championnats\/premier-league\/tottenham-pret-a-frapper-un-grand-coup-le-talent-oublie-de-langleterre-sur-le-point-de-renaitre\/\" rel=\"nofollow noopener\" target=\"_blank\">Chelsea<\/a>, Liverpool et m\u00eame Manchester United, s\u2019impose comme une \u00e9nigme. <strong>Son probable maintien dans le onze rennais, malgr\u00e9 les sir\u00e8nes du mercato, enflamme les supporters.<\/strong> \u00c0 ses c\u00f4t\u00e9s, Ait Boudlal pourrait retrouver une place de titulaire \u00e0 droite, tandis qu\u2019\u00e0 gauche, la concurrence entre Brassier et Seidu s\u2019intensifie. Le chantier d\u00e9fensif est ouvert, et chaque minute sur la pelouse pourrait tout changer.<\/p>\n<p>  Plus d\u2019infos sur TeamFootball<\/p>\n<p>      <a href=\"https:\/\/www.teamfootball.fr\/actu\/dunkerque-guingamp-le-duel-qui-peut-tout-changer-suivez-la-22eme-journee-en-direct\/\" target=\"_blank\" rel=\"nofollow noopener\"><br \/>\n        <img loading=\"lazy\" width=\"768\" height=\"512\" decoding=\"async\" src=\"data:image\/svg+xml,%3Csvg%20xmlns=\" http:=\"\" data-lazy-src=\"https:\/\/www.europesays.com\/fr\/wp-content\/uploads\/2026\/01\/tf-1769840607028-768x512-optimized.jpeg\"\/><br \/>\n        Dunkerque-Guingamp : Le Duel Qui Peut Tout Changer \u2013 Suivez la 22\u00e8me Journ\u00e9e en Direct !<br \/>\n      <\/a><\/p>\n<p>      <a href=\"https:\/\/www.teamfootball.fr\/medias\/foot-people\/le-mystere-du-couple-enzo-fernandez-valentina-cervantes-fortune-contrats-secrets-et-vie-de-reve\/\" target=\"_blank\" rel=\"nofollow noopener\"><br \/>\n        <img loading=\"lazy\" width=\"768\" height=\"512\" decoding=\"async\" src=\"data:image\/svg+xml,%3Csvg%20xmlns=\" http:=\"\" data-lazy-src=\"https:\/\/www.europesays.com\/fr\/wp-content\/uploads\/2026\/01\/tf-1769821128654-768x512-optimized.jpeg\"\/><br \/>\n        Le myst\u00e8re du couple Enzo Fern\u00e1ndez &amp; Valentina Cervantes : fortune, contrats secrets et vie de r\u00eave<br \/>\n      <\/a><\/p>\n<p>Un milieu et une attaque en qu\u00eate de rep\u00e8res<\/p>\n<p>Au c\u0153ur du jeu, l\u2019absence de Rongier redistribue les cartes. Djaoui Ciss\u00e9 devrait endosser le r\u00f4le de sentinelle, tandis qu\u2019en attaque, le d\u00e9part de Me\u00eft\u00e9 laisse un vide. <strong>Habib Beye, pragmatique, ne lancera pas encore Szymanski d\u2019entr\u00e9e, mais le Polonais pourrait bien faire basculer la rencontre en cours de match.<\/strong><\/p>\n<p>Monaco, entre blessures et gestion d\u2019effectif<\/p>\n<p>Face \u00e0 eux, l\u2019AS Monaco doit jongler avec les absences et l\u2019encha\u00eenement des rencontres. Pocognoli pourrait ajuster son onze pour pr\u00e9server ses cadres avant la Ligue des champions et la Coupe de France. La profondeur de banc mon\u00e9gasque sera-t-elle suffisante pour contenir l\u2019incertitude rennaise ?<\/p>\n<p>Les compositions probables : le suspense reste entier<\/p>\n<p><strong>Monaco (3-4-3)<\/strong> : <a href=\"https:\/\/www.teamfootball.fr\/medias\/programmes-tv\/monaco-juventus-le-choc-inattendu-qui-peut-tout-changer-en-ligue-des-champions\/\" rel=\"nofollow noopener\" target=\"_blank\">Kohn<\/a> \u2013 Teze, Zakaria (cap), Kehrer \u2013 Diatta, Coulibaly, L. Camara, Ouattara \u2013 Fati, Balogun, Golovin.<br \/><strong>Rennes (3-5-2)<\/strong> : Samba (cap) \u2013 Ait Boudlal, Jacquet, Brassier (ou Seidu) \u2013 Frankowski, M. Camara, Ciss\u00e9, Merlin, Al-Tamari \u2013 <a href=\"https:\/\/www.teamfootball.fr\/mercato\/mercato-eric-dier-a-monaco-le-pari-sur-dun-vestiaire-en-quete-de-leaders\/\" rel=\"nofollow noopener\" target=\"_blank\">Embolo<\/a>, Lepaul.<\/p>\n<p>Un duel sous haute tension, o\u00f9 chaque choix tactique pourrait \u00e9crire une nouvelle page de la saison\u2026<\/p>\n<p>#MonacoSRFC #Ligue1 #Compositions #Mercato #TeamFootball<\/p>\n","protected":false},"excerpt":{"rendered":"Un vent de renouveau souffle sur le Rocher La tension est palpable \u00e0 l\u2019approche du choc entre Monaco&hellip;\n","protected":false},"author":2,"featured_media":701484,"comment_status":"","ping_status":"","sticky":false,"template":"","format":"standard","meta":{"footnotes":"","_share_on_mastodon":"0"},"categories":[2821],"tags":[1111,11,829,1777,674,1011,27,12,584,25],"class_list":["post-701483","post","type-post","status-publish","format-standard","has-post-thumbnail","category-rennes","tag-actu","tag-actualites","tag-bretagne","tag-eu","tag-europe","tag-fr","tag-france","tag-news","tag-rennes","tag-republique-francaise"],"share_on_mastodon":{"url":"https:\/\/pubeurope.com\/@fr\/115988591120928200","error":""},"_links":{"self":[{"href":"https:\/\/www.europesays.com\/fr\/wp-json\/wp\/v2\/posts\/701483","targetHints":{"allow":["GET"]}}],"collection":[{"href":"https:\/\/www.europesays.com\/fr\/wp-json\/wp\/v2\/posts"}],"about":[{"href":"https:\/\/www.europesays.com\/fr\/wp-json\/wp\/v2\/types\/post"}],"author":[{"embeddable":true,"href":"https:\/\/www.europesays.com\/fr\/wp-json\/wp\/v2\/users\/2"}],"replies":[{"embeddable":true,"href":"https:\/\/www.europesays.com\/fr\/wp-json\/wp\/v2\/comments?post=701483"}],"version-history":[{"count":0,"href":"https:\/\/www.europesays.com\/fr\/wp-json\/wp\/v2\/posts\/701483\/revisions"}],"wp:featuredmedia":[{"embeddable":true,"href":"https:\/\/www.europesays.com\/fr\/wp-json\/wp\/v2\/media\/701484"}],"wp:attachment":[{"href":"https:\/\/www.europesays.com\/fr\/wp-json\/wp\/v2\/media?parent=701483"}],"wp:term":[{"taxonomy":"category","embeddable":true,"href":"https:\/\/www.europesays.com\/fr\/wp-json\/wp\/v2\/categories?post=701483"},{"taxonomy":"post_tag","embeddable":true,"href":"https:\/\/www.europesays.com\/fr\/wp-json\/wp\/v2\/tags?post=701483"}],"curies":[{"name":"wp","href":"https:\/\/api.w.org\/{rel}","templated":true}]}}