{"id":70155,"date":"2025-05-02T20:27:25","date_gmt":"2025-05-02T20:27:25","guid":{"rendered":"https:\/\/www.europesays.com\/fr\/70155\/"},"modified":"2025-05-02T20:27:25","modified_gmt":"2025-05-02T20:27:25","slug":"direct-video-le-mans-rouen-suivez-le-match-de-la-30e-journee-de-national-en-live-sport","status":"publish","type":"post","link":"https:\/\/www.europesays.com\/fr\/70155\/","title":{"rendered":"DIRECT VID\u00c9O. Le Mans &#8211; Rouen\u00a0: suivez le match de la 30e journ\u00e9e de National en live . Sport"},"content":{"rendered":"<p>Le Mans FC peut d\u00e9finitivement entrevoir la Ligue 2, <a href=\"https:\/\/www.ouest-france.fr\/sport\/football\/le-mans-fc\/video-trois-matches-trois-finales-le-mans-fc-a-son-destin-entre-en-main-pour-monter-en-ligue-2-1185e8e5-f5dd-3ec1-aa09-979798e5552c\" target=\"_blank\" rel=\"noopener\">\u00e0 l\u2019issue de cette 30e journ\u00e9e de National<\/a>, ce vendredi 2\u00a0mai 2025 (19 h 30). Les Sarthois accueillent, au\u00a0stade Marie-Marvingt, le Rouen FC, club du ventre mou du championnat, qui ne peut jouer que les arbitres sur cette fin de saison.<\/p>\n<p>Du public attendu<\/p>\n<p>Devant pr\u00e8s de 10\u00a0000\u00a0spectateurs attendus, les Manceaux vont tenter de consolider leur 2e\u00a0place, synonyme d\u2019accession directe. Ils peuvent toujours ambitionner de r\u00e9cup\u00e9rer la place de leader occup\u00e9e par Nancy, m\u00eame si le club du Grand Est peut d\u00e9finitivement valider son titre de champion de National en cas de contre-performance du Mans ce soir\u2026<\/p>\n<p><strong>Lire aussi.<\/strong>\u00a0<a href=\"https:\/\/lemans.maville.com\/sport\/detail_-national.-le-mans-fc-la-montee-en-jeu-et-le-public-au-rendez-vous-face-a-rouen-_14-6788604_actu.Htm\" target=\"_blank\" rel=\"noopener\">National. Le Mans FC\u00a0: la mont\u00e9e en jeu et le public au rendez-vous face \u00e0 Rouen<\/a><\/p>\n<p>Pour le club sarthois, c\u2019est en revanche impossible de valider sa mont\u00e9e en Ligue 2\u00a0math\u00e9matiquement, Boulogne-sur-Mer, le dernier principal concurrent en 3e\u00a0position, n\u2019ayant que deux points de retard. Une d\u00e9faite des Nordistes et une victoire des Manceaux porteraient l\u2019\u00e9cart \u00e0 5\u00a0points, avec deux journ\u00e9es restantes contre Concarneau et Versailles, les 9 et 16\u00a0mai 2025. En revanche Dijon (4e) peut \u00eatre totalement d\u00e9croch\u00e9, m\u00eame si les Dijonnais comptent d\u00e9j\u00e0 8\u00a0points de retard\u2026<\/p>\n<p>\u00a0<\/p>\n","protected":false},"excerpt":{"rendered":"Le Mans FC peut d\u00e9finitivement entrevoir la Ligue 2, \u00e0 l\u2019issue de cette 30e journ\u00e9e de National, ce&hellip;\n","protected":false},"author":2,"featured_media":70156,"comment_status":"","ping_status":"","sticky":false,"template":"","format":"standard","meta":{"footnotes":""},"categories":[9587],"tags":[1111,11,2063,1777,674,1011,27,1922,2693,1393,2487,12,5161,1404,25,2923,9590,4251,853],"class_list":{"0":"post-70155","1":"post","2":"type-post","3":"status-publish","4":"format-standard","5":"has-post-thumbnail","7":"category-rouen","8":"tag-actu","9":"tag-actualites","10":"tag-annonces","11":"tag-eu","12":"tag-europe","13":"tag-fr","14":"tag-france","15":"tag-info","16":"tag-laval","17":"tag-loisirs","18":"tag-meteo","19":"tag-news","20":"tag-normandie","21":"tag-quotidien","22":"tag-republique-francaise","23":"tag-restaurants","24":"tag-rouen","25":"tag-sortir","26":"tag-spectacles"},"share_on_mastodon":{"url":"https:\/\/pubeurope.com\/@fr\/114440126044921980","error":""},"_links":{"self":[{"href":"https:\/\/www.europesays.com\/fr\/wp-json\/wp\/v2\/posts\/70155","targetHints":{"allow":["GET"]}}],"collection":[{"href":"https:\/\/www.europesays.com\/fr\/wp-json\/wp\/v2\/posts"}],"about":[{"href":"https:\/\/www.europesays.com\/fr\/wp-json\/wp\/v2\/types\/post"}],"author":[{"embeddable":true,"href":"https:\/\/www.europesays.com\/fr\/wp-json\/wp\/v2\/users\/2"}],"replies":[{"embeddable":true,"href":"https:\/\/www.europesays.com\/fr\/wp-json\/wp\/v2\/comments?post=70155"}],"version-history":[{"count":0,"href":"https:\/\/www.europesays.com\/fr\/wp-json\/wp\/v2\/posts\/70155\/revisions"}],"wp:featuredmedia":[{"embeddable":true,"href":"https:\/\/www.europesays.com\/fr\/wp-json\/wp\/v2\/media\/70156"}],"wp:attachment":[{"href":"https:\/\/www.europesays.com\/fr\/wp-json\/wp\/v2\/media?parent=70155"}],"wp:term":[{"taxonomy":"category","embeddable":true,"href":"https:\/\/www.europesays.com\/fr\/wp-json\/wp\/v2\/categories?post=70155"},{"taxonomy":"post_tag","embeddable":true,"href":"https:\/\/www.europesays.com\/fr\/wp-json\/wp\/v2\/tags?post=70155"}],"curies":[{"name":"wp","href":"https:\/\/api.w.org\/{rel}","templated":true}]}}