{"id":701896,"date":"2026-01-31T11:58:12","date_gmt":"2026-01-31T11:58:12","guid":{"rendered":"https:\/\/www.europesays.com\/fr\/701896\/"},"modified":"2026-01-31T11:58:12","modified_gmt":"2026-01-31T11:58:12","slug":"danse-avec-les-stars-voici-le-salaire-des-participants-de-cette-saison-et-la-personnalite-la-mieux-payee","status":"publish","type":"post","link":"https:\/\/www.europesays.com\/fr\/701896\/","title":{"rendered":"\u00ab\u00a0Danse avec les stars\u00a0\u00bb\u00a0: voici le salaire des participants de cette saison et la personnalit\u00e9 la mieux pay\u00e9e"},"content":{"rendered":"<p class=\"ap-StoryElement ap-StoryElement--mb ap-StoryText\">La saison 15 de Danse avec les stars est officiellement lanc\u00e9e. Si le premier prime a eu lieu samedi dernier, ce n&rsquo;est qu&rsquo;hier soir que les six derni\u00e8res stars ont foul\u00e9 le parquet pour la premi\u00e8re fois. Emma, Ian Ziering, Lucie Bernardoni, Marcus, Philippe Lellouche et Maghla ont assur\u00e9 leur premi\u00e8re performance de la saison, permettant ainsi d&rsquo;\u00e9tablir un tout premier classement.<\/p>\n<p class=\"ap-StoryElement ap-StoryElement--mb ap-StoryText\">C&rsquo;est toujours la sportive Juju Fitcats qui conserve la premi\u00e8re place, apr\u00e8s sa prestation de samedi dernier avec Jordan Mouillerac. Elle est suivie de Marcus et Emma, deuxi\u00e8mes avec un score ex aequo. Laure Manaudou, St\u00e9phane Bern et Philippe Lellouche ferment quant \u00e0 eux le classement. Et si de nombreuses stars se retrouvent sur un pied d&rsquo;\u00e9galit\u00e9 au niveau des notes, il n&rsquo;en va pas de m\u00eame avec leur salaire. Public a en effet d\u00e9voil\u00e9 le montant accord\u00e9 \u00e0 chaque participant pour cette \u00e9dition. Et si la baisse g\u00e9n\u00e9rale est notable, on remarque aussi d&rsquo;importantes disparit\u00e9s entre les candidats.<\/p>\n","protected":false},"excerpt":{"rendered":"La saison 15 de Danse avec les stars est officiellement lanc\u00e9e. Si le premier prime a eu lieu&hellip;\n","protected":false},"author":2,"featured_media":701897,"comment_status":"","ping_status":"","sticky":false,"template":"","format":"standard","meta":{"footnotes":""},"categories":[1359],"tags":[79586,1000,14797,14591,194,58,59,1011,27,973,35092,14099,3287],"class_list":{"0":"post-701896","1":"post","2":"type-post","3":"status-publish","4":"format-standard","5":"has-post-thumbnail","7":"category-people","8":"tag-cachet","9":"tag-celebrites","10":"tag-cheque","11":"tag-dals","12":"tag-danse-avec-les-stars","13":"tag-divertissement","14":"tag-entertainment","15":"tag-fr","16":"tag-france","17":"tag-people","18":"tag-personnalites","19":"tag-salaire","20":"tag-stars"},"share_on_mastodon":{"url":"https:\/\/pubeurope.com\/@fr\/115989597604042742","error":""},"_links":{"self":[{"href":"https:\/\/www.europesays.com\/fr\/wp-json\/wp\/v2\/posts\/701896","targetHints":{"allow":["GET"]}}],"collection":[{"href":"https:\/\/www.europesays.com\/fr\/wp-json\/wp\/v2\/posts"}],"about":[{"href":"https:\/\/www.europesays.com\/fr\/wp-json\/wp\/v2\/types\/post"}],"author":[{"embeddable":true,"href":"https:\/\/www.europesays.com\/fr\/wp-json\/wp\/v2\/users\/2"}],"replies":[{"embeddable":true,"href":"https:\/\/www.europesays.com\/fr\/wp-json\/wp\/v2\/comments?post=701896"}],"version-history":[{"count":0,"href":"https:\/\/www.europesays.com\/fr\/wp-json\/wp\/v2\/posts\/701896\/revisions"}],"wp:featuredmedia":[{"embeddable":true,"href":"https:\/\/www.europesays.com\/fr\/wp-json\/wp\/v2\/media\/701897"}],"wp:attachment":[{"href":"https:\/\/www.europesays.com\/fr\/wp-json\/wp\/v2\/media?parent=701896"}],"wp:term":[{"taxonomy":"category","embeddable":true,"href":"https:\/\/www.europesays.com\/fr\/wp-json\/wp\/v2\/categories?post=701896"},{"taxonomy":"post_tag","embeddable":true,"href":"https:\/\/www.europesays.com\/fr\/wp-json\/wp\/v2\/tags?post=701896"}],"curies":[{"name":"wp","href":"https:\/\/api.w.org\/{rel}","templated":true}]}}