{"id":70195,"date":"2025-05-02T20:47:15","date_gmt":"2025-05-02T20:47:15","guid":{"rendered":"https:\/\/www.europesays.com\/fr\/70195\/"},"modified":"2025-05-02T20:47:15","modified_gmt":"2025-05-02T20:47:15","slug":"pourquoi-cette-plaque-posee-a-loccasion-du-41e-anniversaire-de-letat-disrael-a-t-elle-ete-demontee","status":"publish","type":"post","link":"https:\/\/www.europesays.com\/fr\/70195\/","title":{"rendered":"pourquoi cette plaque pos\u00e9e \u00e0 l\u2019occasion du 41e anniversaire de l\u2019\u00c9tat d\u2019Isra\u00ebl a-t-elle \u00e9t\u00e9 \u00ab\u00a0d\u00e9mont\u00e9e\u00a0\u00bb"},"content":{"rendered":"<p>Elle y vient souvent. Le week-end surtout. Et ce jeudi aussi, jour de 1er \u00a0mai. Comme \u00e0 chaque fois, elle utilise l\u2019entr\u00e9e plac\u00e9e \u00e0 hauteur d\u2019Interpol, du c\u00f4t\u00e9 de la Cit\u00e9 Internationale pour acc\u00e9der \u00e0 la T\u00eate-d\u2019Or. C\u2019est l\u00e0 que commence sa balade sur le chemin qui ceinture le parc et qui passe devant un lieu de m\u00e9moire, install\u00e9 l\u00e0 depuis 1989, peu avant la Roseraie.\u00a0Il s\u2019agit d\u2019une plaque pos\u00e9e tr\u00e8s officiellement par <a href=\"https:\/\/www.leprogres.fr\/sport\/2025\/03\/15\/aulas-maire-de-lyon-il-pourrait-sans-doute-apporter-quelque-chose-selon-michel-noir\" target=\"_blank\" rel=\"nofollow noopener\"> Michel Noir, alors maire de Lyon<\/a> \u00e0 l\u2019occasion du 41e anniversaire de l\u2019\u00c9tat d\u2019Isra\u00ebl.<\/p>\n<p>Mais aujourd\u2019hui, elle n\u2019y est plus, lance la promeneuse\u00a0qui a contact\u00e9 Le Progr\u00e8s. Elle raconte encore \u00ab\u00a0constern\u00e9e\u00a0\u00bb par ce qu\u2019il s\u2019est pass\u00e9 ce 1er\u00a0mai, un peu apr\u00e8s 13 heures.\u00a0Arriv\u00e9e \u00e0 hauteur de cette plaque, elle voit un \u00ab\u00a0type\u00a0\u00bb pench\u00e9 dessus un tournevis \u00e0 la main. \u00ab\u00a0J\u2019\u00e9tais au t\u00e9l\u00e9phone, j\u2019ai continu\u00e9 \u00e0 marcher. Je ne suis pas intervenue\u00a0\u00bb. \u00c0 vrai dire, poursuit ce t\u00e9moin, \u00ab\u00a0je ne savais pas trop ce qu\u2019il \u00e9tait en train de faire\u00a0\u00bb.<\/p>\n<p>  Une plainte en ligne<\/p>\n<p>C\u2019est en repassant devant qu\u2019elle a compris. \u00ab\u00a0Il \u00e9tait en train d\u2019enlever la plaque, il l\u2019a d\u00e9mont\u00e9e\u00a0\u00bb.\u00a0Apr\u00e8s coup, elle fait des recherches. Et apprend que le message disparu, grav\u00e9 en lettres noires sur fond blanc, signale la plantation d\u2019un arbre par l\u2019ancien d\u00e9put\u00e9 et maire de Lyon, \u00ab\u00a0\u00e0 l\u2019occasion du 41e anniversaire de l\u2019\u00c9tat d\u2019Isra\u00ebl\u00a0\u00bb.<\/p>\n<p>\u00c2g\u00e9e d\u2019une cinquantaine d\u2019ann\u00e9es, cette Lyonnaise du 6e arrondissement d\u00e9cide de porter plainte en ligne et en tout cas, de signaler le fait. N\u2019admettant pas \u00ab\u00a0la d\u00e9gradation du bien public\u00a0\u00bb, elle a souhait\u00e9 informer diff\u00e9rents organismes. S\u2019agit-il d\u2019un\u00a0acte malveillant\u00a0? En tout cas, la dame qui \u00ab\u00a0condamne l\u2019antis\u00e9mitisme\u00a0\u00bb n\u2019est pas \u00ab\u00a0du genre \u00e0 laisser passer ce style d\u2019incident\u00a0\u00bb.<\/p>\n<p>\u00ab\u00a0Le fait nous a \u00e9t\u00e9 relat\u00e9\u00a0\u00bb, d\u00e9clarait ce vendredi 2\u00a0mai le pr\u00e9sident du Conseil repr\u00e9sentatif des institutions juives sans pouvoir, pour autant accr\u00e9diter aucune th\u00e8se.<\/p>\n<p>De son c\u00f4t\u00e9, la mairie affirme qu&rsquo;une plainte va \u00eatre d\u00e9pos\u00e9e.<\/p>\n","protected":false},"excerpt":{"rendered":"Elle y vient souvent. Le week-end surtout. Et ce jeudi aussi, jour de 1er \u00a0mai. Comme \u00e0 chaque&hellip;\n","protected":false},"author":2,"featured_media":70196,"comment_status":"","ping_status":"","sticky":false,"template":"","format":"standard","meta":{"footnotes":""},"categories":[1889],"tags":[1111,11,2430,2757,1777,674,274,107,1011,27,2428,2756,12,25,2429],"class_list":{"0":"post-70195","1":"post","2":"type-post","3":"status-publish","4":"format-standard","5":"has-post-thumbnail","7":"category-lyon","8":"tag-actu","9":"tag-actualites","10":"tag-auvergne-rhone-alpes","11":"tag-edition-lyon-villeurbanne","12":"tag-eu","13":"tag-europe","14":"tag-faits-divers-justice","15":"tag-fil-info","16":"tag-fr","17":"tag-france","18":"tag-lyon","19":"tag-lyon-bassin","20":"tag-news","21":"tag-republique-francaise","22":"tag-rhone"},"share_on_mastodon":{"url":"https:\/\/pubeurope.com\/@fr\/114440205042437015","error":""},"_links":{"self":[{"href":"https:\/\/www.europesays.com\/fr\/wp-json\/wp\/v2\/posts\/70195","targetHints":{"allow":["GET"]}}],"collection":[{"href":"https:\/\/www.europesays.com\/fr\/wp-json\/wp\/v2\/posts"}],"about":[{"href":"https:\/\/www.europesays.com\/fr\/wp-json\/wp\/v2\/types\/post"}],"author":[{"embeddable":true,"href":"https:\/\/www.europesays.com\/fr\/wp-json\/wp\/v2\/users\/2"}],"replies":[{"embeddable":true,"href":"https:\/\/www.europesays.com\/fr\/wp-json\/wp\/v2\/comments?post=70195"}],"version-history":[{"count":0,"href":"https:\/\/www.europesays.com\/fr\/wp-json\/wp\/v2\/posts\/70195\/revisions"}],"wp:featuredmedia":[{"embeddable":true,"href":"https:\/\/www.europesays.com\/fr\/wp-json\/wp\/v2\/media\/70196"}],"wp:attachment":[{"href":"https:\/\/www.europesays.com\/fr\/wp-json\/wp\/v2\/media?parent=70195"}],"wp:term":[{"taxonomy":"category","embeddable":true,"href":"https:\/\/www.europesays.com\/fr\/wp-json\/wp\/v2\/categories?post=70195"},{"taxonomy":"post_tag","embeddable":true,"href":"https:\/\/www.europesays.com\/fr\/wp-json\/wp\/v2\/tags?post=70195"}],"curies":[{"name":"wp","href":"https:\/\/api.w.org\/{rel}","templated":true}]}}