{"id":702120,"date":"2026-01-31T14:19:11","date_gmt":"2026-01-31T14:19:11","guid":{"rendered":"https:\/\/www.europesays.com\/fr\/702120\/"},"modified":"2026-01-31T14:19:11","modified_gmt":"2026-01-31T14:19:11","slug":"jackpot-pour-denitsa-laure-manaudou-quatre-fois-moins-payee-que-son-frere-les-salaires-de-dals-devoiles-melty-fr","status":"publish","type":"post","link":"https:\/\/www.europesays.com\/fr\/702120\/","title":{"rendered":"Jackpot pour Denitsa, Laure Manaudou quatre fois moins pay\u00e9e que son fr\u00e8re : les salaires de DALS d\u00e9voil\u00e9s &#8211; melty.fr"},"content":{"rendered":"<ol>\n<li><a href=\"https:\/\/news.google.com\/rss\/articles\/CBMi2gFBVV95cUxPNWZiZy0wcXprNE03ckswWHRWMm1DMUtGMHM5amM1SjJwQ190WjRkb2dHcm5ZYlJfYVU4S0drY1k0WUFzUDBfenlKQ19GYUQ1YlJHVjhWZlduZlJrN2ljWDl3YXROXzZQRU5tN1JacWxUdFF5MmhhQzdtMms4eVRZVkdULW9vdnA1MGxYT3ZGbVhsZVVXbXBHRWhUSExjVVhoYmFtRjFmRHZIdzVsMDl3cGxMX1lCVUJZRFhZck1yeDY4VmVPZkl6bWU3dUR3VzVpb1N2R1pweFJvUQ?oc=5\" target=\"_blank\" rel=\"nofollow noopener\">Jackpot pour Denitsa, Laure Manaudou quatre fois moins pay\u00e9e que son fr\u00e8re : les salaires de DALS d\u00e9voil\u00e9s<\/a>&nbsp;&nbsp;melty.fr<\/li>\n<li><a href=\"https:\/\/news.google.com\/rss\/articles\/CBMi9wFBVV95cUxQRGtDOVZqaHRJTjRTd3hsYlZCY1NEUWtnOUdCX1dKUU5HWUVrVjdHZEpTZ3plQzFrVjllZHlXU0hEd3VVangwSTI5ZS0zVzY1cDNRVTNnelBwVzFva1o3VDZYdk5Ba3BrUnpBWGlHRFdvMF9pU1pSa1EwNldRSjdWSGRwVFBXTzNPMU1hYUpiVmlOY1pVcFRnaFdGOW1FSlJ1dDJhalMycXJyUTk5OEVZTFYxS2dFR2QwbURxMVVFMVVPY0EtelkwbHNXTWJVWVk0VTNQZ1VvaHJZak5WT2hSSHJUSUdreEhMU2RBUXlNWjhMUmoyTnBz?oc=5\" target=\"_blank\" rel=\"nofollow noopener\">Laure Manaudou, St\u00e9phane Bern, Philippe Lellouche&#8230; Voici combien sont pay\u00e9s les candidats de Danse avec les stars<\/a>&nbsp;&nbsp;Nice-Matin<\/li>\n<li><a href=\"https:\/\/news.google.com\/rss\/articles\/CBMiyAFBVV95cUxOQ1ZZa3pESmhrcFBOVjVGN2tEMUU4VlBZMi0wMGh4clNJVDM3VVItcFYxdTl2d25qQUVrVWMzYld4Z21OMVN5RGEzb2I3LVpfRkhVQUhteDQ1YlVQT2J1dm1wbS01QUtDUk9jWkRLaVBqXzVQSlh0THZtcjh1Wk9EWHNaSDlVZHpyT0tqNkx3S2V3WXc4YzdoWWh1SU43cDRDd0VMb3pvOUdLdldtc3M5MVpscHRPMEpsM3lpSmxKWVI3eXh4ZnR0NQ?oc=5\" target=\"_blank\" rel=\"nofollow noopener\">\u00ab Danse avec les stars \u00bb sur TF1 : Du cha-cha au jive, un prof vous rend incollable sur les danses de l\u2019\u00e9mission<\/a>&nbsp;&nbsp;20 Minutes<\/li>\n<li><a href=\"https:\/\/news.google.com\/rss\/articles\/CBMi7gFBVV95cUxNdzFrY005Tl83MUlwemNKaDlBcEl5TXZKSkhUVUdpSmJVdG1vU0l2YUJCdXBRbG9XbkFyeWVKblNrVXZ2cE1RSy02S2xJUmhuSUZwSGtiUkVnVUtGWGI4WnFhd0hfbU9OaVpBY1NsbnBxeXNBazRnU3R5RmRyU3plUUQtNGcwWEdGYnAydVhMbERCOEJacThjN1BmX0NLRFlCaWpUSzBiYXJzRWtMUHBFcmJ2R1hWa29DR18zRExIUVZNZzV6bXdMTnMwY3E4OHZyWGgwYjNLLTVkTHJtcHlwV3BEU3BHSjB4Wmh1eWJB?oc=5\" target=\"_blank\" rel=\"nofollow noopener\">Danse avec les stars : Elsa Bois, Denista Ikonomova\u2026 voici combien sont pay\u00e9s les danseurs de la nouvelle saison<\/a>&nbsp;&nbsp;Midi Libre<\/li>\n<li><a href=\"https:\/\/news.google.com\/rss\/articles\/CBMijAJBVV95cUxOTVA1a1NzUTFpeVVfamVLVkN5Y2RzdkJZd0EtLXd6STB4eDBOMXJPbTBLZmhpMDZjUndWNmI5bmdJOHdKU1JQVVFLMTZsbVJDMlVHTVpVQlZpNW93NmRFMm5wSy04eWp6NXh3UWhmOVVidlN4c3ZQVlRyRVpPZVRfU1daTEgtVDV5NVNac1pPdVpxOEpUMGpIaXpxSlh6Z2lTVlRiYmJuel9LWS1HTDczUENRa0FQRXRvOGprWjdqQ2xLRU5aQXR2eEJ2aVhKN29SS0xzVGhtM2NGOEZSdnl3RE5KSWhPalU3Q2xNTGsxRENQcHhqdmNpc2RHNWhfay1vRXotclZtZ0VJOHRZ?oc=5\" target=\"_blank\" rel=\"nofollow noopener\">\u00ab Danse avec les stars \u00bb : le show de Marcus, les larmes d\u2019Emma&#8230; Les temps forts de la deuxi\u00e8me soir\u00e9e<\/a>&nbsp;&nbsp;Le Parisien<\/li>\n<\/ol>\n","protected":false},"excerpt":{"rendered":"Jackpot pour Denitsa, Laure Manaudou quatre fois moins pay\u00e9e que son fr\u00e8re : les salaires de DALS d\u00e9voil\u00e9s&nbsp;&nbsp;melty.fr&hellip;\n","protected":false},"author":2,"featured_media":702121,"comment_status":"","ping_status":"","sticky":false,"template":"","format":"standard","meta":{"footnotes":""},"categories":[1359],"tags":[194,58,59,1011,27,2117,973],"class_list":{"0":"post-702120","1":"post","2":"type-post","3":"status-publish","4":"format-standard","5":"has-post-thumbnail","7":"category-people","8":"tag-danse-avec-les-stars","9":"tag-divertissement","10":"tag-entertainment","11":"tag-fr","12":"tag-france","13":"tag-laure-manaudou","14":"tag-people"},"share_on_mastodon":{"url":"https:\/\/pubeurope.com\/@fr\/115990152072629478","error":""},"_links":{"self":[{"href":"https:\/\/www.europesays.com\/fr\/wp-json\/wp\/v2\/posts\/702120","targetHints":{"allow":["GET"]}}],"collection":[{"href":"https:\/\/www.europesays.com\/fr\/wp-json\/wp\/v2\/posts"}],"about":[{"href":"https:\/\/www.europesays.com\/fr\/wp-json\/wp\/v2\/types\/post"}],"author":[{"embeddable":true,"href":"https:\/\/www.europesays.com\/fr\/wp-json\/wp\/v2\/users\/2"}],"replies":[{"embeddable":true,"href":"https:\/\/www.europesays.com\/fr\/wp-json\/wp\/v2\/comments?post=702120"}],"version-history":[{"count":0,"href":"https:\/\/www.europesays.com\/fr\/wp-json\/wp\/v2\/posts\/702120\/revisions"}],"wp:featuredmedia":[{"embeddable":true,"href":"https:\/\/www.europesays.com\/fr\/wp-json\/wp\/v2\/media\/702121"}],"wp:attachment":[{"href":"https:\/\/www.europesays.com\/fr\/wp-json\/wp\/v2\/media?parent=702120"}],"wp:term":[{"taxonomy":"category","embeddable":true,"href":"https:\/\/www.europesays.com\/fr\/wp-json\/wp\/v2\/categories?post=702120"},{"taxonomy":"post_tag","embeddable":true,"href":"https:\/\/www.europesays.com\/fr\/wp-json\/wp\/v2\/tags?post=702120"}],"curies":[{"name":"wp","href":"https:\/\/api.w.org\/{rel}","templated":true}]}}