{"id":70219,"date":"2025-05-02T20:59:10","date_gmt":"2025-05-02T20:59:10","guid":{"rendered":"https:\/\/www.europesays.com\/fr\/70219\/"},"modified":"2025-05-02T20:59:10","modified_gmt":"2025-05-02T20:59:10","slug":"leurope-finit-la-semaine-en-forte-hausse-avec-lemploi-us-et-la-potentielle-desescalade-commerciale-02-05-2025-a-1829","status":"publish","type":"post","link":"https:\/\/www.europesays.com\/fr\/70219\/","title":{"rendered":"L&rsquo;Europe finit la semaine en forte hausse avec l&#8217;emploi US et la potentielle d\u00e9sescalade commerciale &#8211; 02\/05\/2025 \u00e0 18:29"},"content":{"rendered":"<p>        <img fetchpriority=\"high\" decoding=\"async\" src=\"https:\/\/www.europesays.com\/fr\/wp-content\/uploads\/2025\/05\/16f825e3ba08d21b9c62d4de211e3a51-760x415.jpg\" alt=\"Le graphique de l'indice allemand des prix des actions DAX est photographi\u00e9 \u00e0 la bourse de Francfort\" loading=\"eager\" width=\"760\" height=\"415\" style=\"max-width: 100%!important; height: auto;\"\/><\/p>\n<p class=\"c-image-news__legend\">Le graphique de l&rsquo;indice allemand des prix des actions DAX est photographi\u00e9 \u00e0 la bourse de Francfort<\/p>\n<p>\n par Diana Mandia\n<\/p>\n<p>\n Les Bourses europ\u00e9ennes ont termin\u00e9 en nette hausse vendredi, l&rsquo;optimisme apr\u00e8s des donn\u00e9es meilleures que pr\u00e9vu sur l&#8217;emploi aux Etats-Unis et l&rsquo;apaisement des tensions commerciales entre les \u00c9tats-Unis et la Chine ayant att\u00e9nu\u00e9 les craintes d&rsquo;un ralentissement de l&rsquo;\u00e9conomie mondiale.\n<\/p>\n<p>\n \u00c0 Paris, le CAC 40 a pris 2,33% \u00e0 7.770,48 points. \u00c0 Francfort, le Dax a avanc\u00e9 de 2,49% et \u00e0 Londres, le FTSE 100 a progress\u00e9 de 1,17%.\n<\/p>\n<p>\n L&rsquo;indice EuroStoxx 50 a fini sur une hausse de 2,35% et le FTSEurofirst 300 a cr\u00fb de 1,75%.\n<\/p>\n<p>\n Stoxx 600, qui a effac\u00e9 vendredi les pertes subies depuis l&rsquo;annonce des droits de douane am\u00e9ricains massifs au d\u00e9but du mois d&rsquo;avril, a gagn\u00e9 1,68%.\n<\/p>\n<p>\n Sur la semaine, le Stoxx 600 a pris 3,08% et le CAC 40 3,11%.\n<\/p>\n<p>\n L&rsquo;Europe a termin\u00e9 la semaine sur une note optimiste, le soulagement apport\u00e9 par des chiffres de l&#8217;emploi am\u00e9ricains meilleurs que pr\u00e9vu ayant atteint les march\u00e9s du Vieux continent dans un contexte de craintes concernant l&rsquo;\u00e9tat de la premi\u00e8re \u00e9conomie mondiale.\n<\/p>\n<p>\n L&rsquo;\u00e9conomie am\u00e9ricaine a cr\u00e9\u00e9 177.000 emplois en avril, plus que pr\u00e9vu, alors que les \u00e9conomistes interrog\u00e9s par Reuters pr\u00e9voyaient en moyenne 130.000 cr\u00e9ations nettes, ce qui t\u00e9moigne d&rsquo;un march\u00e9 du travail encore r\u00e9silient malgr\u00e9 la politique commerciale erratique du pr\u00e9sident Donald Trump.\n<\/p>\n<p>\n M\u00eame si certains analystes soulignent qu&rsquo;il est trop t\u00f4t pour voir l&rsquo;effet des politiques de Donald Trump &#8211; qui a c\u00e9l\u00e9br\u00e9 cette semaine les 100 premiers jours de son second mandat \u00e0 la Maison blanche -, le rapport sur l&#8217;emploi a d\u00e9j\u00e0 modifi\u00e9 les estimations des traders, qui parient d\u00e9sormais sur le fait que la R\u00e9serve f\u00e9d\u00e9rale (Fed) attendra juillet pour reprendre ses baisses de taux d&rsquo;int\u00e9r\u00eat, alors qu&rsquo;ils pensaient auparavant qu&rsquo;une baisse en juin \u00e9tait plus probable.\n<\/p>\n<p>\n Le risque b\u00e9n\u00e9ficiait d\u00e9j\u00e0 ces derni\u00e8res heures de l&rsquo;espoir d&rsquo;un apaisement des tensions commerciales entre Washington et P\u00e9kin, alors que le minist\u00e8re chinois du Commerce dit \u00eatre en train \u00ab\u00a0d&rsquo;\u00e9valuer\u00a0\u00bb une proposition de Washington en vue d&rsquo;organiser des pourparlers au sujet des surtaxes.\n<\/p>\n<p>\n La possibilit\u00e9 d&rsquo;une d\u00e9sescalade a \u00e9clips\u00e9 les avertissements de plusieurs entreprises de premier plan, dont Apple, sur la hausse des co\u00fbts provoqu\u00e9e par le protectionnisme am\u00e9ricain.\n<\/p>\n<p>\n VALEURS\n<\/p>\n<p>\n \u00c0 Paris, le titre Airbus a sign\u00e9 vendredi une des plus fortes hausses du CAC 40 (+5,3%) apr\u00e8s que l&rsquo;avionneur europ\u00e9en a annonc\u00e9 mercredi des r\u00e9sultats trimestriels d\u00e9passant les attentes et confirm\u00e9 ses objectifs pour 2025.\n<\/p>\n<p>\n Ailleurs en Europe, Shell a pris 2%, malgr\u00e9 la baisse de son b\u00e9n\u00e9fice trimestriel, qui reste toutefois au-dessus des attentes.\n<\/p>\n<p>\n La banque n\u00e9erlandaise ING, qui a annonc\u00e9 vendredi le lancement d&rsquo;un nouveau programme de rachat d&rsquo;actions et a publi\u00e9 un b\u00e9n\u00e9fice sup\u00e9rieur aux attentes pour le premier trimestre, a progress\u00e9 quant \u00e0 elle de 7,3%.\n<\/p>\n<p>\n A WALL STREET\n<\/p>\n<p>\n A l&rsquo;heure de la cl\u00f4ture en Europe, le Dow Jones prend 1,17%, le Standard &amp; Poor&rsquo;s 500 avance 1,34% et le Nasdaq Composite progresse de 1,48%.\n<\/p>\n<p>\n Apple, qui a estim\u00e9 jeudi que ses co\u00fbts augmenteraient d&rsquo;environ 900 millions de dollars au trimestre se terminant en juin en raison des droits de douane. L&rsquo;action du fabricant de de l&rsquo;iPhone recule de 3,8%.\n<\/p>\n<p>\n LES INDICATEURS DU JOUR\n<\/p>\n<p>\n En zone euro, la hausse de la production manufacturi\u00e8re en avril au rythme le plus rapide en un peu plus de trois ans a \u00e9galement soutenu la tendance positive, alors que les trois plus grandes \u00e9conomies du bloc, l&rsquo;Allemagne, la France et l&rsquo;Italie, montrent des signes de reprise.\n<\/p>\n<p>\n Sur le front des prix, l&rsquo;inflation s&rsquo;est maintenue stable dans la zone euro en avril, mais les pressions sous-jacentes sur les prix ont augment\u00e9 plus que pr\u00e9vu, une situation susceptible d&rsquo;inqui\u00e9ter certains responsables de politique mon\u00e9taire, bien que la guerre commerciale puisse justifier de nouvelles r\u00e9ductions des taux d&rsquo;int\u00e9r\u00eat.\n<\/p>\n<p>\n CHANGES\n<\/p>\n<p>\n Le dollar, qui reculait d\u00e9j\u00e0 plus t\u00f4t dans la journ\u00e9e avec les signes d&rsquo;un apaisement des tensions commerciales, poursuit ses pertes apr\u00e8s la publication du rapport sur l&#8217;emploi aux \u00c9tats-Unis, qui a renforc\u00e9 le go\u00fbt du risque.\n<\/p>\n<p>\n Le billet vert perd 0,41% face \u00e0 un panier de devises de r\u00e9f\u00e9rence, tandis que l&rsquo;euro gagne 0,28% \u00e0 1,1323 dollar.\n<\/p>\n<p>\n TAUX\n<\/p>\n<p>\n Les rendements des obligations de la zone euro ont progress\u00e9 vendredi, suivant les mouvements de leurs hoomologues du Tr\u00e9sor am\u00e9ricain apr\u00e8s la publication de bons chiffres sur l&#8217;emploi, et alors que les op\u00e9rateurs ont r\u00e9duit leurs paris sur les r\u00e9ductions de taux de la Banque centrale europ\u00e9enne (BCE) face aux signes d&rsquo;apaisement des tensions commerciales.\n<\/p>\n<p>\n Le rendement du Bund allemand \u00e0 dix ans affiche 8,1  points de base \u00e0 2,5200%. Le deux ans affiche  7,2  points de base \u00e0 1,7680%.\n<\/p>\n<p>\n Aux Etats-Unis, les rendements du Tr\u00e9sor am\u00e9ricain augmentent \u00e9galement, port\u00e9s par les donn\u00e9es plus fortes que pr\u00e9vu de l&#8217;emploi am\u00e9ricain, ce qui a conduit les traders \u00e0 r\u00e9duire les paris sur une baisse des taux de la Fed en juin.\n<\/p>\n<p>\n Le rendement des Treasuries \u00e0 dix ans avance de 7,7  points de base \u00e0 4,3083%. Le deux ans prend quant \u00e0 lui 10,6 \u00e0 3,8075%\n<\/p>\n<p>\n P\u00c9TROLE\n<\/p>\n<p>\n Les prix du p\u00e9trole continuent de baisser, les investisseurs se positionnant avant la d\u00e9cision attendue de l&rsquo;Opep+ d&rsquo;augmenter la production.\n<\/p>\n<p>\n Le Brent recule de 1,51% \u00e0 61,19 dollars le baril et le brut l\u00e9ger am\u00e9ricain (West Texas Intermediate, WTI) perd 1,81% \u00e0 58,17 dollars.\n<\/p>\n<p>\n (R\u00e9dig\u00e9 par Diana Mandi\u00e1)<\/p>\n","protected":false},"excerpt":{"rendered":"Le graphique de l&rsquo;indice allemand des prix des actions DAX est photographi\u00e9 \u00e0 la bourse de Francfort par&hellip;\n","protected":false},"author":2,"featured_media":70220,"comment_status":"","ping_status":"","sticky":false,"template":"","format":"standard","meta":{"footnotes":""},"categories":[1586],"tags":[400,11,398,408,405,1777,674,1011,27,403,402,399,404,12,25,401,406,407],"class_list":{"0":"post-70219","1":"post","2":"type-post","3":"status-publish","4":"format-standard","5":"has-post-thumbnail","7":"category-europe","8":"tag-action-cac-40","9":"tag-actualites","10":"tag-bourse-de-paris","11":"tag-boursorama","12":"tag-cotations","13":"tag-eu","14":"tag-europe","15":"tag-fr","16":"tag-france","17":"tag-indices-devises","18":"tag-investir","19":"tag-investissement","20":"tag-marche-boursier","21":"tag-news","22":"tag-republique-francaise","23":"tag-sicav","24":"tag-trackers","25":"tag-warrants"},"share_on_mastodon":{"url":"https:\/\/pubeurope.com\/@fr\/114440251890775051","error":""},"_links":{"self":[{"href":"https:\/\/www.europesays.com\/fr\/wp-json\/wp\/v2\/posts\/70219","targetHints":{"allow":["GET"]}}],"collection":[{"href":"https:\/\/www.europesays.com\/fr\/wp-json\/wp\/v2\/posts"}],"about":[{"href":"https:\/\/www.europesays.com\/fr\/wp-json\/wp\/v2\/types\/post"}],"author":[{"embeddable":true,"href":"https:\/\/www.europesays.com\/fr\/wp-json\/wp\/v2\/users\/2"}],"replies":[{"embeddable":true,"href":"https:\/\/www.europesays.com\/fr\/wp-json\/wp\/v2\/comments?post=70219"}],"version-history":[{"count":0,"href":"https:\/\/www.europesays.com\/fr\/wp-json\/wp\/v2\/posts\/70219\/revisions"}],"wp:featuredmedia":[{"embeddable":true,"href":"https:\/\/www.europesays.com\/fr\/wp-json\/wp\/v2\/media\/70220"}],"wp:attachment":[{"href":"https:\/\/www.europesays.com\/fr\/wp-json\/wp\/v2\/media?parent=70219"}],"wp:term":[{"taxonomy":"category","embeddable":true,"href":"https:\/\/www.europesays.com\/fr\/wp-json\/wp\/v2\/categories?post=70219"},{"taxonomy":"post_tag","embeddable":true,"href":"https:\/\/www.europesays.com\/fr\/wp-json\/wp\/v2\/tags?post=70219"}],"curies":[{"name":"wp","href":"https:\/\/api.w.org\/{rel}","templated":true}]}}