{"id":702221,"date":"2026-01-31T15:19:17","date_gmt":"2026-01-31T15:19:17","guid":{"rendered":"https:\/\/www.europesays.com\/fr\/702221\/"},"modified":"2026-01-31T15:19:17","modified_gmt":"2026-01-31T15:19:17","slug":"la-ville-de-mios-frappee-par-une-tornade-pas-de-blesse-mais-des-degats-importants","status":"publish","type":"post","link":"https:\/\/www.europesays.com\/fr\/702221\/","title":{"rendered":"la ville de Mios frapp\u00e9e par une tornade, pas de bless\u00e9 mais des d\u00e9g\u00e2ts importants"},"content":{"rendered":"<p class=\"article__intro\">Ce samedi 31 janvier, autour de 12 heures, la ville de Mios, en Gironde, a \u00e9t\u00e9 touch\u00e9e par le passage d&rsquo;une tornade. S&rsquo;il n&rsquo;y a pour le moment aucun bless\u00e9, la municipalit\u00e9 et les pompiers, toujours sur place, font \u00e9tat de d\u00e9g\u00e2ts importants.<\/p>\n<p>\n      L\u2019actu des r\u00e9gions\n    <\/p>\n<p>\n      Chaque jour, un tour d\u2019horizon des principales infos de toutes les r\u00e9gions.\n    <\/p>\n<p>    France T\u00e9l\u00e9visions utilise votre adresse e-mail afin de vous envoyer la newsletter \u00ab\u00a0L\u2019actu des r\u00e9gions\u00a0\u00bb. Vous pouvez vous d\u00e9sinscrire \u00e0 tout moment via le lien en bas de cette newsletter. <a target=\"_blank\" href=\"https:\/\/www.francetelevisions.fr\/groupe\/confidentialite\/politique-de-confidentialite\/politique-de-confidentialite-de-france-televisions-6503\" rel=\"nofollow noopener\">Notre politique de confidentialit\u00e9<\/a><\/p>\n<p>Le ph\u00e9nom\u00e8ne est rare et les images spectaculaires. Peu apr\u00e8s midi, ce samedi 31 janvier, une tornade s\u2019est form\u00e9e \u00e0 Mios, en Gironde, \u00e0 quelques kilom\u00e8tres seulement de la terrasse d\u2019une habitante. La sc\u00e8ne, film\u00e9e puis largement relay\u00e9e sur les r\u00e9seaux sociaux, a suscit\u00e9 de nombreuses r\u00e9actions.<\/p>\n<p>Selon le maire de la commune, C\u00e9dric Pain, la tornade a frapp\u00e9 un couloir de vent tr\u00e8s localis\u00e9, touchant le centre-ville ainsi que les rues des Navarries, des \u00c9coles et de Peyot. \u00ab\u00a0Tout a \u00e9t\u00e9 soulev\u00e9 en quelques secondes\u00a0\u00bb, rapporte la municipalit\u00e9, d\u00e9crivant des images \u00ab\u00a0impressionnantes\u00a0\u00bb.<\/p>\n<\/p>\n<p>Du c\u00f4t\u00e9 de M\u00e9t\u00e9o-France, les premi\u00e8res analyses et \u00ab\u00a0la rotation du vent avec les feuilles mortes et les branches\u00a0\u00bb confortent fortement la th\u00e8se de la tornade, affirme Philippe Caron, ing\u00e9nieur M\u00e9t\u00e9o-France \u00e0 M\u00e9rignac. La cellule orageuse associ\u00e9e \u00e0 ce ph\u00e9nom\u00e8ne aurait \u00e9t\u00e9 rep\u00e9r\u00e9e sur l\u2019axe Mios\u2013Biganos vers 12 h 05, avant de se d\u00e9placer en direction du nord de Belin-B\u00e9liet puis de Saint-Magne, o\u00f9 elle \u00e9tait localis\u00e9e vers 12 h 20.<\/p>\n<p><a data-article-figure=\"\" href=\"https:\/\/france3-regions.franceinfo.fr\/image\/dDhJe6of6BEYxRMmG2Mvjv8faOM\/900x1600\/regions\/2026\/01\/31\/whatsapp-image-2026-01-31-at-14-57-34-697e0a9d0931d788494140.jpg\" data-pswp-width=\"900\" data-pswp-height=\"1600\" target=\"_blank\" rel=\"nofollow noopener\"><\/p>\n<p>          <img width=\"600\" height=\"400\" class=\"article-image lazy\" data-src=\"https:\/\/www.europesays.com\/fr\/wp-content\/uploads\/2026\/01\/whatsapp-image-2026-01-31-at-14-57-34-697e0a9d0931d788494140.jpg\" alt=\"Des toitures ont \u00e9t\u00e9 arrach\u00e9es. \" fetchpriority=\"high\" as=\"image\"\/><\/p>\n<p>\n            Des toitures ont \u00e9t\u00e9 arrach\u00e9es.<br \/>\n                           \u2022<br \/>\n                                      \u00a9 Ville de Mios\n                      <\/p>\n<p><\/a><\/p>\n<p>La tornade, qualifi\u00e9e de \u00ab\u00a0dynamique\u00a0\u00bb par ls pompiers, s&rsquo;est d\u00e9plac\u00e9e dans plusieurs rues du centre-ville de fa\u00e7on tr\u00e8s localis\u00e9e. Entre 200 et 300 habitations auraient \u00e9t\u00e9 touch\u00e9es, principalement par des envols de tuiles, des chutes d\u2019arbres et des d\u00e9bris projet\u00e9s par la violence du vent. Les d\u00e9g\u00e2ts sont jug\u00e9s importants sur certaines toitures et sur la voirie, mais aucune victime n\u2019est \u00e0 d\u00e9plorer, a confirm\u00e9 la municipalit\u00e9. <\/p>\n<\/p>\n<p>Face \u00e0 la situation, le plan communal d\u2019urgence a \u00e9t\u00e9 activ\u00e9 \u00ab\u00a0afin d&rsquo;accompagner au mieux les habitants touch\u00e9s\u00a0\u00bb. Environ 150 sapeurs-pompiers ont \u00e9t\u00e9 mobilis\u00e9s pour s\u00e9curiser les zones sinistr\u00e9es, \u00e9paul\u00e9s par des \u00e9quipes qui utilisent des drones afin d\u2019\u00e9valuer l\u2019\u00e9tendue des d\u00e9g\u00e2ts. Un centre de commandement a \u00e9t\u00e9 install\u00e9 au niveau des services techniques de la ville pour coordonner les interventions.<\/p>\n<p>Des difficult\u00e9s de circulation ont \u00e9galement \u00e9t\u00e9 signal\u00e9es, notamment sur l\u2019autoroute A63, o\u00f9 plusieurs arbres sont tomb\u00e9s sur la chauss\u00e9e. Les services municipaux restent pleinement mobilis\u00e9s pour d\u00e9gager les axes et r\u00e9tablir la circulation. Les informations et les contacts t\u00e9l\u00e9phoniques d&rsquo;urgence sont disponibles sur la page Facebook de la mairie.<\/p>\n<\/p>\n<p>Pour les habitants dont les logements sont temporairement inhabitables, des salles communales ont \u00e9t\u00e9 mises \u00e0 disposition afin d\u2019assurer un h\u00e9bergement d\u2019urgence. Un accueil sp\u00e9cifique a \u00e9galement \u00e9t\u00e9 ouvert pour recenser les sinistr\u00e9s, transmettre les informations utiles et rassurer la population. Mais \u00e0 ce jour, seules deux familles auraient fait une demande de relogement, pr\u00e9cisent les pompiers dans un point presse cet apr\u00e8s-midi<\/p>\n<p>Les op\u00e9rations de recensement sont \u00e9galement toujours en cours, \u00ab\u00a0essentiel pour organiser l\u2019aide et le suivi de la situation\u00a0\u00bb.<\/p>\n","protected":false},"excerpt":{"rendered":"Ce samedi 31 janvier, autour de 12 heures, la ville de Mios, en Gironde, a \u00e9t\u00e9 touch\u00e9e par&hellip;\n","protected":false},"author":2,"featured_media":702222,"comment_status":"","ping_status":"","sticky":false,"template":"","format":"standard","meta":{"footnotes":""},"categories":[4],"tags":[11,1011,27,12,25],"class_list":{"0":"post-702221","1":"post","2":"type-post","3":"status-publish","4":"format-standard","5":"has-post-thumbnail","7":"category-france","8":"tag-actualites","9":"tag-fr","10":"tag-france","11":"tag-news","12":"tag-republique-francaise"},"share_on_mastodon":{"url":"https:\/\/pubeurope.com\/@fr\/115990387940089884","error":""},"_links":{"self":[{"href":"https:\/\/www.europesays.com\/fr\/wp-json\/wp\/v2\/posts\/702221","targetHints":{"allow":["GET"]}}],"collection":[{"href":"https:\/\/www.europesays.com\/fr\/wp-json\/wp\/v2\/posts"}],"about":[{"href":"https:\/\/www.europesays.com\/fr\/wp-json\/wp\/v2\/types\/post"}],"author":[{"embeddable":true,"href":"https:\/\/www.europesays.com\/fr\/wp-json\/wp\/v2\/users\/2"}],"replies":[{"embeddable":true,"href":"https:\/\/www.europesays.com\/fr\/wp-json\/wp\/v2\/comments?post=702221"}],"version-history":[{"count":0,"href":"https:\/\/www.europesays.com\/fr\/wp-json\/wp\/v2\/posts\/702221\/revisions"}],"wp:featuredmedia":[{"embeddable":true,"href":"https:\/\/www.europesays.com\/fr\/wp-json\/wp\/v2\/media\/702222"}],"wp:attachment":[{"href":"https:\/\/www.europesays.com\/fr\/wp-json\/wp\/v2\/media?parent=702221"}],"wp:term":[{"taxonomy":"category","embeddable":true,"href":"https:\/\/www.europesays.com\/fr\/wp-json\/wp\/v2\/categories?post=702221"},{"taxonomy":"post_tag","embeddable":true,"href":"https:\/\/www.europesays.com\/fr\/wp-json\/wp\/v2\/tags?post=702221"}],"curies":[{"name":"wp","href":"https:\/\/api.w.org\/{rel}","templated":true}]}}