{"id":702230,"date":"2026-01-31T15:29:11","date_gmt":"2026-01-31T15:29:11","guid":{"rendered":"https:\/\/www.europesays.com\/fr\/702230\/"},"modified":"2026-01-31T15:29:11","modified_gmt":"2026-01-31T15:29:11","slug":"ahmed-sylla-en-couple-je-sais-que-je-suis-ses-rares-confidences-sur-son-orientation-sexuelle","status":"publish","type":"post","link":"https:\/\/www.europesays.com\/fr\/702230\/","title":{"rendered":"Ahmed Sylla en couple ? \u00ab\u00a0Je sais que je suis\u2026\u00a0\u00bb, ses rares confidences sur son orientation sexuelle"},"content":{"rendered":"<p data-start=\"332\" data-end=\"776\">Grand nom de l\u2019humour fran\u00e7ais,<br \/>\nAhmed Sylla sera <a href=\"https:\/\/www.closermag.fr\/tv_tele_realite\/ce-nest-pas-moi-du-tout-malaise-dans-quelle-epoque-lea-salame-se-plante-en-voulant-reveler-une-photo-de-muriel-robin-3608336\" rel=\"nofollow noopener\" target=\"_blank\"><br \/>\nsur le plateau de Quelle<br \/>\n\u00e9poque<\/a> le samedi 31 janvier. R\u00e9v\u00e9l\u00e9 <a href=\"https:\/\/www.closermag.fr\/people\/ahmed-sylla-a-quoi-ressemblait-il-a-ses-debuts-a-la-television-3516682\" rel=\"nofollow noopener\" target=\"_blank\"><br \/>\nau d\u00e9but des ann\u00e9es 2010<\/a> par l\u2019\u00e9mission On n\u2019demande qu\u2019\u00e0 en rire, il s\u2019est impos\u00e9 en<br \/>\nune quinzaine d\u2019ann\u00e9es comme l\u2019un des artistes les plus populaires<br \/>\net polyvalents de sa g\u00e9n\u00e9ration. Humoriste \u00e0 succ\u00e8s et acteur<br \/>\nreconnu, il passe d\u00e9sormais derri\u00e8re la cam\u00e9ra et pr\u00e9sentera son<br \/>\nfilm \u201cL\u2019Infiltr\u00e9e\u201d au<br \/>\nfestival de l\u2019Alpe d\u2019Huez.<\/p>\n<p data-start=\"778\" data-end=\"1036\">S\u2019il est tr\u00e8s pr\u00e9sent sur sc\u00e8ne<br \/>\net \u00e0 l\u2019\u00e9cran, Ahmed Sylla fait partie des artistes qui ont choisi<br \/>\nde rester <a href=\"https:\/\/www.closermag.fr\/people\/je-sentais-que-je-partais-ahmed-sylla-fait-des-revelations-sur-sa-tentative-de-suicide-3500538\" rel=\"nofollow noopener\" target=\"_blank\"><br \/>\ntr\u00e8s discrets sur leur vie priv\u00e9e.<\/a> Pourtant, il a d\u00e9j\u00e0 fait<br \/>\nquelques rares confidences sur son orientation sexuelle, auxquelles<br \/>\non ne s\u2019attendait pas.<\/p>\n<p><strong data-start=\"1041\" data-end=\"1090\">De quoi parle le nouveau film d\u2019Ahmed Sylla<br \/>\n?<\/strong><\/p>\n<p data-start=\"1092\" data-end=\"1575\">Aussi \u00e0 l\u2019aise sur la sc\u00e8ne<br \/>\nd\u2019un th\u00e9\u00e2tre que sur un plateau de tournage, <strong>Ahmed Sylla<br \/>\n\u00e9crit une nouvelle page de sa carri\u00e8re<\/strong> avec <strong>son<br \/>\nfilm intitul\u00e9 \u201cL\u2019Infiltr\u00e9e\u201d.<\/strong> Cette com\u00e9die, o\u00f9 il partage<br \/>\nl\u2019affiche avec Mich\u00e8le Laroque et Kaaris, raconte l\u2019histoire d\u2019un<br \/>\nfonctionnaire de police maladroit qui se voit confier une mission<br \/>\nd\u2019infiltration ultra-sensible. Pour cela, il va devoir se<br \/>\ntransformer en femme et int\u00e9grer un terrible gang de guerri\u00e8res<br \/>\ndirig\u00e9 par le redoutable \u201cTonton\u201d.<\/p>\n<p data-start=\"1577\" data-end=\"2037\">Ce n\u2019est pas la premi\u00e8re fois<br \/>\nque l\u2019humoriste enfile <strong>un costume de femme.<\/strong> Sur<br \/>\nsc\u00e8ne, il a l\u2019habitude de faire des sc\u00e9nettes o\u00f9 il se maquille et<br \/>\nse d\u00e9guise, afin de se moquer gentiment de la gent f\u00e9minine. Alors<br \/>\nqu\u2019il endosse si bien ce r\u00f4le, certains se sont pos\u00e9 des questions<br \/>\nquant \u00e0 son orientation sexuelle. D\u2019ailleurs, lui qui parle tr\u00e8s<br \/>\npeu de sa vie priv\u00e9e et encore moins de sa vie amoureuse, a d\u00e9j\u00e0<br \/>\nlaiss\u00e9 \u00e9chapper quelques informations sur ce sujet.<\/p>\n<p><strong data-start=\"2042\" data-end=\"2095\">Quelle est l\u2019orientation<br \/>\nsexuelle d\u2019Ahmed Sylla ?<\/strong><\/p>\n<p data-start=\"2097\" data-end=\"2560\">Ces confidences, Ahmed Sylla<br \/>\nles a faites en 2023, alors qu\u2019il \u00e9tait l\u2019invit\u00e9 du portrait de la<br \/>\nsemaine d\u2019Audrey Crespo-Mara dans Sept \u00e0 Huit, diffus\u00e9 sur TF1. Alors qu\u2019il revenait sur<br \/>\nses d\u00e9guisements de femme lors de ses spectacles, il avait expliqu\u00e9<br \/>\n: \u201cJe me pose tellement pas<br \/>\nde questions sur ma sexualit\u00e9 que je n\u2019ai rien besoin de refouler.<br \/>\n<strong>Je sais que je suis h\u00e9t\u00e9ro, je sais que j\u2019aime les<br \/>\nfemmes\u2026<\/strong> \u00c7a peut \u00eatre tr\u00e8s bizarre, m\u00eame pour mes<br \/>\nparents\u201d. Par la suite, il avait poursuivi en disant :<br \/>\n\u201cAu d\u00e9but, c\u2019\u00e9tait tr\u00e8s<br \/>\nbizarre : \u2018Est-ce qu\u2019il essaye de nous faire passer un message ?<br \/>\nEst-ce qu\u2019il veut nous dire quelque chose ?\u2019 Et je sais que<br \/>\nbeaucoup de personnes se sont pos\u00e9es la question. Mais<br \/>\nnon.\u201d<\/p>\n<p data-start=\"2820\" data-end=\"3040\">Ce sont les seules<br \/>\ninformations que l\u2019humoriste, qui a jou\u00e9 dans \u201cSuper papa\u201d, a communiqu\u00e9es. \u00c0 l\u2019heure<br \/>\nactuelle, on ne sait pas s\u2019il est en couple ou c\u00e9libataire. On sait<br \/>\nsimplement qu\u2019il est papa d\u2019une petite fille.<\/p>\n","protected":false},"excerpt":{"rendered":"Grand nom de l\u2019humour fran\u00e7ais, Ahmed Sylla sera sur le plateau de Quelle \u00e9poque le samedi 31 janvier.&hellip;\n","protected":false},"author":2,"featured_media":702231,"comment_status":"","ping_status":"","sticky":false,"template":"","format":"standard","meta":{"footnotes":""},"categories":[1359],"tags":[21303,58,59,1011,27,70202,973,65861],"class_list":{"0":"post-702230","1":"post","2":"type-post","3":"status-publish","4":"format-standard","5":"has-post-thumbnail","7":"category-people","8":"tag-buzz_nonli","9":"tag-divertissement","10":"tag-entertainment","11":"tag-fr","12":"tag-france","13":"tag-marfeel_connexes","14":"tag-people","15":"tag-trend"},"share_on_mastodon":{"url":"https:\/\/pubeurope.com\/@fr\/115990427327307381","error":""},"_links":{"self":[{"href":"https:\/\/www.europesays.com\/fr\/wp-json\/wp\/v2\/posts\/702230","targetHints":{"allow":["GET"]}}],"collection":[{"href":"https:\/\/www.europesays.com\/fr\/wp-json\/wp\/v2\/posts"}],"about":[{"href":"https:\/\/www.europesays.com\/fr\/wp-json\/wp\/v2\/types\/post"}],"author":[{"embeddable":true,"href":"https:\/\/www.europesays.com\/fr\/wp-json\/wp\/v2\/users\/2"}],"replies":[{"embeddable":true,"href":"https:\/\/www.europesays.com\/fr\/wp-json\/wp\/v2\/comments?post=702230"}],"version-history":[{"count":0,"href":"https:\/\/www.europesays.com\/fr\/wp-json\/wp\/v2\/posts\/702230\/revisions"}],"wp:featuredmedia":[{"embeddable":true,"href":"https:\/\/www.europesays.com\/fr\/wp-json\/wp\/v2\/media\/702231"}],"wp:attachment":[{"href":"https:\/\/www.europesays.com\/fr\/wp-json\/wp\/v2\/media?parent=702230"}],"wp:term":[{"taxonomy":"category","embeddable":true,"href":"https:\/\/www.europesays.com\/fr\/wp-json\/wp\/v2\/categories?post=702230"},{"taxonomy":"post_tag","embeddable":true,"href":"https:\/\/www.europesays.com\/fr\/wp-json\/wp\/v2\/tags?post=702230"}],"curies":[{"name":"wp","href":"https:\/\/api.w.org\/{rel}","templated":true}]}}