{"id":70235,"date":"2025-05-02T21:10:14","date_gmt":"2025-05-02T21:10:14","guid":{"rendered":"https:\/\/www.europesays.com\/fr\/70235\/"},"modified":"2025-05-02T21:10:14","modified_gmt":"2025-05-02T21:10:14","slug":"hadjar-depasse-toutes-les-attentes-de-red-bull","status":"publish","type":"post","link":"https:\/\/www.europesays.com\/fr\/70235\/","title":{"rendered":"Hadjar \u00ab\u00a0d\u00e9passe toutes les attentes\u00a0\u00bb de Red Bull"},"content":{"rendered":"<p><a href=\"https:\/\/fr.motorsport.com\/driver\/isack-hadjar\/876622\/\" target=\"_blank\" rel=\"noopener\">Isack Hadjar<\/a> continue de marquer les esprits dans le clan <a href=\"https:\/\/fr.motorsport.com\/team\/red-bull\/553\/\" target=\"_blank\" rel=\"noopener\">Red Bull<\/a>. Son accident avant m\u00eame le d\u00e9part du GP d&rsquo;Australie lui avait valu les foudres de Helmut Marko, qui <a href=\"https:\/\/fr.motorsport.com\/f1\/news\/marko-hadjar-larmes-embarrassantes-accident-melbourne\/10704321\/\" target=\"_blank\" rel=\"noopener\">n&rsquo;avait pas appr\u00e9ci\u00e9 ses larmes<\/a>, mais le conseiller de Red Bull a vite dress\u00e9 les louanges du Fran\u00e7ais.<\/p>\n<p>D\u00e8s le GP de Chine, Marko a <a href=\"https:\/\/fr.motorsport.com\/f1\/news\/marko-hadjar-plus-impressionnant-tsunoda\/10706118\/\" target=\"_blank\" rel=\"noopener\">jug\u00e9 Hadjar \u00ab\u00a0encore plus impressionnant\u00a0\u00bb<\/a>\u00a0que <a href=\"https:\/\/fr.motorsport.com\/driver\/yuki-tsunoda\/828578\/\" target=\"_blank\" rel=\"noopener\">Yuki Tsunoda<\/a> et \u00e0 Bahre\u00efn, il a reconnu que <a href=\"https:\/\/fr.motorsport.com\/f1\/news\/marko-impressionne-hadjar-rapide-spectaculaire\/10712155\/\" target=\"_blank\" rel=\"noopener\">ses performances \u00e9taient une \u00ab\u00a0grosse surprise\u00a0\u00bb<\/a>\u00a0pour le clan Red Bull. Le pilote <a href=\"https:\/\/fr.motorsport.com\/team\/racing-bulls-610\/610\/\" target=\"_blank\" rel=\"noopener\">Racing Bulls<\/a>, qui s&rsquo;est surtout illustr\u00e9 avec sa huiti\u00e8me place derri\u00e8re les pilotes des top teams \u00e0 Suzuka, a \u00e9galement s\u00e9duit Christian Horner.<\/p>\n<p>\u00ab\u00a0Je pense qu&rsquo;il a d\u00e9pass\u00e9 toutes nos attentes\u00a0\u00bb, a comment\u00e9 le patron de l&rsquo;\u00e9quipe Red Bull, interrog\u00e9 par Sky Sports F1. \u00ab\u00a0Il est vraiment impressionnant pour le moment cette saison, surtout sur les pistes sur lesquelles il n&rsquo;a jamais roul\u00e9. Il a tr\u00e8s peu de roulage dans une F1. ll est comme un poisson dans l&rsquo;eau donc il a \u00e9t\u00e9 tr\u00e8s impressionnant jusqu&rsquo;\u00e0 pr\u00e9sent.\u00a0\u00bb<\/p>\n<p>\u00ab\u00a0Il est tr\u00e8s efficace\u00a0\u00bb, a ajout\u00e9 Horner, \u00e9pat\u00e9 par la nouvelle g\u00e9n\u00e9ration qui d\u00e9barque dans le championnat\u00a0: \u00ab\u00a0Je pense que ces jeunes qui arrivent, on voit qu&rsquo;ils sont tout simplement pr\u00eats \u00e0 s&rsquo;adapter \u00e0 une Formule 1 et ils sont tr\u00e8s confiants, ils ont plein d&rsquo;\u00e9nergie. Et Isack a eu un pilotage brillant, selon moi, sur des circuits presque tous nouveaux pour lui.\u00a0\u00bb<\/p>\n<p>Lire aussi :<\/p>\n<p>Tsunoda prend peu peu ses marques<\/p>\n<p>Les propos de Horner sont un signe encourageant pour l&rsquo;avenir de Hadjar dans la galaxie Red Bull mais aucune place n&rsquo;est libre dans l&rsquo;\u00e9quipe principale pour le moment. Tsunoda, promu depuis le GP de Chine, prend peu \u00e0 peu ses marques et Horner est satisfait de son travail.<\/p>\n<p>\u00ab\u00a0Je pense qu&rsquo;il a juste besoin de plus de temps au volant, de s&rsquo;habituer \u00e0 la technique, \u00e0 la fan dont l&rsquo;\u00e9quipe travaille, etc. Je pense qu&rsquo;il fait un bon travail. Et il a apport\u00e9 une \u00e9nergie vraiment positive \u00e0 l&rsquo;\u00e9quipe. C&rsquo;est un personnage. Il offre aussi un retour d&rsquo;informations utile, ce qui donne une bonne direction.\u00a0\u00bb<\/p>\n<p>L&rsquo;exp\u00e9rience de Tsunoda lui permet de \u00ab\u00a0comprendre comment \u00e7a marche\u00a0\u00bb selon Horner, et aussi d&rsquo;\u00e9viter de trop prendre <a href=\"https:\/\/fr.motorsport.com\/driver\/max-verstappen\/93029\/\" target=\"_blank\" rel=\"noopener\">Max Verstappen<\/a> en r\u00e9f\u00e9rence\u00a0: \u00ab\u00a0Ce que j&rsquo;ai remarqu\u00e9 avec lui, c&rsquo;est qu&rsquo;il n&rsquo;est pas obs\u00e9d\u00e9 par ce que fait Max. Il se concentre juste sur ses propres r\u00e9glages avec son ing\u00e9nieur, sans essayer de compter ce qui se passe de l&rsquo;autre c\u00f4t\u00e9 du garage, ce que je pense \u00eatre la bonne approche.\u00a0\u00bb<\/p>\n<p>Lire aussi :<\/p>\n<p>Dans cet article<\/p>\n<p>    Vincent Lalanne-Sicaud\n<\/p>\n<p>    Formule 1\n<\/p>\n<p>    Isack Hadjar\n<\/p>\n<p>    Red Bull\n<\/p>\n<p>    Racing Bulls\n<\/p>\n<p>Soyez le premier inform\u00e9 et souscrivez aux alertes mails pour recevoir les infos en temps r\u00e9el<\/p>\n<p>    S&rsquo;abonner aux alertes de news<\/p>\n","protected":false},"excerpt":{"rendered":"Isack Hadjar continue de marquer les esprits dans le clan Red Bull. Son accident avant m\u00eame le d\u00e9part&hellip;\n","protected":false},"author":2,"featured_media":70236,"comment_status":"","ping_status":"","sticky":false,"template":"","format":"standard","meta":{"footnotes":""},"categories":[1412],"tags":[1451,1452,1453,1454,1455,1011,27,16642,2244,16643,2253,2255,60],"class_list":{"0":"post-70235","1":"post","2":"type-post","3":"status-publish","4":"format-standard","5":"has-post-thumbnail","7":"category-f1","8":"tag-f1","9":"tag-formula-1","10":"tag-formula1","11":"tag-formule-1","12":"tag-formule1","13":"tag-fr","14":"tag-france","15":"tag-gp-de-miami","16":"tag-isack-hadjar","17":"tag-miami-international-autodrome","18":"tag-racing-bulls","19":"tag-red-bull","20":"tag-sports"},"share_on_mastodon":{"url":"https:\/\/pubeurope.com\/@fr\/114440295103376888","error":""},"_links":{"self":[{"href":"https:\/\/www.europesays.com\/fr\/wp-json\/wp\/v2\/posts\/70235","targetHints":{"allow":["GET"]}}],"collection":[{"href":"https:\/\/www.europesays.com\/fr\/wp-json\/wp\/v2\/posts"}],"about":[{"href":"https:\/\/www.europesays.com\/fr\/wp-json\/wp\/v2\/types\/post"}],"author":[{"embeddable":true,"href":"https:\/\/www.europesays.com\/fr\/wp-json\/wp\/v2\/users\/2"}],"replies":[{"embeddable":true,"href":"https:\/\/www.europesays.com\/fr\/wp-json\/wp\/v2\/comments?post=70235"}],"version-history":[{"count":0,"href":"https:\/\/www.europesays.com\/fr\/wp-json\/wp\/v2\/posts\/70235\/revisions"}],"wp:featuredmedia":[{"embeddable":true,"href":"https:\/\/www.europesays.com\/fr\/wp-json\/wp\/v2\/media\/70236"}],"wp:attachment":[{"href":"https:\/\/www.europesays.com\/fr\/wp-json\/wp\/v2\/media?parent=70235"}],"wp:term":[{"taxonomy":"category","embeddable":true,"href":"https:\/\/www.europesays.com\/fr\/wp-json\/wp\/v2\/categories?post=70235"},{"taxonomy":"post_tag","embeddable":true,"href":"https:\/\/www.europesays.com\/fr\/wp-json\/wp\/v2\/tags?post=70235"}],"curies":[{"name":"wp","href":"https:\/\/api.w.org\/{rel}","templated":true}]}}