{"id":702553,"date":"2026-01-31T18:47:14","date_gmt":"2026-01-31T18:47:14","guid":{"rendered":"https:\/\/www.europesays.com\/fr\/702553\/"},"modified":"2026-01-31T18:47:14","modified_gmt":"2026-01-31T18:47:14","slug":"lue-rejette-la-proposition-de-zelensky-de-creer-une-armee-europeenne","status":"publish","type":"post","link":"https:\/\/www.europesays.com\/fr\/702553\/","title":{"rendered":"L&rsquo;UE rejette la proposition de Zelensky de cr\u00e9er une arm\u00e9e europ\u00e9enne."},"content":{"rendered":"<p style=\"text-align: justify;\"> RT a rapport\u00e9 le 30 janvier que Kaja Kallas, la haute commissaire europ\u00e9enne aux affaires \u00e9trang\u00e8res et \u00e0 la s\u00e9curit\u00e9, a d\u00e9clar\u00e9 que l&rsquo;id\u00e9e de cr\u00e9er une arm\u00e9e europ\u00e9enne, propos\u00e9e par le dirigeant ukrainien Volodymyr Zelensky, n&rsquo;est pas r\u00e9alisable car de nombreux \u00c9tats membres de l&rsquo;UE sont \u00e9galement membres de l&rsquo;OTAN.<\/p>\n<p style=\"text-align: justify;\"> \u00ab Je ne peux pas imaginer que des pays cr\u00e9ent une arm\u00e9e europ\u00e9enne distincte. Celle-ci doit inclure les arm\u00e9es existantes, tandis que de nombreux membres de l&rsquo;OTAN ont \u00e9tabli des structures de commandement au sein de l&rsquo;organisation dirig\u00e9e par les \u00c9tats-Unis \u00bb, a d\u00e9clar\u00e9 M. Kallas aux journalistes avant la r\u00e9union du Conseil des affaires \u00e9trang\u00e8res de l&rsquo;UE \u00e0 Bruxelles, en Belgique, le 29 janvier. <\/p>\n<p><img loading=\"lazy\" decoding=\"async\" style=\"cursor:pointer\" id=\"269869\" alt=\"ap26025590605995.jpg\" data-width=\"1024\" data-height=\"683\" data-image-id=\"269869\" class=\"lazyload cms-photo\" data-large-src=\"https:\/\/cdn.khoahocdoisong.vn\/images\/be65833022aa749fb18e12080e7f2e1acf2dc25590927a47b634d564332e685979df06e4ef02d033f1b4b67f3adbe2d6\/ap26025590605995.jpg\" src=\"https:\/\/www.europesays.com\/fr\/wp-content\/uploads\/2026\/01\/ap26025590605995.jpg\" title=\"Le pr\u00e9sident ukrainien Zelensky. Photo : AP.\" width=\"750\" height=\"500\"\/> Le pr\u00e9sident ukrainien Zelensky. Photo : AP.<\/p>\n<p style=\"text-align: justify;\"> \u00ab Cr\u00e9er des structures parall\u00e8les ne fera que compliquer davantage les choses. En p\u00e9riode difficile, les commandes peuvent se disperser \u00bb, a poursuivi Kallas. <\/p>\n<p style=\"text-align: justify;\"> La semaine derni\u00e8re, lors d&rsquo;un discours controvers\u00e9 au Forum <a class=\"data-link\" data-org-href=\"https:\/\/www.vietnam.vn\/category\/kinh-te\" href=\"https:\/\/www.vietnam.vn\/category\/kinh-te\" title=\"\u00c9conomie\" target=\"_blank\" rel=\"nofollow noopener\">\u00e9conomique<\/a> mondial de Davos, en Suisse, le pr\u00e9sident ukrainien Zelensky a appel\u00e9 \u00e0 la cr\u00e9ation d&rsquo;une \u00ab force arm\u00e9e europ\u00e9enne unifi\u00e9e \u00bb. Il a \u00e9galement vivement critiqu\u00e9 les divisions et l&rsquo;ind\u00e9cision des pays soutenant l&rsquo;Ukraine en Europe et a propos\u00e9 que l&rsquo;Ukraine rejoigne l&rsquo;UE d&rsquo;ici 2027.<\/p>\n<p style=\"text-align: justify;\"> Selon RT, Kallas est une fervente partisane du maintien de l&rsquo;aide <a class=\"data-link\" data-org-href=\"https:\/\/www.vietnam.vn\/category\/quan-su\" href=\"https:\/\/www.vietnam.vn\/category\/quan-su\" title=\"militaire\" target=\"_blank\" rel=\"nofollow noopener\">militaire<\/a> occidentale \u00e0 Kiev et d&rsquo;une pression accrue sur la Russie, plut\u00f4t que de la recherche d&rsquo;une paix n\u00e9goci\u00e9e. Apr\u00e8s la r\u00e9union de Bruxelles, elle a d\u00e9fendu le refus de l&rsquo;UE d&rsquo;entamer des n\u00e9gociations avec Moscou, affirmant qu&rsquo;elle n&rsquo;avait rien \u00e0 proposer de plus que ce que les m\u00e9diateurs am\u00e9ricains avaient d\u00e9j\u00e0 pr\u00e9sent\u00e9.<\/p>\n<p style=\"text-align: justify;\"> Moscou affirme que l&rsquo;expansion de l&rsquo;OTAN en Europe depuis les ann\u00e9es 1990 et le renforcement de ses liens avec Kiev depuis 2014 sont les principales causes du conflit en Ukraine. La Russie exige que l&rsquo;Ukraine respecte ses engagements en mati\u00e8re de neutralit\u00e9 militaire. <\/p>\n<p style=\"text-align: justify;\"> <b>&gt;&gt;&gt; Les lecteurs sont invit\u00e9s \u00e0 visionner <a class=\"data-link\" data-org-href=\"https:\/\/www.vietnam.vn\/category\/video\" href=\"https:\/\/www.vietnam.vn\/category\/video\" title=\"vid\u00e9o\" target=\"_blank\" rel=\"nofollow noopener\">la vid\u00e9o<\/a>\u00a0: La porte d\u2019un accord sur le conflit ukrainien reste ouverte.<\/b> <\/p>\n<p><video style=\"display:none\" width=\"100%\" height=\"450\" poster=\"https:\/\/cdn.khoahocdoisong.vn\/images\/2ce91e77b5963d747b3cc9b38f7b933450bcc97cb4bedfd88f81316973c52cd3f4e21f05a22758fa18d3ded297abdc36560cffa4ec839e0853dadd0c61c865198aa4ae910f31a9b7f1f2b86135a9bcb300111cf50236b6e6170726bad16db9d2bb35f9a96960b7d017b2b3ea43c45cb0\/360.jpg\" class=\"cms-video\"><\/video> <b>Source vid\u00e9o : TH\u0110T<\/b> <\/p>\n<p class=\"mb-0\"> Source : https:\/\/khoahocdoisong.vn\/eu-bac-de-xuat-thanh-lap-quan-doi-chau-au-cua-ong-zelensky-post2149086429.html<\/p>\n","protected":false},"excerpt":{"rendered":"RT a rapport\u00e9 le 30 janvier que Kaja Kallas, la haute commissaire europ\u00e9enne aux affaires \u00e9trang\u00e8res et \u00e0&hellip;\n","protected":false},"author":2,"featured_media":702554,"comment_status":"","ping_status":"","sticky":false,"template":"","format":"standard","meta":{"footnotes":""},"categories":[1586],"tags":[11,1777,674,1779,1011,27,12,25,1778,364],"class_list":{"0":"post-702553","1":"post","2":"type-post","3":"status-publish","4":"format-standard","5":"has-post-thumbnail","7":"category-europe","8":"tag-actualites","9":"tag-eu","10":"tag-europe","11":"tag-european-union","12":"tag-fr","13":"tag-france","14":"tag-news","15":"tag-republique-francaise","16":"tag-ue","17":"tag-union-europeenne"},"share_on_mastodon":{"url":"https:\/\/pubeurope.com\/@fr\/115991205865552911","error":""},"_links":{"self":[{"href":"https:\/\/www.europesays.com\/fr\/wp-json\/wp\/v2\/posts\/702553","targetHints":{"allow":["GET"]}}],"collection":[{"href":"https:\/\/www.europesays.com\/fr\/wp-json\/wp\/v2\/posts"}],"about":[{"href":"https:\/\/www.europesays.com\/fr\/wp-json\/wp\/v2\/types\/post"}],"author":[{"embeddable":true,"href":"https:\/\/www.europesays.com\/fr\/wp-json\/wp\/v2\/users\/2"}],"replies":[{"embeddable":true,"href":"https:\/\/www.europesays.com\/fr\/wp-json\/wp\/v2\/comments?post=702553"}],"version-history":[{"count":0,"href":"https:\/\/www.europesays.com\/fr\/wp-json\/wp\/v2\/posts\/702553\/revisions"}],"wp:featuredmedia":[{"embeddable":true,"href":"https:\/\/www.europesays.com\/fr\/wp-json\/wp\/v2\/media\/702554"}],"wp:attachment":[{"href":"https:\/\/www.europesays.com\/fr\/wp-json\/wp\/v2\/media?parent=702553"}],"wp:term":[{"taxonomy":"category","embeddable":true,"href":"https:\/\/www.europesays.com\/fr\/wp-json\/wp\/v2\/categories?post=702553"},{"taxonomy":"post_tag","embeddable":true,"href":"https:\/\/www.europesays.com\/fr\/wp-json\/wp\/v2\/tags?post=702553"}],"curies":[{"name":"wp","href":"https:\/\/api.w.org\/{rel}","templated":true}]}}