{"id":70256,"date":"2025-05-02T21:21:09","date_gmt":"2025-05-02T21:21:09","guid":{"rendered":"https:\/\/www.europesays.com\/fr\/70256\/"},"modified":"2025-05-02T21:21:09","modified_gmt":"2025-05-02T21:21:09","slug":"chouette-dor-on-sait-enfin-ou-etait-cachee-la-fameuse-statuette-trouvee-apres-31-ans-de-chasse-au-tresor","status":"publish","type":"post","link":"https:\/\/www.europesays.com\/fr\/70256\/","title":{"rendered":"Chouette d\u2019or\u00a0: on sait enfin o\u00f9 \u00e9tait cach\u00e9e la fameuse statuette, trouv\u00e9e apr\u00e8s 31 ans de chasse au tr\u00e9sor"},"content":{"rendered":"<p class=\"paragraph text_align_left\">Apr\u00e8s sept mois d\u2019attente, la r\u00e9ponse tant attendue est enfin tomb\u00e9e. <a href=\"https:\/\/www.leparisien.fr\/societe\/certains-cherchent-depuis-1993-les-adeptes-de-la-chouette-dor-sous-le-choc-apres-lannonce-de-la-decouverte-04-10-2024-HUAB53PB2FDDTKIQ3C62KGL6GQ.php\" target=\"_self\" rel=\"nofollow noopener\">La localisation de la Chouette d\u2019or, au centre d\u2019une chasse au tr\u00e9sor<\/a> lanc\u00e9e il y a 31 ans, a \u00e9t\u00e9 r\u00e9v\u00e9l\u00e9e ce vendredi <a href=\"https:\/\/www.leparisien.fr\/culture-loisirs\/cinema\/la-chouette-dor-pas-un-tournage-banal-ce-quil-faut-savoir-du-film-autour-de-cette-mythique-chasse-au-tresor-01-05-2025-LTZQXU7FGJGJHDKLLFMYG7JB4M.php\" target=\"_self\" rel=\"nofollow noopener\">dans le film \u00ab La D\u00e9couverte de la Chouette d\u2019or \u00bb<\/a>. La statuette en or, argent et diamants, estim\u00e9e \u00e0 1 million de francs de l\u2019\u00e9poque (environ 150 000 euros), \u00e9tait dissimul\u00e9e sur la commune de Dabo (Moselle).<\/p>\n<p class=\"paragraph text_align_left\">\u00ab C\u2019est Dabo \u00bb, l\u00e2che au cours du film Michel Becker, ma\u00eetre du jeu. Le tr\u00e9sor tant recherch\u00e9 se trouvait dans la for\u00eat \u00e0 environ 6 m\u00e8tres d\u2019un lieu appel\u00e9 la borne Saint-Martin, en direction de la chapelle Saint-L\u00e9on. Le chouetteur (le nom donn\u00e9 \u00e0 ceux lanc\u00e9s dans cette chasse au tr\u00e9sor) \u00e0 l\u2019origine de la d\u00e9couverte a expliqu\u00e9 avoir eu un d\u00e9clic apr\u00e8s une phrase de Michel Becker dans une vid\u00e9o YouTube il y a quelques mois, qui l\u2019a conduit \u00e0 la solution.<\/p>\n<p class=\"paragraph text_align_left\">Le grand gagnant, qui travaillait en bin\u00f4me avec un autre chouetteur, avait commenc\u00e9 la chasse en 2020. Il souhaite garder son identit\u00e9 secr\u00e8te et d\u00e9clare dans le film avoir cach\u00e9 la pr\u00e9cieuse chouette dans un coffre \u00e0 la banque, sans en parler \u00e0 personne, \u00ab ni ma femme, ni mes enfants \u00bb. \u00ab Mais elle ne restera pas dans un coffre \u00e0 la banque \u00bb, a-t-il promis.<\/p>\n<p class=\"paragraph text_align_left\">La ville de Dabo avait d\u00e9j\u00e0 plusieurs fois \u00e9t\u00e9 cit\u00e9e par ceux qui se surnomment les chouetteurs. Certains la croyaient dans le Jura, le Doubs ou encore la Creuse, mais la th\u00e9orie d\u2019un tr\u00e9sor cach\u00e9 \u00e0 Dabo (Moselle) \u00e9tait la plus r\u00e9pandue.<\/p>\n<p>Une deuxi\u00e8me chasse au tr\u00e9sor lanc\u00e9e<\/p>\n<p class=\"paragraph text_align_left\">La localisation de la pr\u00e9cieuse statuette <a href=\"https:\/\/www.leparisien.fr\/societe\/la-chouette-dor-a-ete-retrouvee-11-enigmes-pour-une-chasse-au-tresor-hors-norme-03-10-2024-HI6HGAH5TZEBRGPK4X3BPNGASI.php\" target=\"_self\" rel=\"nofollow noopener\">devait \u00eatre trouv\u00e9e \u00e0 l\u2019aide de douze \u00e9nigmes<\/a>, imagin\u00e9es par <a href=\"https:\/\/www.leparisien.fr\/societe\/la-chouette-dor-qui-est-max-valentin-le-mysterieux-createur-de-la-mythique-chasse-au-tresor-03-10-2024-ZLDG5BL4MFCP7DBE5XKUJELXVA.php\" target=\"_self\" rel=\"nofollow noopener\">Max Valentin, de son vrai nom R\u00e9gis Hauser<\/a>, d\u00e9c\u00e9d\u00e9 en 2009. Son acolyte Michel Becker \u00e9tait le seul depuis \u00e0 d\u00e9tenir les cl\u00e9s du myst\u00e8re. Avant ce soir.<\/p>\n<p class=\"paragraph text_align_left\">Il avait confirm\u00e9 <a href=\"https:\/\/www.leparisien.fr\/societe\/la-chouette-dor-a-ete-retrouvee-fin-dun-mystere-de-31-ans-03-10-2024-LJOCMU3GHZGVBMDJIEVQJZ5NDQ.php\" target=\"_self\" rel=\"nofollow noopener\">la d\u00e9couverte de la chouette d\u2019or d\u00e9but octobre<\/a>, sans r\u00e9v\u00e9ler le nom du gagnant, mais en promettant de livrer les solutions aux joueurs. Il avait finalement annonc\u00e9 qu\u2019elles seraient pr\u00e9sent\u00e9es dans un film au cours des prochains mois. <a href=\"https:\/\/www.leparisien.fr\/societe\/20-ans-quon-reve-et-on-nous-fait-attendre-apres-la-decouverte-de-la-chouette-dor-les-joueurs-veulent-savoir-07-10-2024-YNQXYIWSM5BXBKN472P5KGVVLI.php\" target=\"_self\" rel=\"nofollow noopener\">Frustr\u00e9s, certains chouetteurs avaient fortement critiqu\u00e9 ce choix<\/a>, d\u00e9non\u00e7ant un objectif mercantile de Michel Becker, par ailleurs critiqu\u00e9 par une partie de la communaut\u00e9.<\/p>\n<p class=\"paragraph text_align_left\">Cela n\u2019a pas emp\u00each\u00e9 le ma\u00eetre du jeu d\u2019annoncer une deuxi\u00e8me \u00e9dition de la Chouette d\u2019or. <a href=\"https:\/\/www.leparisien.fr\/societe\/la-chouette-dor-2-indices-lieux-quetes-ce-quil-faut-savoir-avant-de-se-lancer-a-sa-recherche-24-04-2025-MIYPNWQ475BIXC7DQ6ZNIPAXO4.php\" target=\"_self\" rel=\"nofollow noopener\">La \u00ab Chouette d\u2019or 2 \u00bb s\u2019envolera<\/a> \u00ab exactement de l\u00e0 o\u00f9 \u00e9tait enfouie la premi\u00e8re \u00bb, a promis Michel Becker. \u00c0 voir si celle-ci restera cach\u00e9e aussi longtemps que l\u2019originale.<\/p>\n","protected":false},"excerpt":{"rendered":"Apr\u00e8s sept mois d\u2019attente, la r\u00e9ponse tant attendue est enfin tomb\u00e9e. La localisation de la Chouette d\u2019or, au&hellip;\n","protected":false},"author":2,"featured_media":66787,"comment_status":"","ping_status":"","sticky":false,"template":"","format":"standard","meta":{"footnotes":""},"categories":[8],"tags":[58,59,1011,27,104,2955],"class_list":{"0":"post-70256","1":"post","2":"type-post","3":"status-publish","4":"format-standard","5":"has-post-thumbnail","7":"category-divertissement","8":"tag-divertissement","9":"tag-entertainment","10":"tag-fr","11":"tag-france","12":"tag-societe","13":"tag-videos"},"share_on_mastodon":{"url":"https:\/\/pubeurope.com\/@fr\/114440338436107140","error":""},"_links":{"self":[{"href":"https:\/\/www.europesays.com\/fr\/wp-json\/wp\/v2\/posts\/70256","targetHints":{"allow":["GET"]}}],"collection":[{"href":"https:\/\/www.europesays.com\/fr\/wp-json\/wp\/v2\/posts"}],"about":[{"href":"https:\/\/www.europesays.com\/fr\/wp-json\/wp\/v2\/types\/post"}],"author":[{"embeddable":true,"href":"https:\/\/www.europesays.com\/fr\/wp-json\/wp\/v2\/users\/2"}],"replies":[{"embeddable":true,"href":"https:\/\/www.europesays.com\/fr\/wp-json\/wp\/v2\/comments?post=70256"}],"version-history":[{"count":0,"href":"https:\/\/www.europesays.com\/fr\/wp-json\/wp\/v2\/posts\/70256\/revisions"}],"wp:featuredmedia":[{"embeddable":true,"href":"https:\/\/www.europesays.com\/fr\/wp-json\/wp\/v2\/media\/66787"}],"wp:attachment":[{"href":"https:\/\/www.europesays.com\/fr\/wp-json\/wp\/v2\/media?parent=70256"}],"wp:term":[{"taxonomy":"category","embeddable":true,"href":"https:\/\/www.europesays.com\/fr\/wp-json\/wp\/v2\/categories?post=70256"},{"taxonomy":"post_tag","embeddable":true,"href":"https:\/\/www.europesays.com\/fr\/wp-json\/wp\/v2\/tags?post=70256"}],"curies":[{"name":"wp","href":"https:\/\/api.w.org\/{rel}","templated":true}]}}