{"id":702569,"date":"2026-01-31T19:00:10","date_gmt":"2026-01-31T19:00:10","guid":{"rendered":"https:\/\/www.europesays.com\/fr\/702569\/"},"modified":"2026-01-31T19:00:10","modified_gmt":"2026-01-31T19:00:10","slug":"jai-avale-2l-dessence-jai-cru-que-jallais-crever","status":"publish","type":"post","link":"https:\/\/www.europesays.com\/fr\/702569\/","title":{"rendered":"J&rsquo;ai aval\u00e9 2L d&rsquo;essence, j&rsquo;ai cru que j&rsquo;allais crever"},"content":{"rendered":"<p>Figure embl\u00e9matique du cin\u00e9ma fran\u00e7ais depuis sa r\u00e9v\u00e9lation dans<br \/>\nLa Boum de Claude Pinoteau, Sophie Marceau encha\u00eene les<br \/>\ntournages sans interruption depuis le d\u00e9but des ann\u00e9es 80. Le 11<br \/>\nf\u00e9vrier prochain, trois ans apr\u00e8s Le Clan\u00a0d\u00a0\u00bb\u00c9ric<br \/>\nFraticelli, elle signera d&rsquo;ailleurs son grand retour dans les<br \/>\nsalles obscures avec un second volet du film culte de Lisa Azuelos<br \/>\n: Lol.\u00a0Un long-m\u00e9trage tr\u00e8s attendu par les<br \/>\ncin\u00e9philes, dans lequel elle devrait reprendre son r\u00f4le de<br \/>\nmatriarche c\u00e9libataire.<\/p>\n<p>En pleine promotion de ce nouveau projet, la com\u00e9dienne de 59<br \/>\nans \u00e9tait, ce jeudi 29 janvier 2026, l&rsquo;invit\u00e9e exceptionnelle de<br \/>\nL\u00e9a Salam\u00e9 dans le journal t\u00e9l\u00e9vis\u00e9 de France 2. Un entretien au<br \/>\ncours duquel <a href=\"https:\/\/www.melty.fr\/people\/a-presque-60-ans-sophie-marceau-ne-mache-pas-ses-mots-sur-le-feminisme-contrairement-a-ce-que-les-hommes-ont-2292898.html\" target=\"_blank\" rel=\"noopener\"><br \/>\nelle n&rsquo;a pas m\u00e2ch\u00e9 ses mots sur le f\u00e9minisme<\/a>.<\/p>\n<p>Sophie Marceau victime d&rsquo;un accident en plein tournage<\/p>\n<p>Vous l&rsquo;aurez compris, <a href=\"https:\/\/www.melty.fr\/tag\/sophie-marceau\" target=\"_blank\" rel=\"noopener\">Sophie Marceau n&rsquo;est pas<br \/>\ndu genre \u00e0 rester les bras crois\u00e9s<\/a>. Active depuis son plus<br \/>\njeune \u00e2ge, elle suit avant tout ses coups de c\u0153ur et ne refuse<br \/>\njamais un sc\u00e9nario qui la s\u00e9duit. En 2021, c&rsquo;est d&rsquo;ailleurs son<br \/>\ngo\u00fbt prononc\u00e9 pour les intrigues palpitantes qui l&rsquo;a conduite \u00e0<br \/>\nparticiper au tournage de Tout s&rsquo;est bien pass\u00e9, r\u00e9alis\u00e9<br \/>\npar Fran\u00e7ois Ozon. Une exp\u00e9rience dont elle garde un souvenir<br \/>\nparticulier&#8230;<\/p>\n<p>\u00c0 l&rsquo;\u00e9poque, c&rsquo;est en effet au micro de Konbini, en<br \/>\nmarge du festival de Cannes, qu&rsquo;elle s&rsquo;\u00e9tait confi\u00e9e sur l&rsquo;accident<br \/>\ndont elle a \u00e9t\u00e9 victime sur le plateau : \u00ab\u00a0Sur le film d&rsquo;Ozon,<br \/>\nj&rsquo;ai failli me noyer. Pourtant, la sc\u00e8ne dure deux secondes. Mais<br \/>\nc&rsquo;\u00e9tait mal foutu. Je ne sais pas ce qui s&rsquo;est pass\u00e9 ce jour-l\u00e0,<br \/>\nj&rsquo;ai aval\u00e9 deux litres d&rsquo;essence derri\u00e8re le bateau, j&rsquo;ai cru que<br \/>\nj&rsquo;allais crever\u00a0\u00bb.<\/p>\n<p>Au cours de son entretien avec nos confr\u00e8res, elle avait aussi<br \/>\nlonguement \u00e9voqu\u00e9 ses nombreuses m\u00e9saventures sur les autres<br \/>\ntournages : \u00ab\u00a0Il y a des chutes \u00e0 cheval, il y a des cascades o\u00f9<br \/>\non se re\u00e7oit mal. J&rsquo;ai eu plein, plein d&rsquo;accidents, mais je pense<br \/>\nqu&rsquo;on est quand m\u00eame prot\u00e9g\u00e9s par des petits anges parce qu&rsquo;un<br \/>\nacteur qui a un accident, \u00e7a veut dire que le tournage s&rsquo;arr\u00eate. Et<br \/>\nbon, je suis remont\u00e9e sur le cheval, je suis remont\u00e9e sur le fil et<br \/>\non a continu\u00e9\u00a0\u00bb.<\/p>\n<p>Un r\u00f4le difficile \u00e0 jouer pour la<br \/>\ncom\u00e9dienne<\/p>\n<p>Outre ces incidents, Sophie Marceau avait \u00e9galement profit\u00e9 de<br \/>\nson interview avec Konbini\u00a0pour revenir sur son r\u00f4le<br \/>\nde \u00ab\u00a0m\u00e9chante\u00a0\u00bb dans un \u00e9pisode de James Bond aux<br \/>\nc\u00f4t\u00e9s de Pierce Brosnan. \u00ab\u00a0Je ne sais pas si je suis arriv\u00e9e<br \/>\nvraiment d&rsquo;ailleurs, car \u00e0 la fin les producteurs se sont pos\u00e9s la<br \/>\nquestion en disant : &lsquo;Elle n&rsquo;est pas assez m\u00e9chante peut-\u00eatre, donc<br \/>\nsi James Bond la tue, \u00e7a va lui faire une mauvaise r\u00e9putation \u00e0<br \/>\nlui'\u00a0\u00bb, avait-elle r\u00e9v\u00e9l\u00e9. De sacr\u00e9es confidences !<\/p>\n","protected":false},"excerpt":{"rendered":"Figure embl\u00e9matique du cin\u00e9ma fran\u00e7ais depuis sa r\u00e9v\u00e9lation dans La Boum de Claude Pinoteau, Sophie Marceau encha\u00eene les&hellip;\n","protected":false},"author":2,"featured_media":702570,"comment_status":"","ping_status":"","sticky":false,"template":"","format":"standard","meta":{"footnotes":""},"categories":[1359],"tags":[58,59,1011,27,973,906,65861],"class_list":{"0":"post-702569","1":"post","2":"type-post","3":"status-publish","4":"format-standard","5":"has-post-thumbnail","7":"category-people","8":"tag-divertissement","9":"tag-entertainment","10":"tag-fr","11":"tag-france","12":"tag-people","13":"tag-sophie-marceau","14":"tag-trend"},"share_on_mastodon":{"url":"https:\/\/pubeurope.com\/@fr\/115991256972824194","error":""},"_links":{"self":[{"href":"https:\/\/www.europesays.com\/fr\/wp-json\/wp\/v2\/posts\/702569","targetHints":{"allow":["GET"]}}],"collection":[{"href":"https:\/\/www.europesays.com\/fr\/wp-json\/wp\/v2\/posts"}],"about":[{"href":"https:\/\/www.europesays.com\/fr\/wp-json\/wp\/v2\/types\/post"}],"author":[{"embeddable":true,"href":"https:\/\/www.europesays.com\/fr\/wp-json\/wp\/v2\/users\/2"}],"replies":[{"embeddable":true,"href":"https:\/\/www.europesays.com\/fr\/wp-json\/wp\/v2\/comments?post=702569"}],"version-history":[{"count":0,"href":"https:\/\/www.europesays.com\/fr\/wp-json\/wp\/v2\/posts\/702569\/revisions"}],"wp:featuredmedia":[{"embeddable":true,"href":"https:\/\/www.europesays.com\/fr\/wp-json\/wp\/v2\/media\/702570"}],"wp:attachment":[{"href":"https:\/\/www.europesays.com\/fr\/wp-json\/wp\/v2\/media?parent=702569"}],"wp:term":[{"taxonomy":"category","embeddable":true,"href":"https:\/\/www.europesays.com\/fr\/wp-json\/wp\/v2\/categories?post=702569"},{"taxonomy":"post_tag","embeddable":true,"href":"https:\/\/www.europesays.com\/fr\/wp-json\/wp\/v2\/tags?post=702569"}],"curies":[{"name":"wp","href":"https:\/\/api.w.org\/{rel}","templated":true}]}}