{"id":702571,"date":"2026-01-31T19:01:33","date_gmt":"2026-01-31T19:01:33","guid":{"rendered":"https:\/\/www.europesays.com\/fr\/702571\/"},"modified":"2026-01-31T19:01:33","modified_gmt":"2026-01-31T19:01:33","slug":"au-musee-dart-moderne-de-ceret-lart-comme-tremplin-vers-lemploi","status":"publish","type":"post","link":"https:\/\/www.europesays.com\/fr\/702571\/","title":{"rendered":"Au Mus\u00e9e d\u2019art moderne de C\u00e9ret, l\u2019art comme tremplin vers l\u2019emploi"},"content":{"rendered":"<p>\n                                                                Le dispositif \u00ab\u00a0L\u2019art d\u2019acc\u00e9der \u00e0 l\u2019emploi\u00a0\u00bb organis\u00e9 au mus\u00e9e d\u2019art moderne de C\u00e9ret a permis \u00e0 sept participants de b\u00e9n\u00e9ficier de ce dispositif innovant cr\u00e9\u00e9 par France travail et soutenu par les minist\u00e8res de la Culture et du Travail.\n                            <\/p>\n<p>Depuis le belv\u00e9d\u00e8re du mus\u00e9e d\u2019art moderne, ce vendredi 30\u00a0janvier, une joyeuse restitution est venue enrichir le temps d\u2019un apr\u00e8s-midi les collections. Les productions artistiques de onze\u00a0demandeurs d\u2019emploi volontaires ont \u00e9t\u00e9 pr\u00e9sent\u00e9es. De quoi cl\u00f4turer en beaut\u00e9 le projet \u00ab\u00a0L\u2019art d\u2019acc\u00e9der \u00e0 l\u2019emploi\u00a0\u00bb, dispositif cr\u00e9\u00e9 par France travail, soutenu par les minist\u00e8res de la Culture et du Travail. Localement, ce projet a pris vie sous la forme de cinq\u00a0ateliers (voir encadr\u00e9). Avec l\u2019id\u00e9e \u00ab\u00a0d\u2019explorer les liens entre la cr\u00e9ation artistique, l\u2019inclusion sociale et l\u2019insertion professionnelle\u00a0\u00bb, comme le souligne Nydia Berkane Touam, directrice France travail C\u00e9ret venue assister \u00e0 la d\u00e9couverte des \u0153uvres aux c\u00f4t\u00e9s de diff\u00e9rentes entreprises locales dans le but de \u00ab\u00a0favoriser\u00a0\u00bb les rencontres entre demandeurs d\u2019emploi \u00ab\u00a0remobilis\u00e9s\u00a0\u00bb et cr\u00e9ateurs d\u2019emploi.<\/p>\n<p>\u00ab\u00a0Ma personnalit\u00e9\u00a0\u00bb<\/p>\n<p>Des r\u00e9alisations \u00e9galement salu\u00e9es par Jean-Roch Dumont Saint Priest, directeur-conservateur rappelant que \u00ab\u00a0l\u2019art sert \u00e0 cr\u00e9er du liant dans la vie\u00a0\u00bb. Et ainsi permettre \u00e0 Micka\u00ebl, Johanna, Nicolas, Yolande, Alison, Morgane, \u00c9mile, Laurence, Manon ou encore\u00a0Sandrine\u00a0de regagner confiance et estime en r\u00e9alisant un travail sur soi. Comme ce fut le cas pour Sandrine, \u00ab\u00a0fi\u00e8re d\u2019avoir explor\u00e9 de nouvelles choses\u00a0\u00bb en jouant du pinceau et du tampon. Ou bien Manon qui a os\u00e9 afficher son visage en jouant le th\u00e8me de l\u2019ombre \u00e0 la lumi\u00e8re. De son c\u00f4t\u00e9, Yolande a jou\u00e9 une autre carte\u00a0: \u00ab\u00a0Sur ma toile, chaque d\u00e9coupe r\u00e9v\u00e8le une facette de ma personnalit\u00e9. Chaque superposition sugg\u00e8re une \u00e9volution\u00a0\u00bb, commente-t-elle. Pas peu fi\u00e8re du chemin parcouru. Et qui sait, d\u2019un premier pas sur le chemin de l\u2019emploi\u2026<\/p>\n<p>Exposition \u00e0 voir<strong> jusqu\u2019au dimanche 15\u00a0f\u00e9vrier.<\/strong><\/p>\n<p>    \u00c0 la fa\u00e7on d\u2019un CV artistique<\/p>\n<p>Tout au long du projet, sur cinq\u00a0ateliers r\u00e9partis entre d\u00e9cembre et janvier, le groupe a \u00e9t\u00e9 accompagn\u00e9 par une conseill\u00e8re en insertion et la psychologue du travail de l\u2019agence France travail C\u00e9ret. Les visites et ateliers ont \u00e9t\u00e9 men\u00e9s par la responsable du service des publics du mus\u00e9e, Peggy Merchez, en collaboration d\u2019une m\u00e9diatrice volante. Apr\u00e8s une visite guid\u00e9e des collections, les onze\u00a0participants ont choisi et comment\u00e9 une \u0153uvre en lien avec leur sensibilit\u00e9 ou leur personnalit\u00e9. De quoi travailler leur expression, ainsi que leur capacit\u00e9 \u00e0 prendre la parole face au groupe. Ont suivi\u00a0quatre\u00a0sessions plastiques qui ont permis \u00e0 chacun d\u2019exprimer et d\u2019exploiter ses capacit\u00e9s artistiques autour d\u2019un th\u00e8me commun, l\u2019identit\u00e9. Le premier travail, imagin\u00e9 d\u2019apr\u00e8s les \u0153uvres cubistes, invitait les stagiaires \u00e0 se repr\u00e9senter \u00e0 l\u2019instant T, au premier jour du stage, en lien avec leur parcours de vie et leur recherche d\u2019emploi. Les techniques \u00e9taient libres. Le second temps \u00e9tait toujours ax\u00e9 sur l\u2019autoportrait, mais cette fois sans repr\u00e9sentation physique. Avec un travail d\u2019introspection qui a permis aux participants d\u2019identifier leurs forces, leurs passions et leurs singularit\u00e9s. Et, d\u2019en tirer \u00e0 l\u2019arriv\u00e9e, un riche et \u00e9tonnant CV artistique.<\/p>\n","protected":false},"excerpt":{"rendered":"Le dispositif \u00ab\u00a0L\u2019art d\u2019acc\u00e9der \u00e0 l\u2019emploi\u00a0\u00bb organis\u00e9 au mus\u00e9e d\u2019art moderne de C\u00e9ret a permis \u00e0 sept participants&hellip;\n","protected":false},"author":2,"featured_media":702572,"comment_status":"","ping_status":"","sticky":false,"template":"","format":"standard","meta":{"footnotes":"","_share_on_mastodon":"0"},"categories":[1358],"tags":[1348,1384,1385,79250,872,1386,58,59,1011,27,11548],"class_list":["post-702571","post","type-post","status-publish","format-standard","has-post-thumbnail","category-arts-et-design","tag-arts","tag-arts-and-design","tag-arts-et-design","tag-ceret","tag-culture-et-loisirs","tag-design","tag-divertissement","tag-entertainment","tag-fr","tag-france","tag-pyrenees-orientales"],"share_on_mastodon":{"url":"https:\/\/pubeurope.com\/@fr\/115991260873042782","error":""},"_links":{"self":[{"href":"https:\/\/www.europesays.com\/fr\/wp-json\/wp\/v2\/posts\/702571","targetHints":{"allow":["GET"]}}],"collection":[{"href":"https:\/\/www.europesays.com\/fr\/wp-json\/wp\/v2\/posts"}],"about":[{"href":"https:\/\/www.europesays.com\/fr\/wp-json\/wp\/v2\/types\/post"}],"author":[{"embeddable":true,"href":"https:\/\/www.europesays.com\/fr\/wp-json\/wp\/v2\/users\/2"}],"replies":[{"embeddable":true,"href":"https:\/\/www.europesays.com\/fr\/wp-json\/wp\/v2\/comments?post=702571"}],"version-history":[{"count":0,"href":"https:\/\/www.europesays.com\/fr\/wp-json\/wp\/v2\/posts\/702571\/revisions"}],"wp:featuredmedia":[{"embeddable":true,"href":"https:\/\/www.europesays.com\/fr\/wp-json\/wp\/v2\/media\/702572"}],"wp:attachment":[{"href":"https:\/\/www.europesays.com\/fr\/wp-json\/wp\/v2\/media?parent=702571"}],"wp:term":[{"taxonomy":"category","embeddable":true,"href":"https:\/\/www.europesays.com\/fr\/wp-json\/wp\/v2\/categories?post=702571"},{"taxonomy":"post_tag","embeddable":true,"href":"https:\/\/www.europesays.com\/fr\/wp-json\/wp\/v2\/tags?post=702571"}],"curies":[{"name":"wp","href":"https:\/\/api.w.org\/{rel}","templated":true}]}}