{"id":70265,"date":"2025-05-02T21:26:08","date_gmt":"2025-05-02T21:26:08","guid":{"rendered":"https:\/\/www.europesays.com\/fr\/70265\/"},"modified":"2025-05-02T21:26:08","modified_gmt":"2025-05-02T21:26:08","slug":"pourquoi-cyril-hanouna-souffle-le-chaud-et-le-froid-entre-la-tele-et-la-politique","status":"publish","type":"post","link":"https:\/\/www.europesays.com\/fr\/70265\/","title":{"rendered":"pourquoi Cyril Hanouna souffle le chaud et le froid entre la t\u00e9l\u00e9 et la politique"},"content":{"rendered":"<p><strong>R\u00c9CIT &#8211;<\/strong> S\u2019il a publiquement affirm\u00e9 qu\u2019il ne serait pas candidat en 2027, l\u2019animateur tient en priv\u00e9 \u00e0 se garder toutes les portes ouvertes.<\/p>\n<p class=\"fig-paragraph\"><a href=\"http:\/\/tvmag.lefigaro.fr\/programme-tv\/actu-tele\/il-a-bien-fait-de-ne-pas-y-aller-nicolas-canteloup-et-helene-mannarino-tournent-en-derision-cyril-hanouna-20250501\" target=\"_blank\" data-fig-type=\"Article\" rel=\"noopener\" data-gtm-custom-categorie=\"navigation\" data-gtm-custom-action=\"crossclick\" data-gtm-custom-label=\"Contextuel\" data-gtm-event=\"customEventSPE\" data-fig-domain=\"TVMAG\">Cyril Hanouna\u00a0<\/a>a l\u2019habitude de recevoir, un peu moins d\u2019\u00eatre re\u00e7u. \u00c0 l\u2019\u00c9lys\u00e9e, ce jeudi 12\u00a0d\u00e9cembre, c\u2019est pourtant lui l\u2019invit\u00e9.\u00a0<a href=\"http:\/\/tvmag.lefigaro.fr\/programme-tv\/actu-tele\/l-idylle-entre-cyril-hanouna-et-tiphaine-auziere-un-coup-monte-de-l-animateur-selon-valeurs-actuelles-20250429\" target=\"_blank\" data-fig-type=\"Article\" rel=\"noopener\" data-gtm-custom-categorie=\"navigation\" data-gtm-custom-action=\"crossclick\" data-gtm-custom-label=\"Contextuel\" data-gtm-event=\"customEventSPE\" data-fig-domain=\"TVMAG\">Tiphaine Auzi\u00e8re<\/a>, sa chroniqueuse devenue sa compagne, tient absolument \u00e0 ce que sa m\u00e8re et son beau-p\u00e8re, Brigitte et Emmanuel Macron, rencontrent l\u2019homme qui partage sa vie. Probl\u00e8me, le pr\u00e9sident de la R\u00e9publique ne se rend finalement pas aux pr\u00e9sentations. Le chef de l\u2019\u00c9tat est retenu dans son bureau, o\u00f9 il annonce \u00e0\u00a0<a href=\"http:\/\/www.lefigaro.fr\/politique\/sebastien-lecornu-passe-plus-de-temps-avec-le-president-qu-avec-le-premier-ministre-les-indiscretions-du-figaro-magazine-20250501\" target=\"_blank\" data-fig-type=\"Article\" rel=\"noopener\" data-gtm-custom-categorie=\"navigation\" data-gtm-custom-action=\"crossclick\" data-gtm-custom-label=\"Contextuel\" data-gtm-event=\"customEventSPE\" data-fig-domain=\"LEFIGARO\">S\u00e9bastien Lecornu<\/a>\u00a0sa nomination \u00e0 Matignon.<\/p>\n<p class=\"fig-paragraph\">Puisque le contexte est priv\u00e9, la premi\u00e8re dame se permet d\u2019excuser son mari aupr\u00e8s de son nouveau gendre, en choisissant de lui dire la v\u00e9rit\u00e9 sans chercher une fausse excuse. Bien mal lui en a pris. L\u2019information fait aussit\u00f4t les gros titres de CNews et Europe\u00a01, m\u00e9dias du groupe pour lequel travaille Cyril Hanouna. Permettant au passage \u00e0\u00a0<a href=\"http:\/\/www.lefigaro.fr\/politique\/sa-facon-de-gouverner-ne-rassure-pas-ses-propres-amis-pour-francois-bayrou-le-chemin-vers-la-presidentielle-2027-se-complique-20250502\" target=\"_blank\" data-fig-type=\"Article\" rel=\"noopener\" data-gtm-custom-categorie=\"navigation\" data-gtm-custom-action=\"crossclick\" data-gtm-custom-label=\"Contextuel\" data-gtm-event=\"customEventSPE\" data-fig-domain=\"LEFIGARO\">Fran\u00e7ois Bayrou<\/a>\u00a0de pr\u00e9parer sa riposte nocturne, puis de s\u2019imposer le lendemain matin \u00e0 Emmanuel Macron. Cyril Hanouna a donc fait nommer un premier ministre sans\u2026<\/p>\n<p class=\"fig-premium-paywall__infos\">\n        Cet article est r\u00e9serv\u00e9 aux abonn\u00e9s.        Il vous reste 85% \u00e0 d\u00e9couvrir.\n    <\/p>\n<p>                <img  data- alt=\"Le Figaro\" class=\"fig-img--complete fig-img\"\/><\/p>\n<p class=\"fig-premium-paywall__title\">Je m&rsquo;informe, je m&rsquo;inspire, je m&rsquo;abonne.<\/p>\n<p class=\"fig-premium-paywall__subtitle\">D\u00e9couvrez notre offre de bienvenue.<\/p>\n<p class=\"fig-premium-paywall__connect\">\n                D\u00e9j\u00e0 abonn\u00e9\u00a0?                <a class=\"fig-premium-paywall__connect-link\" href=\"https:\/\/connect.lefigaro.fr\/login?client=horizon_web&amp;type=main&amp;redirect_uri=https%3A%2F%2Fwww.lefigaro.fr%2Fpolitique%2Fpresidentielle-pourquoi-cyril-hanouna-souffle-le-chaud-et-le-froid-entre-la-tele-et-la-politique-20250502\" data-js-gtm=\"{&quot;customCategorie&quot;: &quot;conversion&quot;, &quot;customAction&quot;: &quot;before_Landing_Connexion_paywall_auto&quot;, &quot;customLabel&quot;: &quot;bGVmaWdhcm8uZnJfXzFmMDI3MzlkLTkxY2YtNmRmYS04NjI0LTI3ZDFiMmRiMDc4Ml9fQXJ0aWNsZQ==_Pr\u00e9sidentielle\u00a0: pourquoi Cyril Hanouna souffle le chaud et le froid entre la t\u00e9l\u00e9 et la politique_505&quot;, &quot;customIDSPE&quot;: &quot;bGVmaWdhcm8uZnJfXzFmMDI3MzlkLTkxY2YtNmRmYS04NjI0LTI3ZDFiMmRiMDc4Ml9fQXJ0aWNsZQ==&quot;, &quot;event&quot;: &quot;customEventSPE&quot;}\" target=\"_blank\" rel=\"noopener\"><br \/>\n                    Connectez-vous<br \/>\n                <\/a>\n            <\/p>\n","protected":false},"excerpt":{"rendered":"R\u00c9CIT &#8211; S\u2019il a publiquement affirm\u00e9 qu\u2019il ne serait pas candidat en 2027, l\u2019animateur tient en priv\u00e9 \u00e0&hellip;\n","protected":false},"author":2,"featured_media":70266,"comment_status":"","ping_status":"","sticky":false,"template":"","format":"standard","meta":{"footnotes":""},"categories":[2],"tags":[11,426,427,1083,422,423,11984,1011,27,418,424,425,420,421,12,419,316,429,428],"class_list":{"0":"post-70265","1":"post","2":"type-post","3":"status-publish","4":"format-standard","5":"has-post-thumbnail","7":"category-actualites","8":"tag-actualites","9":"tag-candidat","10":"tag-candidats","11":"tag-cyril-hanouna","12":"tag-depute","13":"tag-deputes","14":"tag-election-presidentielle","15":"tag-fr","16":"tag-france","17":"tag-gouvernement","18":"tag-institution","19":"tag-institutions","20":"tag-loi","21":"tag-lois","22":"tag-news","23":"tag-opposition","24":"tag-politique","25":"tag-ps","26":"tag-ump"},"share_on_mastodon":{"url":"https:\/\/pubeurope.com\/@fr\/114440358015097337","error":""},"_links":{"self":[{"href":"https:\/\/www.europesays.com\/fr\/wp-json\/wp\/v2\/posts\/70265","targetHints":{"allow":["GET"]}}],"collection":[{"href":"https:\/\/www.europesays.com\/fr\/wp-json\/wp\/v2\/posts"}],"about":[{"href":"https:\/\/www.europesays.com\/fr\/wp-json\/wp\/v2\/types\/post"}],"author":[{"embeddable":true,"href":"https:\/\/www.europesays.com\/fr\/wp-json\/wp\/v2\/users\/2"}],"replies":[{"embeddable":true,"href":"https:\/\/www.europesays.com\/fr\/wp-json\/wp\/v2\/comments?post=70265"}],"version-history":[{"count":0,"href":"https:\/\/www.europesays.com\/fr\/wp-json\/wp\/v2\/posts\/70265\/revisions"}],"wp:featuredmedia":[{"embeddable":true,"href":"https:\/\/www.europesays.com\/fr\/wp-json\/wp\/v2\/media\/70266"}],"wp:attachment":[{"href":"https:\/\/www.europesays.com\/fr\/wp-json\/wp\/v2\/media?parent=70265"}],"wp:term":[{"taxonomy":"category","embeddable":true,"href":"https:\/\/www.europesays.com\/fr\/wp-json\/wp\/v2\/categories?post=70265"},{"taxonomy":"post_tag","embeddable":true,"href":"https:\/\/www.europesays.com\/fr\/wp-json\/wp\/v2\/tags?post=70265"}],"curies":[{"name":"wp","href":"https:\/\/api.w.org\/{rel}","templated":true}]}}