{"id":702669,"date":"2026-01-31T19:59:10","date_gmt":"2026-01-31T19:59:10","guid":{"rendered":"https:\/\/www.europesays.com\/fr\/702669\/"},"modified":"2026-01-31T19:59:10","modified_gmt":"2026-01-31T19:59:10","slug":"pesticides-dans-lassiette-93-de-ce-fruit-destine-aux-enfants-posent-probleme","status":"publish","type":"post","link":"https:\/\/www.europesays.com\/fr\/702669\/","title":{"rendered":"Pesticides dans l\u2019assiette, 93 % de ce fruit destin\u00e9 aux enfants posent probl\u00e8me"},"content":{"rendered":"<p>Une pomme dans la bo\u00eete \u00e0 repas des enfants, une autre croqu\u00e9e<br \/>\ndevant l\u2019ordi : en Europe, ce fruit est partout. Ce que l\u2019on voit<br \/>\nmoins, ce sont les traces de traitements qui l\u2019accompagnent. Un<br \/>\nnouveau rapport d\u2019ONG environnementales jette le trouble sur la<br \/>\npr\u00e9sence de pesticides dans les pommes vendues dans l\u2019Union<br \/>\neurop\u00e9enne.<\/p>\n<p>Le collectif <strong>PAN Europe<\/strong>, qui r\u00e9unit treize ONG<br \/>\noppos\u00e9es aux pesticides, a achet\u00e9 au hasard 59 pommes dans 13 pays<br \/>\neurop\u00e9ens, dont la France, l\u2019Espagne, l\u2019Italie ou la Pologne. Les<br \/>\nanalyses mettent en avant des <strong>\u00ab\u00a0cocktails de<br \/>\npesticides\u00a0\u00bb<\/strong> et relancent la question suivante : que<br \/>\ncontient vraiment la pomme que l\u2019on met sur la table de la salle \u00e0<br \/>\nmanger ?<\/p>\n<p>Ce que r\u00e9v\u00e8le le rapport PAN Europe sur les cocktails de<br \/>\npesticides<\/p>\n<p>Les 59 pommes, achet\u00e9es en grandes surfaces ou commerces de<br \/>\nquartier dans 13 pays, livrent un constat massif : <a href=\"https:\/\/monjardinmamaison.maison-travaux.fr\/mon-jardin-ma-maison\/plantes-par-type\/potager-legumes\/fruits-et-legumes\/fruit-europeen-le-plus-contamine-par-pesticides-484406.html\" target=\"_blank\" rel=\"noopener\"><br \/>\n<strong>93 % portent au moins un r\u00e9sidu de pesticide<\/strong><\/a>.<br \/>\nDans 85 % des cas, plusieurs mol\u00e9cules se cumulent, jusqu\u2019\u00e0 sept<br \/>\nsur un m\u00eame fruit. Et <strong>71 % des \u00e9chantillons contiennent au<br \/>\nmoins une substance class\u00e9e parmi les \u00ab\u00a0candidats \u00e0 la<br \/>\nsubstitution\u00a0\u00bb<\/strong>.<\/p>\n<p>Le rapport pointe aussi <strong>64 % de pommes contenant un<br \/>\npesticide de type PFAS<\/strong>, ces \u00ab\u00a0polluants \u00e9ternels\u00a0\u00bb tr\u00e8s<br \/>\npersistants dans l\u2019environnement, et 36 % avec au moins une<br \/>\nmol\u00e9cule neurotoxique. Pour <strong>Martin Dermine<\/strong>, de PAN<br \/>\nEurope, \u00ab\u00a0dans ce rapport, nous montrons que 85% des pommes<br \/>\ncontiennent plusieurs r\u00e9sidus et nous ne savons pas si leur<br \/>\nconsommation est sans danger ou non\u00a0\u00bb, affirme-t-il dans ce<br \/>\ndocument cit\u00e9 par l\u2019AFP. L\u2019Autorit\u00e9 europ\u00e9enne de s\u00e9curit\u00e9 des<br \/>\naliments (EFSA) continue de raisonner pesticide par pesticide sans<br \/>\nmesurer une \u00ab\u00a0exposition multiple\u00a0\u00bb, malgr\u00e9 le r\u00e8glement (CE) n\u00b0<br \/>\n396\/2005 qui pr\u00e9voit cette \u00e9valuation des m\u00e9langes.<\/p>\n<p>Effet cocktail, b\u00e9b\u00e9s et vergers de pommiers : pourquoi les<br \/>\nchiffres interpellent<\/p>\n<p>Le point jug\u00e9 le plus pr\u00e9occupant concerne les tout-petits. Pour<br \/>\nles aliments transform\u00e9s destin\u00e9s aux moins de trois ans, la<br \/>\nr\u00e9glementation europ\u00e9enne fixe une <strong>limite g\u00e9n\u00e9rale de 0,01<br \/>\nmg de r\u00e9sidu de pesticide par kilo<\/strong>. Or, en appliquant ce<br \/>\nseuil aux pommes test\u00e9es, <strong>93 % d\u2019entre elles seraient<br \/>\njug\u00e9es non conformes<\/strong> ; seules 4 sur 59 passeraient.<\/p>\n<p>PAN Europe rappelle que la pomme est <a href=\"https:\/\/monjardinmamaison.maison-travaux.fr\/mon-jardin-ma-maison\/actualites-jardin\/fruit-contamine-pesticides-faire-pousser-sans-effort-475651.html\" target=\"_blank\" rel=\"noopener\"><br \/>\n<strong>l\u2019un des fruits les plus consomm\u00e9s dans l\u2019Union<br \/>\neurop\u00e9enne<\/strong><\/a>, surtout en Pologne, en Italie et en<br \/>\nFrance. C\u2019est aussi l\u2019un des plus trait\u00e9s : les vergers<br \/>\nconventionnels re\u00e7oivent jusqu\u2019\u00e0 35 traitements phytosanitaires par<br \/>\nan en moyenne, plus de la moiti\u00e9 pour lutter contre la tavelure,<br \/>\nm\u00eame si des pays comme le Danemark affichent moins de combinaisons<br \/>\nprobl\u00e9matiques.<\/p>\n<p>Pommes, producteurs et consommateurs : pol\u00e9mique et gestes de<br \/>\npr\u00e9caution<\/p>\n<p>Face \u00e0 cette alerte, les producteurs fran\u00e7ais contestent<br \/>\nvivement les conclusions. Pierre Venteau, repr\u00e9sentant de la<br \/>\nfili\u00e8re, d\u00e9nonce une \u00ab\u00a0manipulation\u00a0\u00bb pour faire du<br \/>\n\u00ab\u00a0sensationnel\u00a0\u00bb avec ce rapport et estime l\u2019\u00e9chantillon peu<br \/>\nrepr\u00e9sentatif : \u00ab\u00a0On monte les choses en \u00e9pingle apr\u00e8s cinq<br \/>\npr\u00e9l\u00e8vements en France (sur la soixantaine r\u00e9alis\u00e9e en Europe<br \/>\npar les ONG), dans un lieu anonymis\u00e9. <strong>On ne conna\u00eet<br \/>\nrien de la m\u00e9thodologie, ni si ces pommes d\u00e9passent les limites<br \/>\nmaximales de r\u00e9sidus de pesticides autoris\u00e9s<\/strong>\u00ab\u00a0, a-t-il<br \/>\ncritiqu\u00e9 aupr\u00e8s de l\u2019AFP, en soulignant qu\u2019il s\u2019agit <a href=\"https:\/\/monjardinmamaison.maison-travaux.fr\/mon-jardin-ma-maison\/plantes-par-type\/potager-legumes\/fruits-et-legumes\/pesticides-dans-pommes-choisir-devoile-seule-variete-privilegier-514738.html\" target=\"_blank\" rel=\"noopener\"><br \/>\nde pommes a priori conformes aux normes<\/a>.<\/p>\n<p>Il met en avant 2.000 analyses par an r\u00e9alis\u00e9es dans la fili\u00e8re<br \/>\n: \u00ab\u00a0Nous, nous faisons 2.000 screenings (tests) par an<br \/>\nchez nos producteurs et on n\u00a0\u00bba pas de non-conformit\u00e9\u00a0\u00bb, a-t-il<br \/>\naffirm\u00e9. Quant \u00e0 l\u2019effet cocktail potentiel, \u00ab\u00a0laissons les<br \/>\nscientifiques chercher\u00a0\u00bb, a-t-il plaid\u00e9, tandis que les ONG<br \/>\ninvitent les consommateurs \u00e0 privil\u00e9gier les pommes issues de<br \/>\nl\u2019agriculture biologique ou, pour les fruits conventionnels,<br \/>\n<strong>\u00e0 bien les laver et les peler avant de les proposer aux<br \/>\nenfants<\/strong>.<\/p>\n<p>EN BREF<\/p>\n<ul class=\"bloc_resume_post_list\">\n<li>\ud83d\udea8 Fin janvier 2026, le r\u00e9seau d\u2019ONG PAN Europe publie une<br \/>\n\u00e9tude men\u00e9e sur 59 pommes achet\u00e9es au hasard dans 13 pays de<br \/>\nl\u2019Union europ\u00e9enne.<\/li>\n<li>\ud83c\udf4f Les analyses montrent 93 % de fruits avec des r\u00e9sidus,<br \/>\n85 % avec plusieurs pesticides dont PFAS et neurotoxiques, ce qui<br \/>\nravive le d\u00e9bat sur l\u2019\u00ab effet cocktail \u00bb.<\/li>\n<li>\u26a0\ufe0f Entre inqui\u00e9tudes pour les b\u00e9b\u00e9s, contestation des<br \/>\nproducteurs et conseils pour limiter l\u2019exposition, le rapport<br \/>\nrelance les questions sur nos choix de consommation.<\/li>\n<\/ul>\n","protected":false},"excerpt":{"rendered":"Une pomme dans la bo\u00eete \u00e0 repas des enfants, une autre croqu\u00e9e devant l\u2019ordi : en Europe, ce&hellip;\n","protected":false},"author":2,"featured_media":702670,"comment_status":"","ping_status":"","sticky":false,"template":"","format":"standard","meta":{"footnotes":""},"categories":[1586],"tags":[11,1777,674,1779,1011,27,61777,12,25,1778,364,729],"class_list":{"0":"post-702669","1":"post","2":"type-post","3":"status-publish","4":"format-standard","5":"has-post-thumbnail","7":"category-europe","8":"tag-actualites","9":"tag-eu","10":"tag-europe","11":"tag-european-union","12":"tag-fr","13":"tag-france","14":"tag-has_video","15":"tag-news","16":"tag-republique-francaise","17":"tag-ue","18":"tag-union-europeenne","19":"tag-yout_video"},"share_on_mastodon":{"url":"https:\/\/pubeurope.com\/@fr\/115991489004726515","error":""},"_links":{"self":[{"href":"https:\/\/www.europesays.com\/fr\/wp-json\/wp\/v2\/posts\/702669","targetHints":{"allow":["GET"]}}],"collection":[{"href":"https:\/\/www.europesays.com\/fr\/wp-json\/wp\/v2\/posts"}],"about":[{"href":"https:\/\/www.europesays.com\/fr\/wp-json\/wp\/v2\/types\/post"}],"author":[{"embeddable":true,"href":"https:\/\/www.europesays.com\/fr\/wp-json\/wp\/v2\/users\/2"}],"replies":[{"embeddable":true,"href":"https:\/\/www.europesays.com\/fr\/wp-json\/wp\/v2\/comments?post=702669"}],"version-history":[{"count":0,"href":"https:\/\/www.europesays.com\/fr\/wp-json\/wp\/v2\/posts\/702669\/revisions"}],"wp:featuredmedia":[{"embeddable":true,"href":"https:\/\/www.europesays.com\/fr\/wp-json\/wp\/v2\/media\/702670"}],"wp:attachment":[{"href":"https:\/\/www.europesays.com\/fr\/wp-json\/wp\/v2\/media?parent=702669"}],"wp:term":[{"taxonomy":"category","embeddable":true,"href":"https:\/\/www.europesays.com\/fr\/wp-json\/wp\/v2\/categories?post=702669"},{"taxonomy":"post_tag","embeddable":true,"href":"https:\/\/www.europesays.com\/fr\/wp-json\/wp\/v2\/tags?post=702669"}],"curies":[{"name":"wp","href":"https:\/\/api.w.org\/{rel}","templated":true}]}}