{"id":70275,"date":"2025-05-02T21:31:08","date_gmt":"2025-05-02T21:31:08","guid":{"rendered":"https:\/\/www.europesays.com\/fr\/70275\/"},"modified":"2025-05-02T21:31:08","modified_gmt":"2025-05-02T21:31:08","slug":"toulon-provence-regatta-cap-sur-la-2e-edition","status":"publish","type":"post","link":"https:\/\/www.europesays.com\/fr\/70275\/","title":{"rendered":"Toulon Provence Regatta : cap sur la 2e \u00e9dition"},"content":{"rendered":"<p><img loading=\"lazy\" decoding=\"async\" alt=\"\u00a9 Jean Pahin de Mostu\u00e9jouls - La Toulon Provence Regatta se d\u00e9roule \u00e0 partir du 19 mai.\" data-zoom-src=\"https:\/\/www.europesays.com\/fr\/wp-content\/uploads\/2025\/05\/initial-toulon-provence-regatta-2025-voile.jpg\" data-zoomable=\"\" height=\"702\" src=\"https:\/\/www.europesays.com\/fr\/wp-content\/uploads\/2025\/05\/initial-toulon-provence-regatta-2025-voile.jpg\" width=\"1248\"\/>  <\/p>\n<p class=\"article-desc\">\u00a9 Jean Pahin de Mostu\u00e9jouls &#8211; La Toulon Provence Regatta se d\u00e9roule \u00e0 partir du 19 mai. <\/p>\n<p>La <a href=\"https:\/\/toulonprovenceregatta.fr\/\" rel=\"noopener\" target=\"_blank\">Toulon Provence Regatta<\/a> <strong>hisse les voiles pour une seconde \u00e9dition<\/strong>. Elle se tiendra \u00e0 partir du 19 mai en rade de Toulon, avec des comp\u00e9titions du 22 au 25. <\/p>\n<blockquote>\n<p>\u00ab\u00a0Nous nous adressons \u00e0 deux typologies de population\u00a0: les r\u00e9gateurs qui cherchent un plan d\u2019eau technique et le grand public qui souhaite comprendre le fonctionnement de ces courses et voir de beaux bateaux naviguer\u00a0\u00bb, d\u00e9taille Xavier Caux, pr\u00e9sident de Twelve Med Events, organisateur avec le Club nautique de la Marine. <\/p>\n<\/blockquote>\n<p>C\u00f4t\u00e9 r\u00e9gate,\u00a0on retrouvera <strong>une quarantaine de bateaux<\/strong>, soit quelque 150 \u00e0 200 marins. Parmi eux, des<strong> 12 mJI,<\/strong> avec une manche de la 56e Coupe de France du Yacht Club de France, premi\u00e8re \u00e9tape en M\u00e9diterran\u00e9e de la saison 2025. Mais aussi, particularit\u00e9 cette ann\u00e9e, <strong>des voiliers 2.4 mR<\/strong> \u2013 souvent utilis\u00e9s en handisport &#8211; avec une \u00e9tape de leur circuit europ\u00e9en. Les manches s\u2019\u00e9tendront de La Seyne \u00e0 Hy\u00e8res. <\/p>\n<p> Des animations gratuites au Mourillon <\/p>\n<p>Ils seront visibles chaque matin avant de partir en mer (10 h), puis \u00e0 leur retour (17 h), au niveau du Carr\u00e9 du port, face \u00e0 la mairie d\u2019honneur, et sur les pontons du Club nautique. Seront \u00e9galement pr\u00e9sents <strong>d\u2019autres voiliers remarquables, pour certains class\u00e9s aux monuments historiques<\/strong> \u00e0 l\u2019image du France ou de la go\u00e9lette O\u2019Remington (voir encadr\u00e9), apparue dans les films de Fellini et dans laquelle de nombreuses stars ont s\u00e9journ\u00e9.<\/p>\n<p>Pour la partie grand public, <strong>tous pourront se visiter gratuitement<\/strong>, <a href=\"https:\/\/toulonprovenceregatta.fr\/349591-z-ticketing\/\" rel=\"noopener\" target=\"_blank\">sur inscription<\/a>. Les curieux pourront \u00e9galement, \u00e0 compter du 19 mai, d\u00e9couvrir le parcours p\u00e9dagogique de la mer le long des quais, visiter l\u2019exposition en mairie d\u2019honneur, ou encore assister <strong>le 24 mai \u00e0 des d\u00e9monstrations, animations et bapt\u00eames gratuits<\/strong> au niveau des plages du Mourillon. Avec notamment une initiation au <strong>pilotage de voiliers radiocommand\u00e9s<\/strong>.<\/p>\n<p> Toulon Provence Regatta, un \u00e9v\u00e9nement participatif <\/p>\n<p>Les ma\u00eetres-mots de l\u2019\u00e9v\u00e9nement sont les m\u00eames que pour la premi\u00e8re \u00e9dition, organis\u00e9e \u00e0 l\u2019occasion du passage de la <a href=\"https:\/\/mesinfos.fr\/tag\/flamme-olympique\" rel=\"noopener\" target=\"_blank\">flamme olympique<\/a> en mai 2024 : \u00ab Pr\u00e9servation de l\u2019environnement, transmission des valeurs et savoirs et l\u2019implication citoyenne\u00a0\u00bb, insiste Xavier Caux. L\u2019aspect inclusif et participatif est tellement important que <strong>seuls les skippeurs acceptant de faire visiter leur bateau sont autoris\u00e9s \u00e0 s\u2019inscrire.<\/strong><\/p>\n<p> <img decoding=\"async\" alt=\"\" data-zoomable=\"\" loading=\"lazy\" src=\"https:\/\/www.europesays.com\/fr\/wp-content\/uploads\/2025\/05\/toulon-provence-regatta-2025-voile-competition.jpg\" width=\"100%\"\/> \u00a9 Jean Pahin de Mostu\u00e9jouls &#8211; La premi\u00e8re \u00e9dition avait \u00e9t\u00e9 organis\u00e9e pour le passage de la flamme olympique. <\/p>\n<p>Cette ann\u00e9e, le parrain est <strong>Erwan Jauffroy<\/strong>, connu pour avoir accompli, le 12 juin 2024, une premi\u00e8re mondiale en reliant Toulon \u00e0 Calvi en foil \u00ab\u00a0\u00e0 la vitesse d\u2019un ferry\u00a0\u00bb, dit-il, soit 12 heures et 19 minutes. <\/p>\n<p>Une troisi\u00e8me \u00e9dition d\u00e9j\u00e0 au programme <\/p>\n<p>\u00ab\u00a0Organiser un \u00e9v\u00e9nement est une chose, l\u2019inscrire dans la dur\u00e9e en est une autre\u00a0\u00bb, se f\u00e9licite Jos\u00e9e Massi, maire de Toulon. La Ville figure parmi les partenaires institutionnels, avec la M\u00e9tropole Toulon Provence M\u00e9diterran\u00e9e et la R\u00e9gion Provence-Alpes-C\u00f4te d\u2019Azur. Du c\u00f4t\u00e9 des priv\u00e9s, la Toulon Provence Regatta peut compter sur le soutien de Veolia, la Maif, Maribay, ch\u00e2teau Pas du Cerf entres autres.<\/p>\n<blockquote>\n<p>\u00ab\u00a0L\u2019objectif est de faire grandir l\u2019\u00e9v\u00e9nement avec des sponsors priv\u00e9s. Nous sommes donc en recherche active pour les prochaines \u00e9ditions\u00a0\u00bb, indique le pr\u00e9sident qui compte sur une \u00e9quipe de cinq b\u00e9n\u00e9voles \u00e0 l\u2019ann\u00e9e, 125 par jour au moment de la Toulon Provence Regatta. <\/p>\n<\/blockquote>\n<p>La troisi\u00e8me \u00e9dition est d\u00e9j\u00e0 en pr\u00e9paration. <strong>Rendez-vous du 7 au 10 mai 2026<\/strong> pour une comp\u00e9tition qui devrait monter en puissance puisque la Toulon Provence Regatta sera inscrite au calendrier officiel et entrera donc \u00ab\u00a0dans le cercle dans <a href=\"https:\/\/mesinfos.fr\/83990-saint-tropez\/la-foule-attendue-aux-voiles-de-saint-tropez-207380.html\" rel=\"noopener\" target=\"_blank\">grandes r\u00e9gates de M\u00e9diterran\u00e9e<\/a>\u00a0\u00bb. <\/p>\n<p>Un voilier mis en vente aux ench\u00e8res <\/p>\n<p>Le <strong>O&rsquo;Remignton<\/strong>, c\u00e9l\u00e8bre pour son histoire avec le 7e art, sera mis en vente aux ench\u00e8res le 24 mai en fin de journ\u00e9e au niveau du Carr\u00e9 du port. \u00ab\u00a0C&rsquo;est le d\u00e9but de la saison donc cela peut \u00eatre int\u00e9ressant pour certains \u00bb, note Xavier Caux.\u00a0<\/p>\n","protected":false},"excerpt":{"rendered":"\u00a9 Jean Pahin de Mostu\u00e9jouls &#8211; La Toulon Provence Regatta se d\u00e9roule \u00e0 partir du 19 mai. La&hellip;\n","protected":false},"author":2,"featured_media":70276,"comment_status":"","ping_status":"","sticky":false,"template":"","format":"standard","meta":{"footnotes":""},"categories":[9619],"tags":[1111,11,1777,674,1011,27,12,882,25,17251,2310,10887,17250],"class_list":{"0":"post-70275","1":"post","2":"type-post","3":"status-publish","4":"format-standard","5":"has-post-thumbnail","7":"category-toulon","8":"tag-actu","9":"tag-actualites","10":"tag-eu","11":"tag-europe","12":"tag-fr","13":"tag-france","14":"tag-news","15":"tag-provence-alpes-cote-dazur","16":"tag-republique-francaise","17":"tag-ru00e9gate","18":"tag-toulon","19":"tag-voile","20":"tag-voilier"},"share_on_mastodon":{"url":"https:\/\/pubeurope.com\/@fr\/114440377674318654","error":""},"_links":{"self":[{"href":"https:\/\/www.europesays.com\/fr\/wp-json\/wp\/v2\/posts\/70275","targetHints":{"allow":["GET"]}}],"collection":[{"href":"https:\/\/www.europesays.com\/fr\/wp-json\/wp\/v2\/posts"}],"about":[{"href":"https:\/\/www.europesays.com\/fr\/wp-json\/wp\/v2\/types\/post"}],"author":[{"embeddable":true,"href":"https:\/\/www.europesays.com\/fr\/wp-json\/wp\/v2\/users\/2"}],"replies":[{"embeddable":true,"href":"https:\/\/www.europesays.com\/fr\/wp-json\/wp\/v2\/comments?post=70275"}],"version-history":[{"count":0,"href":"https:\/\/www.europesays.com\/fr\/wp-json\/wp\/v2\/posts\/70275\/revisions"}],"wp:featuredmedia":[{"embeddable":true,"href":"https:\/\/www.europesays.com\/fr\/wp-json\/wp\/v2\/media\/70276"}],"wp:attachment":[{"href":"https:\/\/www.europesays.com\/fr\/wp-json\/wp\/v2\/media?parent=70275"}],"wp:term":[{"taxonomy":"category","embeddable":true,"href":"https:\/\/www.europesays.com\/fr\/wp-json\/wp\/v2\/categories?post=70275"},{"taxonomy":"post_tag","embeddable":true,"href":"https:\/\/www.europesays.com\/fr\/wp-json\/wp\/v2\/tags?post=70275"}],"curies":[{"name":"wp","href":"https:\/\/api.w.org\/{rel}","templated":true}]}}