{"id":702787,"date":"2026-01-31T21:12:21","date_gmt":"2026-01-31T21:12:21","guid":{"rendered":"https:\/\/www.europesays.com\/fr\/702787\/"},"modified":"2026-01-31T21:12:21","modified_gmt":"2026-01-31T21:12:21","slug":"pro-d2-on-a-eu-de-tres-hauts-standards-sur-la-discipline-une-victoire-nette-et-sans-bavure-pour-colomiers","status":"publish","type":"post","link":"https:\/\/www.europesays.com\/fr\/702787\/","title":{"rendered":"Pro D2 &#8211; \u00ab\u00a0On a eu de tr\u00e8s hauts standards sur la discipline\u00a0\u00bb, une victoire nette et sans bavure pour Colomiers"},"content":{"rendered":"<p>\n                Colomiers s\u2019est adjug\u00e9 la victoire sans trembler, avec l\u2019ensemble des secteurs au vert, au premier rang desquels la discipline et la d\u00e9fense. Si l\u2019on y ajoute une conqu\u00eate qui va mieux et une attaque qui retrouve de son allant&#8230;\n            <\/p>\n<p>\u00ab\u00a0Valider la victoire \u00e0 Agen\u00a0\u00bb, mais aussi \u00ab\u00a0se l\u00e2cher et prendre du plaisir\u00a0\u00bb : le staff de Colomiers, pour prolonger cette s\u00e9rie de victoires qui se porte d\u00e9sormais \u00e0 cinq, avait pris ce pari. Une fa\u00e7on d\u2019\u00e9taler tout le talent de ses troupes et de marquer le coup. C\u2019est chose faite, on ne peut pas le nier\u2026 Six essais (et trois occasions d\u2019essai franches pass\u00e9es \u00e0 l\u2019as), 42 points d\u2019\u00e9cart et un suspense qui n\u2019a jamais eu lieu : Colomiers a construit sa victoire patiemment avant de l\u00e2cher les chevaux en fin de partie. Les perc\u00e9es de Rodrigo Marta et les mouvements collectifs ont eu le m\u00e9rite de verser dans le rugby champagne, apr\u00e8s un bloc \u00e0 gagner de fa\u00e7on plus restreinte, plus hivernale si l\u2019on peut dire. \u00ab\u00a0C\u2019est dans la continuit\u00e9 de ce qu\u2019on a fait sur le bloc, finalement, estimait Baptiste Serrano. On est mont\u00e9 crescendo. \u00c7a nous tenait \u00e0 c\u0153ur de r\u00e9aliser une bonne entame.\u00a0\u00bb Cette \u00ab\u00a0grosse prestation\u00a0\u00bb a \u00e9t\u00e9 le fruit de plusieurs facteurs : \u00ab\u00a0La conqu\u00eate a fait du bien, elle a pas mal progress\u00e9 depuis le d\u00e9but du bloc, \u00e7a \u00ab\u00a0aligne les plan\u00e8tes\u00a0\u00bb\u00a0\u00bb, ajoute le trois-quarts centre.<\/p>\n<p>Et tous, joueurs et staffs, saluaient un point moins \u00e9vident qui pourtant tranche avec les derni\u00e8res sorties. \u00ab\u00a0Quatre p\u00e9nalit\u00e9s conc\u00e9d\u00e9es, c\u2019est le record de la saison, r\u00e9v\u00e9lait l\u2019entra\u00eeneur principal Florian Nicot. C\u2019est le gros point positif. Avec la d\u00e9fense, encore une fois, puisqu\u2019on ne prend pas le moindre point, on a eu de tr\u00e8s hauts standards sur la discipline. Et \u00e7a nous r\u00e9compense. Si on continue comme \u00e7a avec quatre fautes par match, et jouer \u00e0 15 toute la partie, \u00e7a ne pourra nous apporter que de belles choses.\u00a0\u00bb<\/p>\n<p>Les jeunes poussent les \u00ab\u00a0tauliers\u00a0\u00bb<\/p>\n<p>Avec les d\u00e9faites de Valence-Romans, Oyonnax et Brive, cela conforte la Colombe sur le podium, qui compte sept points d\u2019avance. Et \u00e7a n\u2019est ni ce fait statistique ni le prochain bloc \u00e0 venir (d\u00e9placements \u00e0 Nevers et Vannes, r\u00e9ceptions de B\u00e9ziers et Brive) qui vont inqui\u00e9ter les Haut-Garonnais. \u00ab\u00a0On ne se prend pas la t\u00eate, haussait des \u00e9paules Paolo Parpagiola. Depuis le d\u00e9but, on a un groupe qui tourne beaucoup, avec des compositions bien diff\u00e9rentes. Que ce soit \u00e0 domicile ou \u00e0 l\u2019ext\u00e9rieur, on donne tout.\u00a0\u00bb Le troisi\u00e8me ligne aile \u00e9tait assis au c\u00f4t\u00e9 de Baptiste Serrano pour d\u00e9briefer la partie. Et tous les deux (22 et 24 ans) incarnent cette jeunesse form\u00e9e au club capable de bousculer la hi\u00e9rarchie, en d\u00e9pit de la forte concurrence qui r\u00e8gne \u00e0 leurs postes. \u00ab\u00a0C\u2019est le but, c\u2019est ce que Flo\u2019 (Florian Nicot) recherche, r\u00e9pondait le second. Et c\u2019est ce que nous voulions : avoir ces chances, les saisir et confirmer derri\u00e8re.\u00a0\u00bb Avec une ambition de moins en moins cach\u00e9e, \u00e0 l\u2019instar des mots de Nicolas Martins (lire en page 21) : \u00ab\u00a0On a une petite id\u00e9e en t\u00eate sur les matchs qu\u2019on a perdus \u00e0 l\u2019aller, lance Serrano. On a eu beaucoup de frustrations, surtout \u00e0 domicile (d\u00e9faites contre Vannes et Provence Rugby). On aimerait \u00ab\u00a0faire propre\u00a0\u00bb et gagner contre ces grosses \u00e9quipes.\u00a0\u00bb<\/p>\n","protected":false},"excerpt":{"rendered":"Colomiers s\u2019est adjug\u00e9 la victoire sans trembler, avec l\u2019ensemble des secteurs au vert, au premier rang desquels la&hellip;\n","protected":false},"author":2,"featured_media":702788,"comment_status":"","ping_status":"","sticky":false,"template":"","format":"standard","meta":{"footnotes":""},"categories":[1586],"tags":[11,1777,674,1779,1011,27,12,2308,25,68796,1778,364],"class_list":{"0":"post-702787","1":"post","2":"type-post","3":"status-publish","4":"format-standard","5":"has-post-thumbnail","7":"category-europe","8":"tag-actualites","9":"tag-eu","10":"tag-europe","11":"tag-european-union","12":"tag-fr","13":"tag-france","14":"tag-news","15":"tag-pro-d2","16":"tag-republique-francaise","17":"tag-rugby-u00e0-xv","18":"tag-ue","19":"tag-union-europeenne"},"share_on_mastodon":{"url":"https:\/\/pubeurope.com\/@fr\/115991776169674931","error":""},"_links":{"self":[{"href":"https:\/\/www.europesays.com\/fr\/wp-json\/wp\/v2\/posts\/702787","targetHints":{"allow":["GET"]}}],"collection":[{"href":"https:\/\/www.europesays.com\/fr\/wp-json\/wp\/v2\/posts"}],"about":[{"href":"https:\/\/www.europesays.com\/fr\/wp-json\/wp\/v2\/types\/post"}],"author":[{"embeddable":true,"href":"https:\/\/www.europesays.com\/fr\/wp-json\/wp\/v2\/users\/2"}],"replies":[{"embeddable":true,"href":"https:\/\/www.europesays.com\/fr\/wp-json\/wp\/v2\/comments?post=702787"}],"version-history":[{"count":0,"href":"https:\/\/www.europesays.com\/fr\/wp-json\/wp\/v2\/posts\/702787\/revisions"}],"wp:featuredmedia":[{"embeddable":true,"href":"https:\/\/www.europesays.com\/fr\/wp-json\/wp\/v2\/media\/702788"}],"wp:attachment":[{"href":"https:\/\/www.europesays.com\/fr\/wp-json\/wp\/v2\/media?parent=702787"}],"wp:term":[{"taxonomy":"category","embeddable":true,"href":"https:\/\/www.europesays.com\/fr\/wp-json\/wp\/v2\/categories?post=702787"},{"taxonomy":"post_tag","embeddable":true,"href":"https:\/\/www.europesays.com\/fr\/wp-json\/wp\/v2\/tags?post=702787"}],"curies":[{"name":"wp","href":"https:\/\/api.w.org\/{rel}","templated":true}]}}