{"id":70279,"date":"2025-05-02T21:33:07","date_gmt":"2025-05-02T21:33:07","guid":{"rendered":"https:\/\/www.europesays.com\/fr\/70279\/"},"modified":"2025-05-02T21:33:07","modified_gmt":"2025-05-02T21:33:07","slug":"une-pluie-de-fraises-et-de-bonnes-affaires","status":"publish","type":"post","link":"https:\/\/www.europesays.com\/fr\/70279\/","title":{"rendered":"une pluie de fraises et de bonnes affaires"},"content":{"rendered":"<p>            Par<br \/>\n        <strong><br \/>\n            <a href=\"https:\/\/actu.fr\/auteur\/metropoop\" title=\"Consulter tous les articles de R\u00e9daction M\u00e9tropolitain\" rel=\"nofollow noopener\" target=\"_blank\">R\u00e9daction M\u00e9tropolitain<\/a><br \/>\n        <\/strong><\/p>\n<p>        Publi\u00e9 le<\/p>\n<p>            2 mai 2025 \u00e0 22h14        <\/p>\n<p><strong>Ce samedi 3 mai 2025<\/strong>, le Grand Bazar de Mauguio revient avec son lot de bonnes affaires\u2026 et une passion assum\u00e9e pour le fruit rouge le plus populaire du printemps. De 9h \u00e0 18h, les rues du centre-ville se transforment en march\u00e9 g\u00e9ant.<\/p>\n<p>    <a href=\"https:\/\/www.google.com\/maps\/embed?pb=!1m18!1m12!1m3!1d23106.516094525425!2d3.874449!3d43.62081250000001!2m3!1f0!2f0!3f0!3m2!1i1024!2i768!4f13.1!3m3!1m2!1s0x12b6a310cec356c1%3A0x4078821166ac570!2s34130%20Mauguio!5e0!3m2!1sen!2sfr!4v1745443963326!5m2!1sen!2sfr\" title=\"Ouvrie le lien\" rel=\"nofollow noopener\" target=\"_blank\">Cliquez ici pour visualiser le contenu<\/a><\/p>\n<p class=\" wall-content\">Comme chaque ann\u00e9e, les commer\u00e7ants du coeur de ville d\u00e9ballent leurs stocks. V\u00eatements, accessoires, produits locaux, tout est l\u00e0 pour faire plaisir sans se ruiner. Cette grande braderie attire curieux, familles, promeneurs et chasseurs de bonnes affaires. Les ruelles deviennent un joyeux labyrinthe o\u00f9 chacun esp\u00e8re tomber sur la perle rare.<\/p>\n<p>La fraise dans tous ses \u00e9tats<\/p>\n<p class=\" wall-content\">Cette \u00e9dition place<strong> la fraise<\/strong> au centre de toutes les attentions. Des producteurs locaux viendront avec leurs r\u00e9coltes. Cultiv\u00e9es sous le soleil h\u00e9raultais, elles arrivent \u00e0 maturit\u00e9 juste \u00e0 temps pour l\u2019\u00e9v\u00e9nement. Un vrai festival pour les papilles. Pour les familles, c\u2019est une journ\u00e9e id\u00e9ale. La ville a pr\u00e9vu une s\u00e9rie d\u2019animations gratuites. Les enfants pourront grimper sur les man\u00e8ges install\u00e9s pour l\u2019occasion. Une fanfare d\u00e9ambulera dans les rues. Une parade color\u00e9e rythmera l\u2019apr\u00e8s-midi. Les plus cr\u00e9atifs pourront se faire maquiller<\/p>\n<p class=\" wall-content\">Autre moment fort de la journ\u00e9e :<strong> les ateliers p\u00e2tisserie<\/strong>. Ils seront anim\u00e9s par les artisans de Mauguio. Sur inscription, petits et grands apprendront \u00e0 r\u00e9aliser tartes, mousses ou verrines autour de la fraise. Les participants repartiront avec leurs cr\u00e9ations. Un moment ludique et sucr\u00e9 qui devrait attirer du monde.<\/p>\n<p>Vid\u00e9os : en ce moment sur Actu<strong>&gt;<\/strong> Le programme d\u00e9taill\u00e9 vous attend <a href=\"https:\/\/mauguio-carnon.com\/tout-l-agenda\/le-grand-bazar-ramene-sa-fraise\/\" rel=\"nofollow noopener\" target=\"_blank\">en ligne<\/a><\/p>\n<p class=\" wall-content\">Suivez toute l\u2019actualit\u00e9 de vos villes et m\u00e9dias favoris en vous inscrivant \u00e0 <a href=\"https:\/\/moncompte.actu.fr\" title=\"D\u00e9couvez Mon Actu\" rel=\"nofollow noopener\" data-trk=\"{&quot;cta&quot;:{&quot;action&quot;:&quot;https:\\\/\\\/moncompte.actu.fr&quot;,&quot;category&quot;:&quot;mon compte&quot;,&quot;from&quot;:&quot;article footer&quot;,&quot;name&quot;:&quot;Mon actu&quot;,&quot;type&quot;:&quot;cta&quot;}}\" target=\"_blank\">Mon Actu<\/a>.<\/p>\n","protected":false},"excerpt":{"rendered":"Par R\u00e9daction M\u00e9tropolitain Publi\u00e9 le 2 mai 2025 \u00e0 22h14 Ce samedi 3 mai 2025, le Grand Bazar&hellip;\n","protected":false},"author":2,"featured_media":70280,"comment_status":"","ping_status":"","sticky":false,"template":"","format":"standard","meta":{"footnotes":""},"categories":[9599],"tags":[1111,11,258,1261,1777,674,652,1011,27,1652,2208,12,2680,25],"class_list":{"0":"post-70279","1":"post","2":"type-post","3":"status-publish","4":"format-standard","5":"has-post-thumbnail","7":"category-montpellier","8":"tag-actu","9":"tag-actualites","10":"tag-alimentation","11":"tag-argent","12":"tag-eu","13":"tag-europe","14":"tag-famille","15":"tag-fr","16":"tag-france","17":"tag-loisirs-culture","18":"tag-montpellier","19":"tag-news","20":"tag-occitanie","21":"tag-republique-francaise"},"share_on_mastodon":{"url":"https:\/\/pubeurope.com\/@fr\/114440385729304868","error":""},"_links":{"self":[{"href":"https:\/\/www.europesays.com\/fr\/wp-json\/wp\/v2\/posts\/70279","targetHints":{"allow":["GET"]}}],"collection":[{"href":"https:\/\/www.europesays.com\/fr\/wp-json\/wp\/v2\/posts"}],"about":[{"href":"https:\/\/www.europesays.com\/fr\/wp-json\/wp\/v2\/types\/post"}],"author":[{"embeddable":true,"href":"https:\/\/www.europesays.com\/fr\/wp-json\/wp\/v2\/users\/2"}],"replies":[{"embeddable":true,"href":"https:\/\/www.europesays.com\/fr\/wp-json\/wp\/v2\/comments?post=70279"}],"version-history":[{"count":0,"href":"https:\/\/www.europesays.com\/fr\/wp-json\/wp\/v2\/posts\/70279\/revisions"}],"wp:featuredmedia":[{"embeddable":true,"href":"https:\/\/www.europesays.com\/fr\/wp-json\/wp\/v2\/media\/70280"}],"wp:attachment":[{"href":"https:\/\/www.europesays.com\/fr\/wp-json\/wp\/v2\/media?parent=70279"}],"wp:term":[{"taxonomy":"category","embeddable":true,"href":"https:\/\/www.europesays.com\/fr\/wp-json\/wp\/v2\/categories?post=70279"},{"taxonomy":"post_tag","embeddable":true,"href":"https:\/\/www.europesays.com\/fr\/wp-json\/wp\/v2\/tags?post=70279"}],"curies":[{"name":"wp","href":"https:\/\/api.w.org\/{rel}","templated":true}]}}