{"id":702839,"date":"2026-01-31T21:51:20","date_gmt":"2026-01-31T21:51:20","guid":{"rendered":"https:\/\/www.europesays.com\/fr\/702839\/"},"modified":"2026-01-31T21:51:20","modified_gmt":"2026-01-31T21:51:20","slug":"oceade-mue-en-centre-de-cultures-urbaines","status":"publish","type":"post","link":"https:\/\/www.europesays.com\/fr\/702839\/","title":{"rendered":"Oc\u00e9ade mue en centre de cultures urbaines"},"content":{"rendered":"<p class=\"c-paragraph\">La M\u00e9tropole Rouen Normandie a retenu l\u2019agence d\u2019architecture Jean-Pierre Lott pour transformer l\u2019ancien complexe aqualudique Oc\u00e9ade. A l\u2019abandon depuis pr\u00e8s de trente-cinq ans sur l\u2019\u00eele Lacroix \u00e0 Rouen (Seine-Maritime), il deviendra un centre de cultures urbaines de 3 600 m\u00b2 SP, \u00e0 l\u2019horizon 2029. Les sports de glisse occuperont la salle principale (1 800 m\u00b2, correspondant \u00e0 l\u2019ancienne piscine) avec une tribune r\u00e9tractable de 250 places. Le projet inclut \u00e9galement 200 m\u00b2 de parkour, 150 m\u00b2 pour un atelier graff (ainsi que des modules et des murs), 100 m\u00b2 pour la danse, un club-house de 75 m\u00b2 et trois terrains de sport ext\u00e9rieurs. Le co\u00fbt de l\u2019op\u00e9ration s\u2019\u00e9l\u00e8ve \u00e0 15 M\u20ac HT.<\/p>\n<p>Labellisation EnerPHit<\/p>\n<p class=\"c-paragraph\">Con\u00e7u en collaboration avec Oteis et Eodd, le futur centre de cultures urbaines vise la labellisation EnerPHit Premium, int\u00e9grant l\u2019utilisation des \u00e9nergies renouvelables (panneaux photovolta\u00efques, g\u00e9othermie et a\u00e9rothermie), ainsi que le label B\u00e2timent biosourc\u00e9 niveau 2.<\/p>\n","protected":false},"excerpt":{"rendered":"La M\u00e9tropole Rouen Normandie a retenu l\u2019agence d\u2019architecture Jean-Pierre Lott pour transformer l\u2019ancien complexe aqualudique Oc\u00e9ade. A l\u2019abandon&hellip;\n","protected":false},"author":2,"featured_media":702840,"comment_status":"","ping_status":"","sticky":false,"template":"","format":"standard","meta":{"footnotes":"","_share_on_mastodon":"0"},"categories":[9587],"tags":[1111,11,1350,13241,28516,1777,674,1011,27,12,5161,4916,25,9590,5163,7333],"class_list":["post-702839","post","type-post","status-publish","format-standard","has-post-thumbnail","category-rouen","tag-actu","tag-actualites","tag-architecture","tag-equipement-culturel","tag-espaces-publics","tag-eu","tag-europe","tag-fr","tag-france","tag-news","tag-normandie","tag-projets","tag-republique-francaise","tag-rouen","tag-seine-maritime","tag-vie-du-btp"],"share_on_mastodon":{"url":"https:\/\/pubeurope.com\/@fr\/115991929388057683","error":""},"_links":{"self":[{"href":"https:\/\/www.europesays.com\/fr\/wp-json\/wp\/v2\/posts\/702839","targetHints":{"allow":["GET"]}}],"collection":[{"href":"https:\/\/www.europesays.com\/fr\/wp-json\/wp\/v2\/posts"}],"about":[{"href":"https:\/\/www.europesays.com\/fr\/wp-json\/wp\/v2\/types\/post"}],"author":[{"embeddable":true,"href":"https:\/\/www.europesays.com\/fr\/wp-json\/wp\/v2\/users\/2"}],"replies":[{"embeddable":true,"href":"https:\/\/www.europesays.com\/fr\/wp-json\/wp\/v2\/comments?post=702839"}],"version-history":[{"count":0,"href":"https:\/\/www.europesays.com\/fr\/wp-json\/wp\/v2\/posts\/702839\/revisions"}],"wp:featuredmedia":[{"embeddable":true,"href":"https:\/\/www.europesays.com\/fr\/wp-json\/wp\/v2\/media\/702840"}],"wp:attachment":[{"href":"https:\/\/www.europesays.com\/fr\/wp-json\/wp\/v2\/media?parent=702839"}],"wp:term":[{"taxonomy":"category","embeddable":true,"href":"https:\/\/www.europesays.com\/fr\/wp-json\/wp\/v2\/categories?post=702839"},{"taxonomy":"post_tag","embeddable":true,"href":"https:\/\/www.europesays.com\/fr\/wp-json\/wp\/v2\/tags?post=702839"}],"curies":[{"name":"wp","href":"https:\/\/api.w.org\/{rel}","templated":true}]}}