{"id":702894,"date":"2026-01-31T22:26:15","date_gmt":"2026-01-31T22:26:15","guid":{"rendered":"https:\/\/www.europesays.com\/fr\/702894\/"},"modified":"2026-01-31T22:26:15","modified_gmt":"2026-01-31T22:26:15","slug":"du-plus-grand-accord-jamais-conclu-a-laccord-du-siecle-le-virage-indien-de-lue-2","status":"publish","type":"post","link":"https:\/\/www.europesays.com\/fr\/702894\/","title":{"rendered":"Du \u00ab plus grand accord jamais conclu \u00bb \u00e0 \u00ab l\u2019accord du si\u00e8cle \u00bb Le virage indien de l\u2019UE"},"content":{"rendered":"<p>&#13;<br \/>\n\t\t\t24\/01\/2026. New Delhi, Inde. Le ministre indien des Affaires \u00e9trang\u00e8res Jaishankar rencontre la pr\u00e9sidente de la Commission europ\u00e9enne von der Leyen et le pr\u00e9sident du Conseil europ\u00e9en Costa \u00e0 la veille de la f\u00eate nationale. Photo\u00a0: Dati Bendo \/ Service audiovisuel de la Commission europ\u00e9enne.<br \/>\n&#13;<br \/>\n\t\t\t&#13;\n\t\t<\/p>\n<p><strong>Au moment o\u00f9 ces lignes sont \u00e9crites, la pr\u00e9sidente de la Commission europ\u00e9enne Ursula von der Leyen et le pr\u00e9sident du conseil europ\u00e9en Antonio Costa assistent au Jour de la R\u00e9publique, une parade annuelle en Inde qui est normalement r\u00e9serv\u00e9e aux chefs d\u2019\u00c9tats sur invitation du gouvernement. C\u2019est un \u00e9v\u00e9nement historique majeur et un signe d\u2019une relation \u00e9troite en formation entre Bruxelles et New Delhi, marquant un moment historique dans les relations UE-Inde.<\/strong><\/p>\n<p>Cette ann\u00e9e avait mal commenc\u00e9 \u00e0 la fois pour l\u2019UE et pour l\u2019Inde, en particulier sur le prisme g\u00e9opolitique. Alors que l\u2019UE a une guerre en cours \u00e0 ses fronti\u00e8res orientales entre l\u2019Ukraine et la Russie, l\u2019Inde se remet d\u2019une victoire pyrrhique sur le Pakistan \u2013 qui a form\u00e9 une alliance renforc\u00e9e avec l\u2019alli\u00e9 proche des Etats-Unis qu\u2019est l\u2019Arabie Saoudite. Un d\u00e9fi grandissant et partag\u00e9 est aussi apparu\u00a0: la politique ext\u00e9rieure de plus en plus erratique du pr\u00e9sident Trump. Est-ce que cela pourrait \u00eatre la solution aux nombreux probl\u00e8mes auxquels sont confront\u00e9s les deux parties\u00a0?<\/p>\n<p>Le \u00ab\u00a0plus grand accord jamais conclu\u00a0\u00bb<\/p>\n<p>Le Pr\u00e9sident Trump a impos\u00e9 des droits de douane de 50% sur les biens indiens l\u2019an dernier en raison des importations de p\u00e9trole russe de New Delhi et leur implication \u00e9troite dans les BRICS. D\u00e9sormais, Trump fait planer la menace de droits de douane suppl\u00e9mentaires sur l\u2019Inde afin d\u2019imposer la vision g\u00e9opolitique de Washington \u00e0 New Delhi. Lors du Forum \u00e9conomique de Davos, Trump a affirm\u00e9 avoir la parole du pr\u00e9sident Modi qu\u2019un accord \u00e9tait \u00e0 l\u2019ordre du jour \u2013 une affirmation rapidement d\u00e9mentie par le gouvernement indien.<\/p>\n<p>L\u2019UE pensait que la temp\u00eate provoqu\u00e9e par le pr\u00e9sident Trump s\u2019\u00e9tait calm\u00e9e au moins d\u2019apr\u00e8s lui avec \u00ab\u00a0le plus grand accord jamais conclu\u00a0\u00bb qui imposait 15% de droits de douanes sur les produits issus de l\u2019UE et exigeait que l\u2019UE investisse plus d\u20191250 milliard de dollars aux Etats-Unis. Mais c\u2019\u00e9tait sous-estimer l\u2019impr\u00e9visibilit\u00e9 du Pr\u00e9sident Trump. Apr\u00e8s avoir enlev\u00e9 le pr\u00e9sident v\u00e9n\u00e9zu\u00e9lien Nicolas Maduro, il s\u2019est tourn\u00e9 vers le Gro\u00ebnland et avec le Gro\u00ebnland sur l\u2019UE.<\/p>\n<p>M\u00eame si le pr\u00e9sident Trump a l\u2019air d\u2019avoir recul\u00e9 \u00e0 la suite de la large condamnation de ses menaces renouvel\u00e9es d\u2019annexer le Gro\u00ebnland, un territoire du Danemark, la crise est loin d\u2019\u00eatre termin\u00e9e et l\u2019existence de l\u2019OTAN ainsi que des relations transatlantiques est de plus en plus remise en question. Le pr\u00e9sident fran\u00e7ais Emmanuel Macron a r\u00e9sum\u00e9 les pens\u00e9es de la plupart des Europ\u00e9ens lorsqu\u2019il a dit \u00e0 Davos que les Etats-Unis \u00ab\u00a0ont ouvertement pour but d\u2019affaiblir et de subordonner l\u2019Europe\u00a0\u00bb en mena\u00e7ant sa souverainet\u00e9 territoriale. Le \u00ab\u00a0plus grand accord jamais conclu\u00a0\u00bb est d\u00e9sormais gel\u00e9.<\/p>\n<p>Bruxelles et New Delhi sont tous deux en train de chercher ailleurs des partenariats forts et plus r\u00e9sistants que ceux existants avec les Etats-Unis. D\u00e9passant le clivage traditionnel Occident\/Orient, les deux partis ont envoy\u00e9 des signaux de rapprochement. Avec des discours exprimant de la sympathie et des visites \u00e0 New Delhi du chancelier allemand Friedrich Merz, du pr\u00e9sident Emmanuel Macron et les d\u00e9sormais pr\u00e9sidents Ursula von der Leyen et Antonio Costa ainsi qu\u2019une visite r\u00e9ciproque \u00e0 Paris et prochainement une visite \u00e0 Rome pour rencontrer la premi\u00e8re ministre Giorgia Meloni, la \u00ab\u00a0mother of all deals\u00a0\u00bb (accord du si\u00e8cle), comme l\u2019a nomm\u00e9 la presse indienne, a d\u00e9sormais l\u2019air hautement probable.<\/p>\n<p>\u00ab\u00a0L\u2019accord du si\u00e8cle\u00a0\u00bb<\/p>\n<p>Si un accord commercial est sign\u00e9, il concernerait plus de 2 milliards de personnes et repr\u00e9senterait un PIB combin\u00e9 qui constituerait un d\u00e9fi s\u00e9rieux aux pr\u00e9tentions h\u00e9g\u00e9moniques am\u00e9ricaines ou chinoises. La magnitude de cet accord tient dans sa capacit\u00e9 \u00e0 r\u00e9concilier ce qui apparaissait comme irr\u00e9conciliable. Pendant des ann\u00e9es, les n\u00e9gociations \u00e9taient un cimeti\u00e8re d\u2019ambitions, enterr\u00e9es sous des d\u00e9saccords techniques et des r\u00e9flexes protectionnistes des deux c\u00f4t\u00e9s. Mais les chocs g\u00e9opolitiques des derniers mois ont agi comme un catalyseur.<\/p>\n<p>Au c\u0153ur de \u00ab\u00a0l\u2019accord du si\u00e8cle\u00a0\u00bb, une perc\u00e9e de l\u2019industrie automobile qui marquerait la fin d\u2019une vieille guerre froide des droits de douane. En r\u00e9duisant drastiquement les droits de douane sur les v\u00e9hicules et les composants de l\u2019UE, l\u2019Inde n\u2019ouvrirait pas simplement son march\u00e9 mais int\u00e9grerait une cha\u00eene d\u2019approvisionnement de haute technologie qui contournerait l\u2019instabilit\u00e9 de celle des Etats-Unis. En \u00e9change, l\u2019UE a propos\u00e9 un plan d\u2019investissement massif, allant au-del\u00e0 d\u2019une simple relation commerciale vers un d\u00e9veloppement mutuel de leurs \u00e9conomies respectives.<\/p>\n<p>De plus, une analyse approfondie des propositions montre que les propositions de l\u2019UE et de l\u2019Inde sur les standards environnementaux et le droit du travail d\u00e9passeraient de loin toutes les attentes. R\u00e9ussissant \u00e0 surmonter les obstacles du M\u00e9canisme d\u2019Ajustement Carbone aux Fronti\u00e8res, cela offre \u00e0 l\u2019Inde du partage de technologie mais aussi une reconnaissance de ses efforts en mati\u00e8re de durabilit\u00e9. Tout aussi importantes, les clauses d\u00e9di\u00e9es aux panneaux solaires et aux \u00e9nergies renouvelables sont incluses tandis que le chapitre sur le num\u00e9rique garantit une libre-circulation des donn\u00e9es en toute confiance, essentielle \u00e0 la r\u00e9volution de l\u2019IA.<\/p>\n<p>Pour atteindre ce r\u00e9sultat historique, les n\u00e9gociateurs ont d\u00fb prendre une d\u00e9cision pragmatique\u00a0: exclure l\u2019agriculture. Avec la s\u00e9curit\u00e9 alimentaire interconnect\u00e9e avec la s\u00e9curit\u00e9 nationale aux yeux de beaucoup en Inde et dans l\u2019UE, l\u2019inclusion de la charrue [agriculture] aurait signifi\u00e9 la mort de l\u2019accord sur les semi-conducteurs. En mettant de c\u00f4t\u00e9 le conflit agraire, Bruxelles et New Delhi ont prioris\u00e9 le digital et des secteurs strat\u00e9giques dans l\u2019espoir d\u2019\u00e9viter une r\u00e9p\u00e9tition du blocage du Mercosur.<\/p>\n<p>Au-del\u00e0 de la circulation des biens, l\u2019accord forgerait une nouvelle architecture strat\u00e9gique \u00e0 travers un cadre de d\u00e9fense et de protection des investissements sans pr\u00e9c\u00e9dent. Le partenariat UE-Inde a \u00e9volu\u00e9 en une n\u00e9cessit\u00e9 de s\u00e9curit\u00e9 pour les deux parties. L\u2019accord facilite une profonde coop\u00e9ration militaro-industrielle au-del\u00e0 de ce qui existe d\u00e9j\u00e0, particuli\u00e8rement entre l\u2019Inde et la France, allant de la coproduction de technologie de surveillance maritime au d\u00e9veloppement conjoint d\u2019actifs spatiaux.<\/p>\n<p>Les prochaines \u00e9tapes pour l\u2019Europe<\/p>\n<p>Sous la doctrine de l\u2019autonomie strat\u00e9gique, l\u2019Inde est pass\u00e9e d\u2019une puissance d\u2019\u00e9quilibrage \u00e0 une puissance dominante. Alors qu\u2019ils prennent la pr\u00e9sidence de l\u2019organisation BRICS en 2026, New Delhi accueille des leaders europ\u00e9ens et en m\u00eame temps coordonne un bloc \u00e9largi de pays en d\u00e9veloppement. Il ne s\u2019agit pas de rester neutre, mais d\u2019apr\u00e8s sa politique de Friend of the World (Ami du Monde). L\u2019Inde se voit comme un pont entre l\u2019Orient et l\u2019Occident et le Nord et le Sud, en coop\u00e9rant simultan\u00e9ment avec Moscou, Washington, Beijing et Bruxelles, en plus des relations bilat\u00e9rales avec les \u00e9tats-membres de l\u2019UE.<\/p>\n<p>Cependant, alors que l\u2019Inde agit clairement, l\u2019UE reste coinc\u00e9e dans ses propres complexit\u00e9s. Comme l\u2019a fait remarquer le pr\u00e9sident Zelensky \u00e0 Davos, l\u2019Europe risque de rester un \u00ab\u00a0kal\u00e9idoscope de petites puissances, un arrangement certes beau mais fragment\u00e9\u00a0\u00bb, changeant avec chaque choc ext\u00e9rieur. La crise du Gro\u00ebnland et la guerre en cours en Ukraine ont expos\u00e9 la fragilit\u00e9 du mod\u00e8le de superpuissance r\u00e9glementaire. L\u2019UE peut \u00e9crire les meilleures r\u00e8gles du monde sur le carbone ou l\u2019IA, mais qui n\u2019a pas beaucoup d\u2019importance dans un monde qui valorise avant tout les d\u00e9monstrations de puissance.<\/p>\n<p>La parade du jour de la r\u00e9publique doit \u00eatre un \u00e9lectrochoc pour l\u2019UE. Le rugissement des Rafales, symboles de la force industrielle UE-Inde, prouvent que la capacit\u00e9 technique pour un v\u00e9ritable partenariat existe. Ce qui manque, c\u2019est le changement psychologique n\u00e9cessaire \u00e0 Bruxelles. Si la menace d\u2019une Am\u00e9rique d\u00e9tach\u00e9e et d\u2019une Chine pr\u00e9datrice force enfin les leaders europ\u00e9ens \u00e0 \u00e9changer leur kal\u00e9idoscope pour un objectif concentr\u00e9 sur la volont\u00e9 souveraine, alors ce nouveau d\u00e9part pourrait bien sauver l\u2019avenir du continent. Les pr\u00e9paratifs de la parade s\u2019acc\u00e9l\u00e8rent sur le Rajpath. L\u2019Inde a montr\u00e9 son jeu. C\u2019est maintenant au tour de l\u2019Europe de d\u00e9cider si elle a le courage de remporter la confrontation.<\/p>\n","protected":false},"excerpt":{"rendered":"&#13; 24\/01\/2026. New Delhi, Inde. Le ministre indien des Affaires \u00e9trang\u00e8res Jaishankar rencontre la pr\u00e9sidente de la Commission&hellip;\n","protected":false},"author":2,"featured_media":701882,"comment_status":"","ping_status":"","sticky":false,"template":"","format":"standard","meta":{"footnotes":""},"categories":[1586],"tags":[11,1777,674,1779,1011,27,12,25,1778,364],"class_list":{"0":"post-702894","1":"post","2":"type-post","3":"status-publish","4":"format-standard","5":"has-post-thumbnail","7":"category-europe","8":"tag-actualites","9":"tag-eu","10":"tag-europe","11":"tag-european-union","12":"tag-fr","13":"tag-france","14":"tag-news","15":"tag-republique-francaise","16":"tag-ue","17":"tag-union-europeenne"},"share_on_mastodon":{"url":"https:\/\/pubeurope.com\/@fr\/115992067076537756","error":""},"_links":{"self":[{"href":"https:\/\/www.europesays.com\/fr\/wp-json\/wp\/v2\/posts\/702894","targetHints":{"allow":["GET"]}}],"collection":[{"href":"https:\/\/www.europesays.com\/fr\/wp-json\/wp\/v2\/posts"}],"about":[{"href":"https:\/\/www.europesays.com\/fr\/wp-json\/wp\/v2\/types\/post"}],"author":[{"embeddable":true,"href":"https:\/\/www.europesays.com\/fr\/wp-json\/wp\/v2\/users\/2"}],"replies":[{"embeddable":true,"href":"https:\/\/www.europesays.com\/fr\/wp-json\/wp\/v2\/comments?post=702894"}],"version-history":[{"count":0,"href":"https:\/\/www.europesays.com\/fr\/wp-json\/wp\/v2\/posts\/702894\/revisions"}],"wp:featuredmedia":[{"embeddable":true,"href":"https:\/\/www.europesays.com\/fr\/wp-json\/wp\/v2\/media\/701882"}],"wp:attachment":[{"href":"https:\/\/www.europesays.com\/fr\/wp-json\/wp\/v2\/media?parent=702894"}],"wp:term":[{"taxonomy":"category","embeddable":true,"href":"https:\/\/www.europesays.com\/fr\/wp-json\/wp\/v2\/categories?post=702894"},{"taxonomy":"post_tag","embeddable":true,"href":"https:\/\/www.europesays.com\/fr\/wp-json\/wp\/v2\/tags?post=702894"}],"curies":[{"name":"wp","href":"https:\/\/api.w.org\/{rel}","templated":true}]}}