{"id":70312,"date":"2025-05-02T21:51:09","date_gmt":"2025-05-02T21:51:09","guid":{"rendered":"https:\/\/www.europesays.com\/fr\/70312\/"},"modified":"2025-05-02T21:51:09","modified_gmt":"2025-05-02T21:51:09","slug":"ils-rodent-autour-des-foyers-a-toulouse-des-narcotrafiquants-recrutent-des-adolescentes-pour-les-prostituer-a-marseille-2","status":"publish","type":"post","link":"https:\/\/www.europesays.com\/fr\/70312\/","title":{"rendered":"\u00ab\u00a0Ils r\u00f4dent autour des foyers\u00a0\u00bb : \u00e0 Toulouse, des narcotrafiquants recrutent des adolescentes pour les prostituer \u00e0 Marseille"},"content":{"rendered":"<p class=\"jsx-3645582327 jsx-3726407258 ExpandableText__Text\">\u00ab\u00a0Ils r\u00f4dent autour des foyers\u00a0\u00bb : \u00e0 Toulouse, vous ne verrez pas de narcotrafiquants marseillais vendre de la drogue. Mais ils n\u2019en s\u00e9vissent pas moins dans la Ville rose, o\u00f9 ils s\u2019essayent \u00e0 de nouvelles activit\u00e9s, comme le prox\u00e9n\u00e9tisme. Une m\u00e8re de famille a vu sa fille, plac\u00e9e dans l\u2019agglom\u00e9ration toulousaine, tomber sous leur emprise \u00e0 l\u2019\u00e2ge de 13 ans. Deux ans plus tard, sa prog\u00e9niture, d\u00e9sormais \u00e2g\u00e9e de 15 ans, est prostitu\u00e9e \u00e0 Marseille, malgr\u00e9 ses efforts pour l\u2019extraire de leurs griffes.<\/p>\n<p>Lire plusReplier<\/p>\n","protected":false},"excerpt":{"rendered":"\u00ab\u00a0Ils r\u00f4dent autour des foyers\u00a0\u00bb : \u00e0 Toulouse, vous ne verrez pas de narcotrafiquants marseillais vendre de la&hellip;\n","protected":false},"author":2,"featured_media":70313,"comment_status":"","ping_status":"","sticky":false,"template":"","format":"standard","meta":{"footnotes":""},"categories":[2816],"tags":[1111,11,1777,674,1011,27,2954,884,12,2680,25,17255,2312,133,2953],"class_list":{"0":"post-70312","1":"post","2":"type-post","3":"status-publish","4":"format-standard","5":"has-post-thumbnail","7":"category-toulouse","8":"tag-actu","9":"tag-actualites","10":"tag-eu","11":"tag-europe","12":"tag-fr","13":"tag-france","14":"tag-justice-et-faits-divers","15":"tag-marseille","16":"tag-news","17":"tag-occitanie","18":"tag-republique-francaise","19":"tag-tf1info-shorts","20":"tag-toulouse","21":"tag-video","22":"tag-video-police"},"share_on_mastodon":{"url":"https:\/\/pubeurope.com\/@fr\/114440456479480543","error":""},"_links":{"self":[{"href":"https:\/\/www.europesays.com\/fr\/wp-json\/wp\/v2\/posts\/70312","targetHints":{"allow":["GET"]}}],"collection":[{"href":"https:\/\/www.europesays.com\/fr\/wp-json\/wp\/v2\/posts"}],"about":[{"href":"https:\/\/www.europesays.com\/fr\/wp-json\/wp\/v2\/types\/post"}],"author":[{"embeddable":true,"href":"https:\/\/www.europesays.com\/fr\/wp-json\/wp\/v2\/users\/2"}],"replies":[{"embeddable":true,"href":"https:\/\/www.europesays.com\/fr\/wp-json\/wp\/v2\/comments?post=70312"}],"version-history":[{"count":0,"href":"https:\/\/www.europesays.com\/fr\/wp-json\/wp\/v2\/posts\/70312\/revisions"}],"wp:featuredmedia":[{"embeddable":true,"href":"https:\/\/www.europesays.com\/fr\/wp-json\/wp\/v2\/media\/70313"}],"wp:attachment":[{"href":"https:\/\/www.europesays.com\/fr\/wp-json\/wp\/v2\/media?parent=70312"}],"wp:term":[{"taxonomy":"category","embeddable":true,"href":"https:\/\/www.europesays.com\/fr\/wp-json\/wp\/v2\/categories?post=70312"},{"taxonomy":"post_tag","embeddable":true,"href":"https:\/\/www.europesays.com\/fr\/wp-json\/wp\/v2\/tags?post=70312"}],"curies":[{"name":"wp","href":"https:\/\/api.w.org\/{rel}","templated":true}]}}