{"id":70344,"date":"2025-05-02T22:08:09","date_gmt":"2025-05-02T22:08:09","guid":{"rendered":"https:\/\/www.europesays.com\/fr\/70344\/"},"modified":"2025-05-02T22:08:09","modified_gmt":"2025-05-02T22:08:09","slug":"lallemagne-reconstruit-le-mur-de-berlin-accuse-jd-vance","status":"publish","type":"post","link":"https:\/\/www.europesays.com\/fr\/70344\/","title":{"rendered":"l&rsquo;Allemagne \u00ab\u00a0reconstruit\u00a0\u00bb le mur de Berlin, accuse JD Vance"},"content":{"rendered":"<p>Nouvel \u00e9pisode de tension diplomatique entre l&rsquo;administration Trump et l&rsquo;Allemagne. Washington a accus\u00e9 vendredi le gouvernement allemand d&rsquo;avoir \u00ab reconstruit \u00bb le mur de Berlin avec la <a href=\"https:\/\/www.ledauphine.com\/politique\/2025\/05\/02\/classe-extremiste-de-droite-le-parti-politique-afd-craint-pour-sa-survie\" target=\"_blank\" rel=\"nofollow noopener\">d\u00e9cision du renseignement int\u00e9rieur allemand de classer le parti Alternative pour l&rsquo;Allemagne (AfD) \u00ab extr\u00e9miste de droite \u00bb<\/a>.<\/p>\n<p>\u00ab L&rsquo;AfD est le parti le plus populaire d&rsquo;Allemagne, et de loin le plus repr\u00e9sentatif de l&rsquo;Allemagne de l&rsquo;Est. Aujourd&rsquo;hui, les bureaucrates tentent de le d\u00e9truire \u00bb, a fustig\u00e9 le vice-pr\u00e9sident am\u00e9ricain <a href=\"https:\/\/www.ledauphine.com\/p\/j-d-vance\" target=\"_blank\" rel=\"nofollow noopener\">JD Vance<\/a>. Or, a-t-il relev\u00e9 dans une publication sur le r\u00e9seau X, \u00ab l&rsquo;Occident a abattu le mur de Berlin ensemble. Il a \u00e9t\u00e9 reconstruit, non pas par les Sovi\u00e9tiques ou les Russes, mais par l&rsquo;establishment allemand \u00bb.<\/p>\n<p>\u00ab Notre histoire nous a appris qu&rsquo;il faut arr\u00eater l&rsquo;extr\u00e9misme de droite \u00bb<\/p>\n<p>Cr\u00e9\u00e9 en 2013, l&rsquo;AfD a effectu\u00e9 une perc\u00e9e historique aux \u00e9lections l\u00e9gislatives du 23 f\u00e9vrier, en arrivant deuxi\u00e8me derri\u00e8re les conservateurs avec un score de plus de 20%, le double du pr\u00e9c\u00e9dent. Dans les r\u00e9gions qui formaient autrefois la R\u00e9publique d\u00e9mocratique d&rsquo;Allemagne (RDA) communiste, l&rsquo;AfD l&rsquo;a emport\u00e9 dans la quasi-totalit\u00e9 des circonscriptions.<\/p>\n<p>Avant JD Vance, le chef de la diplomatie am\u00e9ricaine Marco Rubio avait aussi d\u00e9nonc\u00e9 une \u00ab tyrannie d\u00e9guis\u00e9e \u00bb en Allemagne et appel\u00e9 les autorit\u00e9s \u00e0 faire \u00ab marche arri\u00e8re \u00bb. Le minist\u00e8re allemand des Affaires \u00e9trang\u00e8res a aussit\u00f4t r\u00e9pliqu\u00e9 en disant, en anglais, que \u00ab c&rsquo;est \u00e7a la d\u00e9mocratie \u00bb. \u00ab Notre histoire nous a appris qu&rsquo;il faut arr\u00eater l&rsquo;extr\u00e9misme de droite \u00bb, claire r\u00e9f\u00e9rence au pass\u00e9 nazi de l&rsquo;Allemagne.<\/p>\n<p>L&rsquo;Office de protection de la Constitution a justifi\u00e9 plus t\u00f4t vendredi dans un communiqu\u00e9 son verdict, soulignant que l&rsquo;id\u00e9ologie de l&rsquo;AfD \u00ab d\u00e9valorise des groupes entiers de la population en Allemagne et porte atteinte \u00e0 leur dignit\u00e9 humaine \u00bb, ce qui n&rsquo;est \u00ab pas compatible avec l&rsquo;ordre d\u00e9mocratique \u00bb du pays. <\/p>\n<p>Cette d\u00e9cision relance le d\u00e9bat sur l&rsquo;\u00e9ventuelle interdiction de ce parti \u00e0 quelques jours de l&rsquo;investiture du conservateur <a href=\"https:\/\/www.ledauphine.com\/p\/friedrich-merz\" target=\"_blank\" rel=\"nofollow noopener\">Friedrich Merz<\/a> au poste de chancelier.<\/p>\n<p>Vance avait d\u00e9j\u00e0 soutenu l&rsquo;AfD<\/p>\n<p>\u00ab Ce qui est vraiment extr\u00e9miste, ce n&rsquo;est pas la populaire AfD &#8211; qui est arriv\u00e9e en deuxi\u00e8me position lors des derni\u00e8res \u00e9lections &#8211; mais plut\u00f4t les politiques d&rsquo;immigration \u00e0 fronti\u00e8res ouvertes de l&rsquo;establishment, auxquelles l&rsquo;AfD s&rsquo;oppose \u00bb, a poursuivi Marco Rubio. <\/p>\n<p>Ce n&rsquo;est pas la premi\u00e8re fois que l&rsquo;administration Trump s&rsquo;immisce dans la politique allemande, provoquant la col\u00e8re de Berlin. Le vice-pr\u00e9sident am\u00e9ricain avait d\u00e9j\u00e0 constern\u00e9 les Allemands et, plus g\u00e9n\u00e9ralement, les Europ\u00e9ens, lors d&rsquo;un discours \u00e0 Munich en f\u00e9vrier dans lequel il avait affirm\u00e9 que la libert\u00e9 d&rsquo;expression \u00ab reculait \u00bb en Europe. Il avait aussi plaid\u00e9 pour la fin du \u00ab cordon sanitaire \u00bb autour de ce parti, et s&rsquo;\u00e9tait entretenu avec la chef de l&rsquo;AfD Alice Weidel.<\/p>\n","protected":false},"excerpt":{"rendered":"Nouvel \u00e9pisode de tension diplomatique entre l&rsquo;administration Trump et l&rsquo;Allemagne. Washington a accus\u00e9 vendredi le gouvernement allemand d&rsquo;avoir&hellip;\n","protected":false},"author":2,"featured_media":70345,"comment_status":"","ping_status":"","sticky":false,"template":"","format":"standard","meta":{"footnotes":""},"categories":[1587],"tags":[11,672,1804,1805,3206,1803,1777,674,107,329,1801,12,316,1802],"class_list":{"0":"post-70344","1":"post","2":"type-post","3":"status-publish","4":"format-standard","5":"has-post-thumbnail","7":"category-allemagne","8":"tag-actualites","9":"tag-allemagne","10":"tag-bundesrepublik-deutschland","11":"tag-de","12":"tag-defense-guerre-conflit","13":"tag-deutschland","14":"tag-eu","15":"tag-europe","16":"tag-fil-info","17":"tag-france-monde","18":"tag-germany","19":"tag-news","20":"tag-politique","21":"tag-republique-federale-dallemagne"},"share_on_mastodon":{"url":"https:\/\/pubeurope.com\/@fr\/114440523202325019","error":""},"_links":{"self":[{"href":"https:\/\/www.europesays.com\/fr\/wp-json\/wp\/v2\/posts\/70344","targetHints":{"allow":["GET"]}}],"collection":[{"href":"https:\/\/www.europesays.com\/fr\/wp-json\/wp\/v2\/posts"}],"about":[{"href":"https:\/\/www.europesays.com\/fr\/wp-json\/wp\/v2\/types\/post"}],"author":[{"embeddable":true,"href":"https:\/\/www.europesays.com\/fr\/wp-json\/wp\/v2\/users\/2"}],"replies":[{"embeddable":true,"href":"https:\/\/www.europesays.com\/fr\/wp-json\/wp\/v2\/comments?post=70344"}],"version-history":[{"count":0,"href":"https:\/\/www.europesays.com\/fr\/wp-json\/wp\/v2\/posts\/70344\/revisions"}],"wp:featuredmedia":[{"embeddable":true,"href":"https:\/\/www.europesays.com\/fr\/wp-json\/wp\/v2\/media\/70345"}],"wp:attachment":[{"href":"https:\/\/www.europesays.com\/fr\/wp-json\/wp\/v2\/media?parent=70344"}],"wp:term":[{"taxonomy":"category","embeddable":true,"href":"https:\/\/www.europesays.com\/fr\/wp-json\/wp\/v2\/categories?post=70344"},{"taxonomy":"post_tag","embeddable":true,"href":"https:\/\/www.europesays.com\/fr\/wp-json\/wp\/v2\/tags?post=70344"}],"curies":[{"name":"wp","href":"https:\/\/api.w.org\/{rel}","templated":true}]}}