{"id":70378,"date":"2025-05-02T22:29:08","date_gmt":"2025-05-02T22:29:08","guid":{"rendered":"https:\/\/www.europesays.com\/fr\/70378\/"},"modified":"2025-05-02T22:29:08","modified_gmt":"2025-05-02T22:29:08","slug":"lhomme-qui-avait-predit-le-covid-19-sait-deja-quelle-sera-la-prochaine-pandemie","status":"publish","type":"post","link":"https:\/\/www.europesays.com\/fr\/70378\/","title":{"rendered":"L\u2019homme qui avait pr\u00e9dit le Covid-19 sait d\u00e9j\u00e0 quelle sera la prochaine pand\u00e9mie"},"content":{"rendered":"<p>C\u2019\u00e9tait en mars 2020. Dans une allocution t\u00e9l\u00e9vis\u00e9e, Emmanuel<br \/>\nMacron annon\u00e7ait le d\u00e9but du confinement en France suite \u00e0<br \/>\nl\u2019apparition, quelques mois plus t\u00f4t en Chine, du coronavirus,<br \/>\nappel\u00e9 <a href=\"https:\/\/www.closermag.fr\/vecu\/covid-19-cette-nouvelle-etude-inquietante-sur-les-effets-de-la-maladie-sur-le-long-terme-3266966#item=1\" target=\"_blank\" rel=\"noopener\"><br \/>\nCovid-19<\/a>. S\u2019en est suivie une longue p\u00e9riode d\u2019incertitude sur<br \/>\nfond de couvre-feux, de restrictions de circulation et de campagnes<br \/>\nde vaccination alors que le virus se propageait aux quatre coins de<br \/>\nla plan\u00e8te. Une telle m\u00e9saventure pourrait-elle se reproduire ?<\/p>\n<p>D\u2019apr\u00e8s l\u2019\u00e9crivain scientifique David Quammen, qui avait pr\u00e9dit<br \/>\nle Covid-19, il faut s\u2019attendre \u00e0 <strong>une autre pand\u00e9mie<br \/>\nmondiale<\/strong> et il pointe du doigt un virus qui s\u00e9vit<br \/>\nd\u00e9j\u00e0.<\/p>\n<p>La grippe aviaire\u00a0au c\u0153ur d\u2019une pand\u00e9mie<br \/>\nmondiale\u00a0?<\/p>\n<p>David Quammen affirme que <a href=\"https:\/\/www.closermag.fr\/vecu\/grippe-aviaire-cet-inquietant-nouveau-variant-vient-de-faire-sa-premiere-victime-3444282\" target=\"_blank\" rel=\"noopener\"><br \/>\nla grippe aviaire<\/a>\u00a0pr\u00e9sente le plus grand risque de<br \/>\nd\u00e9clencher la prochaine pand\u00e9mie mondiale. Son avertissement<br \/>\nintervient apr\u00e8s que <a href=\"https:\/\/www.closermag.fr\/vecu\/faits_divers\/enorme-inquietude-loms-met-en-garde-contre-la-propagation-rapide-dun-virus-mortel-3429437\" target=\"_blank\" rel=\"noopener\"><br \/>\nla souche H5N1<\/a> de la grippe a \u00e9t\u00e9 <strong>d\u00e9tect\u00e9e chez un<br \/>\nmouton<\/strong> dans une ferme du Yorkshire cette semaine. Une<br \/>\nd\u00e9couverte confirm\u00e9e par le gouvernement britannique.<\/p>\n<p>Et la grippe aviaire a aussi fait parler de l\u2019autre c\u00f4t\u00e9 de<br \/>\nl\u2019Atlantique. Aux \u00c9tats-Unis, le virus H5N1 <strong>s\u2019est propag\u00e9<br \/>\ndans les fermes<\/strong>, affectant plus de 1 000 troupeaux<br \/>\nlaitiers, an\u00e9antissant 168 millions de volailles et entra\u00eenant plus<br \/>\nde 70 cas humains confirm\u00e9s, dont le premier d\u00e9c\u00e8s connu li\u00e9 au<br \/>\nvirus. \u00ab\u00a0De la m\u00eame mani\u00e8re que le virus Covid est pass\u00e9 d\u2019un<br \/>\nvirus rare \u00e0 un virus chez l\u2019homme et dans la faune sauvage de<br \/>\ntoute la plan\u00e8te, <strong>cela pourrait se produire \u00e0 partir de<br \/>\ndemain avec la grippe aviaire<\/strong>\u00ab\u00a0, a d\u00e9clar\u00e9 David<br \/>\nQuammen, selon le Mirror.<\/p>\n<p>Nouvelle pand\u00e9mie\u00a0: \u00ab\u00a0c\u2019est une<br \/>\npossibilit\u00e9 tr\u00e8s, tr\u00e8s distincte\u00a0\u00bb<\/p>\n<p>Si les Centers for Disease Control and Prevention (CDC) des<br \/>\n\u00c9tats-Unis affirment que les risques de la grippe aviaire pour les<br \/>\nhumains restent faibles, les experts ont averti que les mutations<br \/>\npouvaient repr\u00e9senter un risque de transmission humaine. \u00ab\u00a0La<br \/>\ngrippe aviaire se r\u00e9plique par milliards dans chaque oiseau qu\u2019elle<br \/>\ninfecte &#8211; probablement tous les jours\u00a0\u00bb, a estim\u00e9 David<br \/>\nQuammen.<\/p>\n<p>Et de poursuivre : \u00ab\u00a0J\u2019ai l\u2019impression que ce virus se<br \/>\nr\u00e9plique continuellement dans le monde entier en ce moment, chez<br \/>\ndes millions d\u2019oiseaux sauvages, probablement dans des millions de<br \/>\npoulets et chez un certain nombre de vaches et d\u2019autres mammif\u00e8res<br \/>\n\u00a0[\u2026] Je ne dis pas que c\u2019est une certitude que <strong>la<br \/>\ngrippe aviaire sera notre prochaine pand\u00e9mie<\/strong>. Je dis juste<br \/>\nque <strong>c\u2019est une possibilit\u00e9 tr\u00e8s, tr\u00e8s<br \/>\ndistincte<\/strong>\u00ab\u00a0. Un t\u00e9moignage qui ravive certaines<br \/>\ncraintes du pass\u00e9.<\/p>\n","protected":false},"excerpt":{"rendered":"C\u2019\u00e9tait en mars 2020. Dans une allocution t\u00e9l\u00e9vis\u00e9e, Emmanuel Macron annon\u00e7ait le d\u00e9but du confinement en France suite&hellip;\n","protected":false},"author":2,"featured_media":70379,"comment_status":"","ping_status":"","sticky":false,"template":"","format":"standard","meta":{"footnotes":""},"categories":[10],"tags":[548,4357,73,1011,27,72,71,5336],"class_list":{"0":"post-70378","1":"post","2":"type-post","3":"status-publish","4":"format-standard","5":"has-post-thumbnail","7":"category-sante","8":"tag-article-simple","9":"tag-covid-19","10":"tag-etats-unis","11":"tag-fr","12":"tag-france","13":"tag-health","14":"tag-sante","15":"tag-virus"},"share_on_mastodon":{"url":"https:\/\/pubeurope.com\/@fr\/114440605749064389","error":""},"_links":{"self":[{"href":"https:\/\/www.europesays.com\/fr\/wp-json\/wp\/v2\/posts\/70378","targetHints":{"allow":["GET"]}}],"collection":[{"href":"https:\/\/www.europesays.com\/fr\/wp-json\/wp\/v2\/posts"}],"about":[{"href":"https:\/\/www.europesays.com\/fr\/wp-json\/wp\/v2\/types\/post"}],"author":[{"embeddable":true,"href":"https:\/\/www.europesays.com\/fr\/wp-json\/wp\/v2\/users\/2"}],"replies":[{"embeddable":true,"href":"https:\/\/www.europesays.com\/fr\/wp-json\/wp\/v2\/comments?post=70378"}],"version-history":[{"count":0,"href":"https:\/\/www.europesays.com\/fr\/wp-json\/wp\/v2\/posts\/70378\/revisions"}],"wp:featuredmedia":[{"embeddable":true,"href":"https:\/\/www.europesays.com\/fr\/wp-json\/wp\/v2\/media\/70379"}],"wp:attachment":[{"href":"https:\/\/www.europesays.com\/fr\/wp-json\/wp\/v2\/media?parent=70378"}],"wp:term":[{"taxonomy":"category","embeddable":true,"href":"https:\/\/www.europesays.com\/fr\/wp-json\/wp\/v2\/categories?post=70378"},{"taxonomy":"post_tag","embeddable":true,"href":"https:\/\/www.europesays.com\/fr\/wp-json\/wp\/v2\/tags?post=70378"}],"curies":[{"name":"wp","href":"https:\/\/api.w.org\/{rel}","templated":true}]}}