{"id":70384,"date":"2025-05-02T22:33:09","date_gmt":"2025-05-02T22:33:09","guid":{"rendered":"https:\/\/www.europesays.com\/fr\/70384\/"},"modified":"2025-05-02T22:33:09","modified_gmt":"2025-05-02T22:33:09","slug":"wall-street-termine-en-nette-hausse-rassuree-par-les-chiffres-de-lemploi-02-05-2025-a-2226","status":"publish","type":"post","link":"https:\/\/www.europesays.com\/fr\/70384\/","title":{"rendered":"Wall Street termine en nette hausse, rassur\u00e9e par les chiffres de l&#8217;emploi &#8211; 02\/05\/2025 \u00e0 22:26"},"content":{"rendered":"<p>        <img fetchpriority=\"high\" decoding=\"async\" src=\"https:\/\/www.europesays.com\/fr\/wp-content\/uploads\/2025\/05\/e74c686d04e18c7c5f07adbbf4678cfe-760x508.jpg\" alt=\"Les traders travaillent sur le parquet de la Bourse de New York (NYSE)\" loading=\"eager\" width=\"760\" height=\"508\" style=\"max-width: 100%!important; height: auto;\"\/><\/p>\n<p class=\"c-image-news__legend\">Les traders travaillent sur le parquet de la Bourse de New York (NYSE)<\/p>\n<p>\n La Bourse de New York a fini en hausse vendredi, soutenue par un rapport sur l&#8217;emploi am\u00e9ricain meilleur que pr\u00e9vu et par les espoirs d&rsquo;une d\u00e9sescalade des tensions commerciales entre Washington et P\u00e9kin.\n<\/p>\n<p>\n L&rsquo;indice Dow Jones a gagn\u00e9 1,39%, ou 564,47 points, \u00e0 41.317,43 points.    Le Standard &amp; Poor&rsquo;s 500, plus large, a pris 82,53 points, soit 1,47%, \u00e0 5.686,67 points.    Le Nasdaq Composite a avanc\u00e9 de son c\u00f4t\u00e9 de 266,99 points, soit 1,51%, \u00e0 17.977,728 points.\n<\/p>\n<p>\n L&rsquo;\u00e9conomie am\u00e9ricaine a cr\u00e9\u00e9 177.000 emplois en avril, selon le d\u00e9partement du Commerce, alors que les \u00e9conomistes interrog\u00e9s par Reuters pr\u00e9voyaient en moyenne 130.000 cr\u00e9ations nettes, att\u00e9nuant un peu les craintes de r\u00e9cession apr\u00e8s la premi\u00e8re contraction du PIB am\u00e9ricain depuis trois ans.\n<\/p>\n<p>\n La r\u00e9silience du march\u00e9 du travail pourrait cependant n&rsquo;\u00eatre que temporaire alors que les effets de la politique commerciale du pr\u00e9sident Donald Trump ne se font pas encore pleinement sentir.\n<\/p>\n<p>\n \u00ab\u00a0Les march\u00e9s se r\u00e9jouissent du rapport sur l&#8217;emploi meilleur que pr\u00e9vu, mais il faut quand m\u00eame souligner que la croissance de l&#8217;emploi a ralenti au cours du mois et que je n&rsquo;ai pas vu beaucoup de commentaires \u00e0 ce sujet\u00a0\u00bb, a d\u00e9clar\u00e9 Talley Leger, strat\u00e8ge en chef march\u00e9s chez The Wealth Consulting Group.\n<\/p>\n<p>\n Les investisseurs ont aussi trouv\u00e9 des motifs de r\u00e9confort dans de premiers signes d&rsquo;apaisement des tensions commerciales entre Washington et P\u00e9kin, alors que le minist\u00e8re chinois du Commerce a dit \u00eatre en train \u00ab\u00a0d&rsquo;\u00e9valuer\u00a0\u00bb une proposition de Washington visant \u00e0 organiser des pourparlers au sujet des droits de douane.\n<\/p>\n<p>\n La guerre commerciale d\u00e9clench\u00e9e par Donald Trump commence n\u00e9anmoins \u00e0 peser sur les r\u00e9sultats des entreprises am\u00e9ricaines, \u00e0 l&rsquo;image d&rsquo;Apple, qui a c\u00e9d\u00e9 3,73% apr\u00e8s avoir estim\u00e9 jeudi que ses co\u00fbts augmenteraient d&rsquo;environ 900 millions de dollars au trimestre se terminant en juin en raison des droits de douane.\n<\/p>\n<p>\n Les g\u00e9ants p\u00e9troliers Chevron et Exxon Mobil ont en revanche gagn\u00e9 respectivement 1,64% et 0,40% apr\u00e8s la publication de leurs r\u00e9sultats trimestriels.\n<\/p>\n<p>\n (Sruthi Shankar et Purvi Agarwal \u00e0 Bangalore, version fran\u00e7aise Tangi Sala\u00fcn)<\/p>\n","protected":false},"excerpt":{"rendered":"Les traders travaillent sur le parquet de la Bourse de New York (NYSE) La Bourse de New York&hellip;\n","protected":false},"author":2,"featured_media":70385,"comment_status":"","ping_status":"","sticky":false,"template":"","format":"standard","meta":{"footnotes":""},"categories":[6],"tags":[400,398,408,35,405,33,34,1011,27,403,402,399,404,401,406,407],"class_list":{"0":"post-70384","1":"post","2":"type-post","3":"status-publish","4":"format-standard","5":"has-post-thumbnail","7":"category-economie","8":"tag-action-cac-40","9":"tag-bourse-de-paris","10":"tag-boursorama","11":"tag-business","12":"tag-cotations","13":"tag-economie","14":"tag-economy","15":"tag-fr","16":"tag-france","17":"tag-indices-devises","18":"tag-investir","19":"tag-investissement","20":"tag-marche-boursier","21":"tag-sicav","22":"tag-trackers","23":"tag-warrants"},"share_on_mastodon":{"url":"https:\/\/pubeurope.com\/@fr\/114440621587565963","error":""},"_links":{"self":[{"href":"https:\/\/www.europesays.com\/fr\/wp-json\/wp\/v2\/posts\/70384","targetHints":{"allow":["GET"]}}],"collection":[{"href":"https:\/\/www.europesays.com\/fr\/wp-json\/wp\/v2\/posts"}],"about":[{"href":"https:\/\/www.europesays.com\/fr\/wp-json\/wp\/v2\/types\/post"}],"author":[{"embeddable":true,"href":"https:\/\/www.europesays.com\/fr\/wp-json\/wp\/v2\/users\/2"}],"replies":[{"embeddable":true,"href":"https:\/\/www.europesays.com\/fr\/wp-json\/wp\/v2\/comments?post=70384"}],"version-history":[{"count":0,"href":"https:\/\/www.europesays.com\/fr\/wp-json\/wp\/v2\/posts\/70384\/revisions"}],"wp:featuredmedia":[{"embeddable":true,"href":"https:\/\/www.europesays.com\/fr\/wp-json\/wp\/v2\/media\/70385"}],"wp:attachment":[{"href":"https:\/\/www.europesays.com\/fr\/wp-json\/wp\/v2\/media?parent=70384"}],"wp:term":[{"taxonomy":"category","embeddable":true,"href":"https:\/\/www.europesays.com\/fr\/wp-json\/wp\/v2\/categories?post=70384"},{"taxonomy":"post_tag","embeddable":true,"href":"https:\/\/www.europesays.com\/fr\/wp-json\/wp\/v2\/tags?post=70384"}],"curies":[{"name":"wp","href":"https:\/\/api.w.org\/{rel}","templated":true}]}}