{"id":70431,"date":"2025-05-02T23:00:10","date_gmt":"2025-05-02T23:00:10","guid":{"rendered":"https:\/\/www.europesays.com\/fr\/70431\/"},"modified":"2025-05-02T23:00:10","modified_gmt":"2025-05-02T23:00:10","slug":"bordeaux-un-detenu-libere-par-erreur-a-la-place-dun-autre","status":"publish","type":"post","link":"https:\/\/www.europesays.com\/fr\/70431\/","title":{"rendered":"Bordeaux : un d\u00e9tenu lib\u00e9r\u00e9 par erreur \u00e0 la place d&rsquo;un autre"},"content":{"rendered":"<p>Un d\u00e9tenu de 25 ans, condamn\u00e9 en novembre dernier pour coups mortels, a \u00e9t\u00e9 lib\u00e9r\u00e9 par erreur du centre p\u00e9nitentiaire de Bordeaux-Gradignan (Gironde).Le 30 avril, cet homme a \u00e9t\u00e9 remis en libert\u00e9 \u00e0 la place d&rsquo;un autre prisonnier au patronyme presque similaire.Un dispositif de recherche cons\u00e9quent est d\u00e9ploy\u00e9 mais l&rsquo;individu est encore dans la nature, ce vendredi soir.<\/p>\n<p data-module=\"article-paragraph\" class=\"jsx-362436225 Paragraph\">Il devait purger \u00ab\u00a0une peine de 10 ans d&#8217;emprisonnement pour des faits de vol avec violences ayant entra\u00een\u00e9 la mort\u00a0\u00bb. Condamn\u00e9 en 2024 et incarc\u00e9r\u00e9 au centre p\u00e9nitentiaire de Bordeaux-Gradignan, le d\u00e9tenu a \u00e9t\u00e9 \u00ab\u00a0ind\u00fbment lib\u00e9r\u00e9, (&#8230;) en lieu et place d&rsquo;un individu dont le nom \u00e9tait tr\u00e8s proche\u00a0\u00bb, a indiqu\u00e9 ce vendredi le procureur de la R\u00e9publique de Bordeaux, Renaud Gaudeul.\u00a0<\/p>\n<p data-module=\"article-paragraph\" class=\"jsx-362436225 Paragraph Paragraph__End\">Cette lib\u00e9ration, rendue possible par une erreur administrative, est survenue le 30 avril dernier.\u00a0Selon le magistrat, une enqu\u00eate judiciaire a imm\u00e9diatement \u00e9t\u00e9 ouverte afin de d\u00e9terminer les circonstances dans lesquelles elle a pu se produire. L&rsquo;enqu\u00eate doit aussi permettre de retrouver cet individu.\u00a0<\/p>\n<p>Des recherches tr\u00e8s actives<\/p>\n<p data-module=\"article-paragraph\" class=\"jsx-362436225 Paragraph\">Depuis mercredi, un important dispositif de recherche est d\u00e9ploy\u00e9 afin de retrouver cet homme qui avait \u00e9t\u00e9 condamn\u00e9 pour des faits \u00ab\u00a0d\u2019une \u00e9vidente gravit\u00e9\u00a0\u00bb commis en 2019, selon les mots du procureur. Ce dernier pr\u00e9cise que le d\u00e9tenu n\u2019est \u00ab\u00a0toutefois pas identifi\u00e9 comme faisant partie du haut du spectre de la criminalit\u00e9 organis\u00e9e\u00a0\u00bb.<\/p>\n<p data-module=\"article-paragraph\" class=\"jsx-362436225 Paragraph Paragraph__End\">Un mandat de recherche a \u00e9t\u00e9 imm\u00e9diatement \u00e9mis, de m\u00eame qu\u2019un mandat d\u2019arr\u00eat europ\u00e9en. Avis\u00e9, le ministre de l&rsquo;Int\u00e9rieur Bruno Retailleau a dit esp\u00e9rer \u00ab\u00a0que cette erreur sera r\u00e9par\u00e9e\u00a0\u00bb.\u00a0Les recherches \u00ab\u00a0se poursuivent tr\u00e8s activement\u00a0\u00bb, assure Renaud Gaudeul, mais le d\u00e9tenu demeure introuvable ce vendredi \u00e0 l&rsquo;heure o\u00f9 nous \u00e9crivons ces lignes.<\/p>\n<p>La r\u00e9daction de TF1info, Alexandra GUILLET<\/p>\n","protected":false},"excerpt":{"rendered":"Un d\u00e9tenu de 25 ans, condamn\u00e9 en novembre dernier pour coups mortels, a \u00e9t\u00e9 lib\u00e9r\u00e9 par erreur du&hellip;\n","protected":false},"author":2,"featured_media":70432,"comment_status":"","ping_status":"","sticky":false,"template":"","format":"standard","meta":{"footnotes":""},"categories":[2817],"tags":[1111,11,1921,1997,1013,1777,674,1011,27,1922,2954,12,2219,25,133,2953],"class_list":{"0":"post-70431","1":"post","2":"type-post","3":"status-publish","4":"format-standard","5":"has-post-thumbnail","7":"category-bordeaux","8":"tag-actu","9":"tag-actualites","10":"tag-article-video","11":"tag-bordeaux","12":"tag-bruno-retailleau","13":"tag-eu","14":"tag-europe","15":"tag-fr","16":"tag-france","17":"tag-info","18":"tag-justice-et-faits-divers","19":"tag-news","20":"tag-nouvelle-aquitaine","21":"tag-republique-francaise","22":"tag-video","23":"tag-video-police"},"share_on_mastodon":{"url":"https:\/\/pubeurope.com\/@fr\/114440727683825215","error":""},"_links":{"self":[{"href":"https:\/\/www.europesays.com\/fr\/wp-json\/wp\/v2\/posts\/70431","targetHints":{"allow":["GET"]}}],"collection":[{"href":"https:\/\/www.europesays.com\/fr\/wp-json\/wp\/v2\/posts"}],"about":[{"href":"https:\/\/www.europesays.com\/fr\/wp-json\/wp\/v2\/types\/post"}],"author":[{"embeddable":true,"href":"https:\/\/www.europesays.com\/fr\/wp-json\/wp\/v2\/users\/2"}],"replies":[{"embeddable":true,"href":"https:\/\/www.europesays.com\/fr\/wp-json\/wp\/v2\/comments?post=70431"}],"version-history":[{"count":0,"href":"https:\/\/www.europesays.com\/fr\/wp-json\/wp\/v2\/posts\/70431\/revisions"}],"wp:featuredmedia":[{"embeddable":true,"href":"https:\/\/www.europesays.com\/fr\/wp-json\/wp\/v2\/media\/70432"}],"wp:attachment":[{"href":"https:\/\/www.europesays.com\/fr\/wp-json\/wp\/v2\/media?parent=70431"}],"wp:term":[{"taxonomy":"category","embeddable":true,"href":"https:\/\/www.europesays.com\/fr\/wp-json\/wp\/v2\/categories?post=70431"},{"taxonomy":"post_tag","embeddable":true,"href":"https:\/\/www.europesays.com\/fr\/wp-json\/wp\/v2\/tags?post=70431"}],"curies":[{"name":"wp","href":"https:\/\/api.w.org\/{rel}","templated":true}]}}