{"id":704451,"date":"2026-02-01T16:05:28","date_gmt":"2026-02-01T16:05:28","guid":{"rendered":"https:\/\/www.europesays.com\/fr\/704451\/"},"modified":"2026-02-01T16:05:28","modified_gmt":"2026-02-01T16:05:28","slug":"ancien-entraineur-du-stade-rennais-philippe-montanier-prend-la-tete-de-las-saint-etienne","status":"publish","type":"post","link":"https:\/\/www.europesays.com\/fr\/704451\/","title":{"rendered":"Ancien entra\u00eeneur du Stade Rennais, Philippe Montanier prend la t\u00eate de l\u2019AS Saint-\u00c9tienne"},"content":{"rendered":"<p>L\u2019ancien coach du Stade Rennais entre 2013 et 2016, avec qui il avait notamment \u00e9t\u00e9 finaliste de la Coupe de France 2014, a sign\u00e9 jusqu\u2019\u00e0 la fin de la saison, avec une ann\u00e9e suppl\u00e9mentaire en option.<\/p>\n<p>\u00c2g\u00e9 de 61 ans, Montanier, <a href=\"https:\/\/www.letelegramme.fr\/sports\/football\/gardien-de-but-et-capitaine-bonne-ou-mauvaise-idee-6553410.php\" target=\"_blank\" rel=\"nofollow noopener\">ancien gardien de but<\/a> qui a termin\u00e9 sa carri\u00e8re chez les Verts (1999-2000), \u00e9tait libre de tout contrat depuis son d\u00e9part de Toulouse en juin 2023.<\/p>\n<p>Outre le TFC, il a dirig\u00e9 Boulogne, Valenciennes, la Real Sociedad (Espagne), Rennes, Nottingham Forest (en 2e div. anglaise), Lens <a href=\"https:\/\/www.letelegramme.fr\/sports\/football\/football-philippe-montanier-limoge-par-le-standard-de-liege-3741447.php\" target=\"_blank\" rel=\"nofollow noopener\">et le Standard de Li\u00e8ge<\/a>.<\/p>\n<p>Deux accessions en Ligue 1<\/p>\n<p>Il a, \u00e0 son actif, deux accessions en Ligue 1 avec Boulogne, avec qui il \u00e9tait aussi mont\u00e9 pr\u00e9c\u00e9demment en National et en L2, et Toulouse.<\/p>\n<p>Comme joueur, il a port\u00e9 les couleurs de Caen, Nantes, du TFC ou Gueugnon (2e div.).<\/p>\n<p>Cinqui\u00e8me de Ligue 2, Saint-\u00c9tienne est \u00e0 quatre points de Reims (2e) et sept du leader Troyes, les deux \u00e9quipes occupant actuellement les places d\u2019accession directe.<\/p>\n","protected":false},"excerpt":{"rendered":"L\u2019ancien coach du Stade Rennais entre 2013 et 2016, avec qui il avait notamment \u00e9t\u00e9 finaliste de la&hellip;\n","protected":false},"author":2,"featured_media":704452,"comment_status":"","ping_status":"","sticky":false,"template":"","format":"standard","meta":{"footnotes":"","_share_on_mastodon":"0"},"categories":[9653],"tags":[1111,11,2430,3166,1777,674,63,1011,27,446,12,25,4001,60,3087],"class_list":["post-704451","post","type-post","status-publish","format-standard","has-post-thumbnail","category-saint-etienne","tag-actu","tag-actualites","tag-auvergne-rhone-alpes","tag-en-continu-sports","tag-eu","tag-europe","tag-football","tag-fr","tag-france","tag-ligue-2","tag-news","tag-republique-francaise","tag-saint-etienne","tag-sports","tag-stade-rennais"],"share_on_mastodon":{"url":"https:\/\/pubeurope.com\/@fr\/115996231104271950","error":""},"_links":{"self":[{"href":"https:\/\/www.europesays.com\/fr\/wp-json\/wp\/v2\/posts\/704451","targetHints":{"allow":["GET"]}}],"collection":[{"href":"https:\/\/www.europesays.com\/fr\/wp-json\/wp\/v2\/posts"}],"about":[{"href":"https:\/\/www.europesays.com\/fr\/wp-json\/wp\/v2\/types\/post"}],"author":[{"embeddable":true,"href":"https:\/\/www.europesays.com\/fr\/wp-json\/wp\/v2\/users\/2"}],"replies":[{"embeddable":true,"href":"https:\/\/www.europesays.com\/fr\/wp-json\/wp\/v2\/comments?post=704451"}],"version-history":[{"count":0,"href":"https:\/\/www.europesays.com\/fr\/wp-json\/wp\/v2\/posts\/704451\/revisions"}],"wp:featuredmedia":[{"embeddable":true,"href":"https:\/\/www.europesays.com\/fr\/wp-json\/wp\/v2\/media\/704452"}],"wp:attachment":[{"href":"https:\/\/www.europesays.com\/fr\/wp-json\/wp\/v2\/media?parent=704451"}],"wp:term":[{"taxonomy":"category","embeddable":true,"href":"https:\/\/www.europesays.com\/fr\/wp-json\/wp\/v2\/categories?post=704451"},{"taxonomy":"post_tag","embeddable":true,"href":"https:\/\/www.europesays.com\/fr\/wp-json\/wp\/v2\/tags?post=704451"}],"curies":[{"name":"wp","href":"https:\/\/api.w.org\/{rel}","templated":true}]}}