{"id":704519,"date":"2026-02-01T16:55:16","date_gmt":"2026-02-01T16:55:16","guid":{"rendered":"https:\/\/www.europesays.com\/fr\/704519\/"},"modified":"2026-02-01T16:55:16","modified_gmt":"2026-02-01T16:55:16","slug":"combien-les-sous-marins-des-pays-bas-vont-rapporter-a-la-france","status":"publish","type":"post","link":"https:\/\/www.europesays.com\/fr\/704519\/","title":{"rendered":"combien les sous-marins des Pays-Bas vont rapporter \u00e0 la France\u00a0?"},"content":{"rendered":"<p>                    Par<br \/>\n        <strong><br \/>\n            <a href=\"https:\/\/actu.fr\/auteur\/c-marchand\" title=\"Consulter tous les articles de Chrisma\u00ebl Marchand\" rel=\"nofollow noopener\" target=\"_blank\">Chrisma\u00ebl Marchand<\/a><br \/>\n                    <\/strong><\/p>\n<p>        Publi\u00e9 le<\/p>\n<p>            1 f\u00e9vr. 2026 \u00e0 17h24        <\/p>\n<p>Le <b>monde de la d\u00e9fense <\/b>demeure largement opaque.<b> <\/b>Les d\u00e9tails des <b>contrats d\u2019armement <\/b>se retrouvent, en effet, rarement dans les <b>colonnes des journaux<\/b>. Surtout les <b>montants<\/b>. M\u00eame si des chiffres parviennent \u00e0 sortir dans les <b>m\u00e9dias<\/b>, il est parfois difficile de se les faire confirmer.<\/p>\n<p class=\" wall-content\">Ce fut le cas pour le contrat conclu entre <a href=\"https:\/\/actu.fr\/tag\/naval-group\" rel=\"nofollow noopener\" target=\"_blank\">Naval Group<\/a> et les <b>Pays-Bas<\/b> en <b>septembre<\/b>\u00a0<b>2024<\/b> pour la livraison de <b>quatre sous-marins de type Barracuda<\/b> \u00e0 <b>propulsion conventionnelle<\/b>. La <b>somme de 5,6<\/b>\u00a0<b>milliards d\u2019euros<\/b> avait filtr\u00e9 dans les journaux locaux, <b>sans validation officielle<\/b>.<\/p>\n<p class=\" wall-content\">Au contraire, \u00e0 l\u2019\u00e9poque, la somme avait \u00e9t\u00e9 minimis\u00e9e par les diff\u00e9rents protagonistes. Depuis, ce montant de 5,6\u00a0milliards d\u2019euros semble entendu.<\/p>\n<p class=\" wall-content\">Tout le monde s\u2019est, en effet, accord\u00e9 sur ce chiffre qui comprend \u00e9galement<b> <\/b>la part d\u2019un<b> tissu industriel n\u00e9erlandais <\/b>largement impliqu\u00e9 avec le <b>groupe fran\u00e7ais<\/b> dans ce contrat d\u2019envergure.<\/p>\n<p class=\" wall-content\">La question maintenant est de savoir <b>comment sera partag\u00e9 le g\u00e2teau<\/b>. Dans son r\u00e9cent <b>bilan de l\u2019ann\u00e9e 2025<\/b>, le <a href=\"https:\/\/gican.asso.fr\/\" rel=\"nofollow noopener\" target=\"_blank\">Gican<\/a> (Groupement\u00a0des industries de construction et activit\u00e9s navales), <b>syndicat professionnel <\/b>qui f\u00e9d\u00e8re <b>plus de 300 industriels<\/b> et <b>organisations <\/b>du <b>secteur maritime<\/b> fran\u00e7ais, \u00e9voque cette r\u00e9partition dans un focus sur l\u2019activit\u00e9 de Naval Group \u00e0 <a href=\"https:\/\/actu.fr\/normandie\/cherbourg-en-cotentin_50129\" rel=\"nofollow noopener\" target=\"_blank\">Cherbourg <\/a>(Manche) o\u00f9 <b>seront construits<\/b> les quatre submersibles n\u00e9erlandais.<\/p>\n<p>La livraison des quatre sous-marins \u00e9tal\u00e9e entre\u00a02033 et\u00a02037<\/p>\n<p class=\" wall-content\">\u00ab\u2009Environ <b>60<\/b>\u2009<b>% de la valeur<\/b> industrielle sera r\u00e9alis\u00e9e en <b>France<\/b>, principalement \u00e0 Cherbourg, tandis que 40\u2009% reviendront \u00e0 l\u2019industrie n\u00e9erlandaise dans le cadre du dispositif NL Content\u2009\u00bb, d\u00e9taille le syndicat. Selon nos informations, le partage serait <b>moins \u00ab\u2009avantageux\u2009\u00bb pour les Bataves.<\/b><\/p>\n<p>Votre r\u00e9gion, votre actu !<\/p>\n<p>Recevez chaque jour les infos qui comptent pour vous.<\/p>\n<p>\t<a href=\"https:\/\/actu.fr\/newsletter\" class=\"ac-btn ac-btn--corner ac-btn--medium ac-btn--blue800\" rel=\"nofollow noopener\" target=\"_blank\">S&rsquo;incrire<\/a><\/p>\n<p class=\" wall-content\">Le chiffre le plus r\u00e9aliste serait celui sugg\u00e9r\u00e9 lors de la<b> signature d\u2019un ICA <\/b>(accord de coop\u00e9ration industrielle) avec le minist\u00e8re des Affaires \u00e9conomiques n\u00e9erlandais, le <b>10<\/b>\u00a0<b>septembre 2024<\/b>.<\/p>\n<p class=\" wall-content\">Selon certaines sources, Naval Group injecterait <b>pr\u00e8s d\u2019un milliard d\u2019euros <\/b>dans l\u2019\u00e9conomie n\u00e9erlandaise sur les 5,6\u00a0milliards d\u2019euros du contrat initial.<\/p>\n<p class=\" wall-content\">Notamment \u00e0 travers <b>diff\u00e9rents partenariats<\/b>. Depuis plusieurs mois, l\u2019industriel fran\u00e7ais continue, en effet, de<b> tisser sa toile du c\u00f4t\u00e9 du plat pays <\/b>et multiplie les partenariats avec des entreprises amen\u00e9es \u00e0 devenir ses <b>fournisseurs<\/b>.<\/p>\n<p class=\" wall-content\">Rappelons, en effet, que les quatre unit\u00e9s de classe Orka seront <b>construites et assembl\u00e9es \u00e0 Cherbourg<\/b>. Alors que la <b>d\u00e9coupe de la premi\u00e8re t\u00f4le <\/b>est pr\u00e9vue pour <b>2027<\/b>, u<a href=\"https:\/\/actu.fr\/economie\/lagrandissement-de-naval-group-a-cherbourg-a-letude-depuis-plusieurs-mois_62426887.html\" rel=\"nofollow noopener\" target=\"_blank\">ne nef d\u2019assemblage doit \u00eatre \u00e9difi\u00e9e<\/a> sur le site cherbourgeois pour <b>des livraisons<\/b> \u00e9tal\u00e9es <b>entre<\/b>\u00a0<b>2033 et<\/b>\u00a0<b>2037<\/b>.<\/p>\n<p class=\" wall-content\">Personnalisez votre actualit\u00e9 en ajoutant vos villes et m\u00e9dias en favori avec <a href=\"https:\/\/moncompte.actu.fr\" title=\"D\u00e9couvez Mon Actu\" rel=\"nofollow noopener\" data-trk=\"{&quot;cta&quot;:{&quot;action&quot;:&quot;https:\\\/\\\/moncompte.actu.fr&quot;,&quot;category&quot;:&quot;mon compte&quot;,&quot;from&quot;:&quot;article footer&quot;,&quot;name&quot;:&quot;Mon actu&quot;,&quot;type&quot;:&quot;cta&quot;}}\" target=\"_blank\">Mon Actu<\/a>.<\/p>\n","protected":false},"excerpt":{"rendered":"Par Chrisma\u00ebl Marchand Publi\u00e9 le 1 f\u00e9vr. 2026 \u00e0 17h24 Le monde de la d\u00e9fense demeure largement opaque.&hellip;\n","protected":false},"author":2,"featured_media":704520,"comment_status":"","ping_status":"","sticky":false,"template":"","format":"standard","meta":{"footnotes":"","_share_on_mastodon":"0"},"categories":[4],"tags":[11,33,1011,27,22232,12,5654,25,15169],"class_list":["post-704519","post","type-post","status-publish","format-standard","has-post-thumbnail","category-france","tag-actualites","tag-economie","tag-fr","tag-france","tag-naval-group","tag-news","tag-nucleaire","tag-republique-francaise","tag-sous-marins"],"share_on_mastodon":{"url":"https:\/\/pubeurope.com\/@fr\/115996427715774375","error":""},"_links":{"self":[{"href":"https:\/\/www.europesays.com\/fr\/wp-json\/wp\/v2\/posts\/704519","targetHints":{"allow":["GET"]}}],"collection":[{"href":"https:\/\/www.europesays.com\/fr\/wp-json\/wp\/v2\/posts"}],"about":[{"href":"https:\/\/www.europesays.com\/fr\/wp-json\/wp\/v2\/types\/post"}],"author":[{"embeddable":true,"href":"https:\/\/www.europesays.com\/fr\/wp-json\/wp\/v2\/users\/2"}],"replies":[{"embeddable":true,"href":"https:\/\/www.europesays.com\/fr\/wp-json\/wp\/v2\/comments?post=704519"}],"version-history":[{"count":0,"href":"https:\/\/www.europesays.com\/fr\/wp-json\/wp\/v2\/posts\/704519\/revisions"}],"wp:featuredmedia":[{"embeddable":true,"href":"https:\/\/www.europesays.com\/fr\/wp-json\/wp\/v2\/media\/704520"}],"wp:attachment":[{"href":"https:\/\/www.europesays.com\/fr\/wp-json\/wp\/v2\/media?parent=704519"}],"wp:term":[{"taxonomy":"category","embeddable":true,"href":"https:\/\/www.europesays.com\/fr\/wp-json\/wp\/v2\/categories?post=704519"},{"taxonomy":"post_tag","embeddable":true,"href":"https:\/\/www.europesays.com\/fr\/wp-json\/wp\/v2\/tags?post=704519"}],"curies":[{"name":"wp","href":"https:\/\/api.w.org\/{rel}","templated":true}]}}