{"id":70453,"date":"2025-05-02T23:12:11","date_gmt":"2025-05-02T23:12:11","guid":{"rendered":"https:\/\/www.europesays.com\/fr\/70453\/"},"modified":"2025-05-02T23:12:11","modified_gmt":"2025-05-02T23:12:11","slug":"kolodziejczak-lopez-krasso-les-hommes-forts-de-la-montee-en-ligue-1-du-paris-fc","status":"publish","type":"post","link":"https:\/\/www.europesays.com\/fr\/70453\/","title":{"rendered":"Kolodziejczak, Lopez, Krasso&#8230; Les hommes forts de la mont\u00e9e en Ligue 1 du Paris FC"},"content":{"rendered":"<p>Les Bleu marine et Blanc ont officiellement arrach\u00e9 leur mont\u00e9e en Ligue 1 ce vendredi. Une r\u00e9ussite pour le club parisien d\u00e9tenu par la famille Arnault et sublim\u00e9, sur le terrain, par des joueurs d\u00e9cisifs.<\/p>\n<p>La muraille Obed Nkambadio<\/p>\n<p class=\"fig-paragraph\">C\u2019est le dernier rempart. Celui qui sauve les siens quand la d\u00e9fense a finalement c\u00e9d\u00e9. Et cette saison, Obed Nkambadio a rempli son r\u00f4le avec brio. Le gardien de but \u00e2g\u00e9 de seulement 22 ans \u2013 qui a int\u00e9gr\u00e9\u00a0<a href=\"http:\/\/www.lefigaro.fr\/sports\/football\/france-espoir-angleterre-ekitriple-un-match-etourdissant-une-defense-apathique-les-tops-et-flops-20250321\" data-fig-type=\"NewsFlash\" data-gtm-custom-categorie=\"navigation\" data-gtm-custom-action=\"crossclick\" data-gtm-custom-label=\"Contextuel\" data-gtm-event=\"customEventSPE\" data-fig-domain=\"LEFIGARO\" target=\"_blank\" rel=\"noopener\">l\u2019\u00e9quipe de France Espoirs<\/a>\u00a0en fin d\u2019ann\u00e9e derni\u00e8re \u2013 n\u2019a encaiss\u00e9 que trente-trois buts cette saison, faisant du\u00a0<a href=\"http:\/\/www.lefigaro.fr\/sports\/football\/ligue-1\/ligue-2-le-paris-fc-officiellement-promu-en-l1-ce-vendredi-si-20250428\" data-fig-type=\"NewsFlash\" data-gtm-custom-categorie=\"navigation\" data-gtm-custom-action=\"crossclick\" data-gtm-custom-label=\"Contextuel\" data-gtm-event=\"customEventSPE\" data-fig-domain=\"LEFIGARO\" target=\"_blank\" rel=\"noopener\">Paris FC<\/a>\u00a0la troisi\u00e8me meilleure d\u00e9fense de\u00a0<a href=\"http:\/\/www.lefigaro.fr\/sports\/football\/ligue-1\/c-est-termine-pour-montpellier-officiellement-relegue-en-ligue-2-20250426\" data-fig-type=\"NewsFlash\" data-gtm-custom-categorie=\"navigation\" data-gtm-custom-action=\"crossclick\" data-gtm-custom-label=\"Contextuel\" data-gtm-event=\"customEventSPE\" data-fig-domain=\"LEFIGARO\" target=\"_blank\" rel=\"noopener\">Ligue 2<\/a>. Mieux, il compte quatorze clean sheets \u2013 c\u2019est-\u00e0-dire des matches sans avoir conc\u00e9d\u00e9 le moindre but. Impressionnant. \u00c9tincelant sur sa ligne \u2013 capable de parades r\u00e9flexes avec toutes les parties de son corps, et en particulier ses jambes, et tr\u00e8s rapide pour plonger au sol \u2013, imp\u00e9rial dans les airs et plut\u00f4t bon au pied, il a tous les attributs d\u2019un portier moderne. Et d\u2019un futur grand. Ce n\u2019est pas pour rien qu\u2019il est nomin\u00e9 parmi les meilleurs gardiens de but de deuxi\u00e8me division.<\/p>\n<p class=\"fig-body-link\">\n            \u00c0 lire aussi<br \/>\n        <a class=\"fig-body-link__link\" href=\"http:\/\/www.lefigaro.fr\/sports\/football\/ligue-1\/ligue-1-le-paris-fc-propriete-de-la-famille-arnault-rejoint-le-psg-dans-l-elite-du-football-francais-20250502\" target=\"_blank\" data-fig-type=\"NewsFlash\" rel=\"noopener\" data-gtm-custom-categorie=\"navigation\" data-gtm-custom-action=\"crossclick\" data-gtm-custom-label=\"Contextuel\" data-gtm-event=\"customEventSPE\" data-fig-domain=\"LEFIGARO\">Ligue 1\u00a0: le Paris FC, propri\u00e9t\u00e9 de la famille Arnault, rejoint le PSG dans l\u2019\u00e9lite du football fran\u00e7ais<br \/>\n    <\/a>\n<\/p>\n<p>Le leader Timoth\u00e9e Kolodziejczak<\/p>\n<p class=\"fig-paragraph\">C\u2019est l\u2019exp\u00e9rience. Celui qui donne le ton. Entra\u00eene les autres, les transcende. Inspire aussi. Le capitaine, tout simplement. Arriv\u00e9 dans la capitale fran\u00e7aise \u00e0 l\u2019\u00e9t\u00e9 2023 apr\u00e8s une exp\u00e9rience aussi courte que mitig\u00e9e du c\u00f4t\u00e9 du FC Schalke 04,\u00a0<a href=\"http:\/\/www.lefigaro.fr\/sports\/football\/les-arbitres-sont-nuls-le-coup-de-sang-fracassant-du-capitaine-du-paris-fc-20250413\" target=\"_blank\" data-fig-type=\"NewsFlash\" rel=\"noopener\" data-gtm-custom-categorie=\"navigation\" data-gtm-custom-action=\"crossclick\" data-gtm-custom-label=\"Contextuel\" data-gtm-event=\"customEventSPE\" data-fig-domain=\"LEFIGARO\">Timoth\u00e9e Kolodziejczak<\/a>\u00a0(33 ans) s\u2019est impos\u00e9 cette saison comme l\u2019un des \u00e9l\u00e9ments essentiels du Paris FC. Par ses performances d\u00e9fensives dans l\u2019axe de la d\u00e9fense \u2013 lui qui avait plut\u00f4t commenc\u00e9 comme lat\u00e9ral gauche au d\u00e9but de sa carri\u00e8re \u2013, mais aussi par son charisme, son aura, ses qualit\u00e9s mentales. C\u2019est ni plus ni moins que le moteur \u00e9motionnel de la formation parisienne. Le joueur qui tire les autres vers le haut. Il est, \u00e0 n\u2019en pas douter, l\u2019un des grands artisans de la mont\u00e9e des Bleu marine et Blanc. Et il pourrait bien \u00eatre aussi important en Ligue 1 la saison prochaine en vue du maintien. Du moins, s\u2019il prolonge son contrat&#8230;<\/p>\n<p class=\"fig-body-link\">\n            \u00c0 lire aussi<br \/>\n        <a class=\"fig-body-link__link fig-premium-mark\" href=\"http:\/\/www.lefigaro.fr\/sports\/football\/ligue-2-course-pour-la-ligue-1-galaxie-red-bull-famille-arnault-quand-l-engouement-gagne-le-paris-fc-20250331\" data-fig-type=\"Article\" data-gtm-custom-categorie=\"navigation\" data-gtm-custom-action=\"crossclick\" data-gtm-custom-label=\"Contextuel\" data-gtm-event=\"customEventSPE\" data-fig-domain=\"LEFIGARO\" target=\"_blank\" rel=\"noopener\">Ligue\u00a02\u00a0: course pour la Ligue 1, galaxie Red Bull, famille Arnault&#8230; Quand l\u2019engouement gagne le Paris FC<br \/>\n    <\/a>\n<\/p>\n<p>Le m\u00e9tronome Maxime Lopez<\/p>\n<p class=\"fig-paragraph\">C\u2019est \u00e0 la fois la rampe de lancement et la plaque tournante. Celui qui aimante tous les ballons, les redistribue, bonifi\u00e9s bien \u00e9videmment.\u00a0<a href=\"http:\/\/www.lefigaro.fr\/sports\/football\/ligue-1\/ligue-2-maxime-lopez-s-engage-du-cote-du-paris-fc-pensionnaire-de-deuxieme-division-20240829\" data-fig-type=\"NewsFlash\" data-gtm-custom-categorie=\"navigation\" data-gtm-custom-action=\"crossclick\" data-gtm-custom-label=\"Contextuel\" data-gtm-event=\"customEventSPE\" data-fig-domain=\"LEFIGARO\" target=\"_blank\" rel=\"noopener\">Maxime Lopez<\/a>\u00a0(27 ans), le Marseillais de naissance et de c\u0153ur, a surpris son monde l\u2019\u00e9t\u00e9 dernier en d\u00e9barquant \u00e0 Paris, en Ligue 2, alors qu\u2019il sortait d\u2019une exp\u00e9rience r\u00e9ussie du c\u00f4t\u00e9 de Florence (Italie), \u00e0 l\u2019ACF Fiorentina. Le milieu de terrain \u2013 qui a retrouv\u00e9, dans la capitale fran\u00e7aise, son fr\u00e8re a\u00een\u00e9 Julien \u2013, n\u2019a pas mis longtemps avant de montrer qu\u2019il n\u2019avait rien \u00e0 faire en deuxi\u00e8me division fran\u00e7aise. Par son activit\u00e9, ses qualit\u00e9s techniques simples mais \u00f4 combien efficaces \u2013 contr\u00f4le-passe etc. \u2013, son aptitude \u00e0 jouer vers l\u2019avant et sa facilit\u00e9 \u00e0 faire briller les autres, le meneur de jeu recul\u00e9 a transform\u00e9 le jeu de son \u00e9quipe, l\u2019a emmen\u00e9e (presque) jusqu\u2019au sommet du championnat. Il s\u2019est aussi montr\u00e9 d\u00e9cisif avec trois r\u00e9alisations et six passes d\u00e9cisives. L\u2019un des meilleurs joueurs de la deuxi\u00e8me division.<\/p>\n<p>Le cr\u00e9ateur Ilan Kebbal<\/p>\n<p class=\"fig-paragraph\">C\u2019est la fantaisie. Celui qui invente ce que les autres n\u2019avaient pas os\u00e9 imaginer. Le vrai num\u00e9ro dix. Si le Paris FC s\u2019est hiss\u00e9 sur le podium de la Ligue 2 \u2013 et pas sur la derni\u00e8re marche \u2013, Ilan Kebbal y est pour beaucoup. L\u2019Alg\u00e9rien a assum\u00e9 le souffle cr\u00e9atif de son \u00e9quipe tout au long de la saison, marquant quelques buts importants \u2013 cinq au compteur \u2013, d\u00e9livrant des caviars pour ses co\u00e9quipiers \u2013 six passes d\u00e9cisives au tableau \u2013 et (surtout\u00a0?) orchestrant le jeu de son \u00e9quipe \u00e0 la perfection. Un vrai ma\u00eetre \u00e0 jouer. Ses statistiques sont certes moins bonnes que lors du dernier exercice \u2013 six r\u00e9alisations et onze assists \u2013, mais son influence dans le collectif, et sur les matches, est rest\u00e9e tout aussi essentielle. Sans sa belle petite patte gauche, pas s\u00fbr que la formation parisienne \u2013 quatri\u00e8me meilleure attaque, jusqu\u2019\u00e0 pr\u00e9sent \u2013 aurait pu viser la mont\u00e9e.<\/p>\n<p class=\"fig-body-link\">\n            \u00c0 lire aussi<br \/>\n        <a class=\"fig-body-link__link fig-premium-mark\" href=\"http:\/\/www.lefigaro.fr\/sports\/football\/paris-fc-juergen-klopp-parc-des-princes-ambition-et-humilite-les-verites-du-president-pierre-ferracci-20250329\" data-fig-type=\"NewsFlash\" data-gtm-custom-categorie=\"navigation\" data-gtm-custom-action=\"crossclick\" data-gtm-custom-label=\"Contextuel\" data-gtm-event=\"customEventSPE\" data-fig-domain=\"LEFIGARO\" target=\"_blank\" rel=\"noopener\">Paris FC\u00a0: J\u00fcrgen Klopp, Parc des Princes, \u00abambition et humilit\u00e9\u00bb&#8230; Les v\u00e9rit\u00e9s du pr\u00e9sident Pierre Ferracci<br \/>\n    <\/a>\n<\/p>\n<p>Le finisseur Jean-Philippe Krasso<\/p>\n<p class=\"fig-paragraph\">C\u2019est la g\u00e2chette. Le renard des surfaces. Celui qui conclut les occasions \u2013 mais parfois les lance aussi. De retour en Ligue 2 apr\u00e8s une pige mitig\u00e9e \u00e0 l\u2019\u00c9toile rouge de Belgrade (Serbie), Jean-Philippe Krasso a clairement r\u00e9pondu aux attentes du club parisien. Profitant d\u2019un collectif bien huil\u00e9 \u2013 avec plusieurs joueurs techniques capables de distribuer de bons ballons \u2013, l\u2019avant-centre ivoirien a terroris\u00e9 les d\u00e9fenses de Ligue 2. Un peu moins qu\u2019Eli Kroupi Junior, le meilleur buteur du championnat (vingt r\u00e9alisations). Mais tout de m\u00eame\u00a0! L\u2019ex-attaquant de l\u2019ASSE \u2013 toujours bien plac\u00e9 \u2013 a fait trembler les filets \u00e0 quinze reprises. Et souvent pour permettre \u00e0 son \u00e9quipe d\u2019arracher la victoire, comme face au leader lorientais (3-2) et au Stade Malherbe Caen (4-2) dans le sprint final. Ajoutez \u00e0 cela cinq passes d\u00e9cisives et vous obtenez l\u2019un des joueurs les plus importants du Paris FC et l\u2019un des meilleurs de deuxi\u00e8me division.<\/p>\n","protected":false},"excerpt":{"rendered":"Les Bleu marine et Blanc ont officiellement arrach\u00e9 leur mont\u00e9e en Ligue 1 ce vendredi. Une r\u00e9ussite pour&hellip;\n","protected":false},"author":2,"featured_media":70454,"comment_status":"","ping_status":"","sticky":false,"template":"","format":"standard","meta":{"footnotes":""},"categories":[1888],"tags":[1111,1928,11,1927,454,69,448,83,451,64,1777,450,449,674,1011,27,452,453,66,446,447,12,1926,626,445,1925,70,25,455],"class_list":{"0":"post-70453","1":"post","2":"type-post","3":"status-publish","4":"format-standard","5":"has-post-thumbnail","7":"category-paris","8":"tag-actu","9":"tag-actu-paris","10":"tag-actualites","11":"tag-actualites-paris","12":"tag-ballon-dor","13":"tag-bundesliga","14":"tag-champions-league","15":"tag-coupe-de-france","16":"tag-coupe-du-monde","17":"tag-equipe-de-france","18":"tag-eu","19":"tag-euro","20":"tag-europa-league","21":"tag-europe","22":"tag-fr","23":"tag-france","24":"tag-italie","25":"tag-liga","26":"tag-ligue-1","27":"tag-ligue-2","28":"tag-ligue-des-champions","29":"tag-news","30":"tag-news-paris","31":"tag-paris","32":"tag-paris-fc","33":"tag-paris-news","34":"tag-premier-league","35":"tag-republique-francaise","36":"tag-uefa"},"share_on_mastodon":{"url":"https:\/\/pubeurope.com\/@fr\/114440774860464725","error":""},"_links":{"self":[{"href":"https:\/\/www.europesays.com\/fr\/wp-json\/wp\/v2\/posts\/70453","targetHints":{"allow":["GET"]}}],"collection":[{"href":"https:\/\/www.europesays.com\/fr\/wp-json\/wp\/v2\/posts"}],"about":[{"href":"https:\/\/www.europesays.com\/fr\/wp-json\/wp\/v2\/types\/post"}],"author":[{"embeddable":true,"href":"https:\/\/www.europesays.com\/fr\/wp-json\/wp\/v2\/users\/2"}],"replies":[{"embeddable":true,"href":"https:\/\/www.europesays.com\/fr\/wp-json\/wp\/v2\/comments?post=70453"}],"version-history":[{"count":0,"href":"https:\/\/www.europesays.com\/fr\/wp-json\/wp\/v2\/posts\/70453\/revisions"}],"wp:featuredmedia":[{"embeddable":true,"href":"https:\/\/www.europesays.com\/fr\/wp-json\/wp\/v2\/media\/70454"}],"wp:attachment":[{"href":"https:\/\/www.europesays.com\/fr\/wp-json\/wp\/v2\/media?parent=70453"}],"wp:term":[{"taxonomy":"category","embeddable":true,"href":"https:\/\/www.europesays.com\/fr\/wp-json\/wp\/v2\/categories?post=70453"},{"taxonomy":"post_tag","embeddable":true,"href":"https:\/\/www.europesays.com\/fr\/wp-json\/wp\/v2\/tags?post=70453"}],"curies":[{"name":"wp","href":"https:\/\/api.w.org\/{rel}","templated":true}]}}