{"id":70471,"date":"2025-05-02T23:21:11","date_gmt":"2025-05-02T23:21:11","guid":{"rendered":"https:\/\/www.europesays.com\/fr\/70471\/"},"modified":"2025-05-02T23:21:11","modified_gmt":"2025-05-02T23:21:11","slug":"jai-eu-peur-que-quelquun-soit-mort-des-coups-de-feu-entendus-dans-le-quartier-des-pommiers-blancs-a-lamballe","status":"publish","type":"post","link":"https:\/\/www.europesays.com\/fr\/70471\/","title":{"rendered":"\u00ab\u00a0J\u2019ai eu peur que quelqu\u2019un soit mort\u00a0\u00bb\u00a0: des coups de feu entendus dans le quartier des Pommiers-blancs \u00e0 Lamballe"},"content":{"rendered":"<p>Stupeur dans le quartier des Pommiers-blancs, \u00e0 Lamballe. \u00ab\u00a0On a entendu des cris, on avait l\u2019impression que c\u2019\u00e9tait des cris d\u2019enfants qui venaient de derri\u00e8re chez nous. Les forces de l\u2019ordre sont arriv\u00e9es en moins de 15 minutes\u00a0\u00bb, raconte une r\u00e9sidente, encore surprise par les \u00e9v\u00e9nements de la veille. Comme l\u2019a <a href=\"https:\/\/www.ouest-france.fr\/societe\/faits-divers\/il-y-a-eu-des-coups-de-feu-un-homme-interpelle-dans-un-quartier-calme-des-cotes-darmor-ad2e5552-2745-11f0-964c-4f0f93c651c3\" target=\"_blank\" rel=\"noopener\">r\u00e9v\u00e9l\u00e9 Ouest-France<\/a>, des coups de feu ont \u00e9t\u00e9 entendus ce jeudi 1er mai dans la fin de l\u2019apr\u00e8s-midi. Une dizaine de gendarmes, venus de Lamballe et de Dinan, ainsi que le Psig (Peloton de surveillance et d\u2019intervention de gendarmerie) de Saint-Brieuc, se sont rendus sur place aux alentours de 18\u00a0h pour bloquer la circulation au niveau de la D\u00e9hanne et du lotissement des Pommiers-blancs, \u00e0 Lamballe-Armor. \u00ab\u00a0Les forces de l\u2019ordre nous ont dit de rentrer\u00a0\u00bb, explique une r\u00e9sidente du quartier depuis 1988. \u00ab\u00a0J\u2019ai entendu des coups de fusil, on \u00e9tait dans ma pergola en famille, on a eu peur, on est rentr\u00e9s. J\u2019ai eu peur que quelqu\u2019un soit mort, on a sursaut\u00e9\u00a0\u00bb, ajoute-t-elle.<\/p>\n<p>\u00ab\u00a0D\u2019habitude, c\u2019est un quartier calme\u00a0\u00bb<\/p>\n<p>Les r\u00e9sidents, pr\u00e9sents lors de l\u2019\u00e9v\u00e9nement, affichent leur \u00e9tonnement\u00a0: \u00ab\u00a0D\u2019habitude, c\u2019est un quartier calme\u00a0\u00bb, raconte une voisine interrog\u00e9e. Un homme plut\u00f4t grand, \u00e2g\u00e9 d\u2019une cinquantaine d\u2019ann\u00e9es, a \u00e9t\u00e9 interpell\u00e9 par les gendarmes d\u00e8s leur arriv\u00e9e sur zone et plac\u00e9 en garde \u00e0 vue. Si aucun bless\u00e9 n\u2019est \u00e0 signaler, une enqu\u00eate est en cours selon la gendarmerie de Saint-Brieuc.<\/p>\n","protected":false},"excerpt":{"rendered":"Stupeur dans le quartier des Pommiers-blancs, \u00e0 Lamballe. \u00ab\u00a0On a entendu des cris, on avait l\u2019impression que c\u2019\u00e9tait&hellip;\n","protected":false},"author":2,"featured_media":70472,"comment_status":"","ping_status":"","sticky":false,"template":"","format":"standard","meta":{"footnotes":""},"categories":[1586],"tags":[11,829,2171,765,1777,674,1779,118,1011,27,2170,12,25,1778,364],"class_list":{"0":"post-70471","1":"post","2":"type-post","3":"status-publish","4":"format-standard","5":"has-post-thumbnail","7":"category-europe","8":"tag-actualites","9":"tag-bretagne","10":"tag-cotes-darmor","11":"tag-en-continu","12":"tag-eu","13":"tag-europe","14":"tag-european-union","15":"tag-faits-divers","16":"tag-fr","17":"tag-france","18":"tag-lamballe-armor","19":"tag-news","20":"tag-republique-francaise","21":"tag-ue","22":"tag-union-europeenne"},"share_on_mastodon":{"url":"https:\/\/pubeurope.com\/@fr\/114440810267695547","error":""},"_links":{"self":[{"href":"https:\/\/www.europesays.com\/fr\/wp-json\/wp\/v2\/posts\/70471","targetHints":{"allow":["GET"]}}],"collection":[{"href":"https:\/\/www.europesays.com\/fr\/wp-json\/wp\/v2\/posts"}],"about":[{"href":"https:\/\/www.europesays.com\/fr\/wp-json\/wp\/v2\/types\/post"}],"author":[{"embeddable":true,"href":"https:\/\/www.europesays.com\/fr\/wp-json\/wp\/v2\/users\/2"}],"replies":[{"embeddable":true,"href":"https:\/\/www.europesays.com\/fr\/wp-json\/wp\/v2\/comments?post=70471"}],"version-history":[{"count":0,"href":"https:\/\/www.europesays.com\/fr\/wp-json\/wp\/v2\/posts\/70471\/revisions"}],"wp:featuredmedia":[{"embeddable":true,"href":"https:\/\/www.europesays.com\/fr\/wp-json\/wp\/v2\/media\/70472"}],"wp:attachment":[{"href":"https:\/\/www.europesays.com\/fr\/wp-json\/wp\/v2\/media?parent=70471"}],"wp:term":[{"taxonomy":"category","embeddable":true,"href":"https:\/\/www.europesays.com\/fr\/wp-json\/wp\/v2\/categories?post=70471"},{"taxonomy":"post_tag","embeddable":true,"href":"https:\/\/www.europesays.com\/fr\/wp-json\/wp\/v2\/tags?post=70471"}],"curies":[{"name":"wp","href":"https:\/\/api.w.org\/{rel}","templated":true}]}}