{"id":70479,"date":"2025-05-02T23:26:08","date_gmt":"2025-05-02T23:26:08","guid":{"rendered":"https:\/\/www.europesays.com\/fr\/70479\/"},"modified":"2025-05-02T23:26:08","modified_gmt":"2025-05-02T23:26:08","slug":"volley-le-gfca-bat-martigues-et-file-en-finale","status":"publish","type":"post","link":"https:\/\/www.europesays.com\/fr\/70479\/","title":{"rendered":"Volley : le GFCA bat Martigues et file en finale !"},"content":{"rendered":"<p>Cette fois, il n&rsquo;y a pas eu photo. Malgr\u00e9 les doutes n\u00e9s de la bonne prestation r\u00e9alis\u00e9e \u00e0 l&rsquo;aller par les Mart\u00e9gaux, sans oublier leur bonne tenue face au leader de la phase r\u00e9guli\u00e8re (4 points sur 6 pour Martigues face \u00e0 Ajaccio), les joueurs de Fr\u00e9d\u00e9ric Ferrandez, nettement sup\u00e9rieurs, ne leur ont laiss\u00e9 aucun r\u00e9pit.\u00a0<\/p>\n<p>Si l&rsquo;on excepte l&#8217;embellie du d\u00e9but du 3e set, les Mart\u00e9gaux ont constamment couru apr\u00e8s le score. Leur grand m\u00e9rite a \u00e9t\u00e9 de ne s&rsquo;\u00eatre jamais d\u00e9munis. Deux premi\u00e8res manches au sc\u00e9nario identique avec une formation ajaccienne emmen\u00e9e par le capitaine Lacassie et le pointu, Bouallegue tandis que les locaux s&rsquo;en remettaient \u00e0 Taila, \u00e0 l&rsquo;efficacit\u00e9 redoutable.<\/p>\n<p>Jusqu&rsquo;au 2e temps mort technique, les deux \u00e9quipes se livraient \u00e0 un long mano \u00e0 mano mais, dans la 1re manche, le Gaz\u00e9lec prenait 3 puis 4 points d&rsquo;avance (9-12 puis 13-16) puis se d\u00e9tachait irr\u00e9m\u00e9diablement (13-20). Le set \u00e9tait jou\u00e9 et c&rsquo;est un contre de Neraudau sur Fran\u00e7ois qui permettait aux Ajacciens de s&rsquo;imposer en 19-25.<\/p>\n<p>Sur leur lanc\u00e9e, les joueurs de Fr\u00e9d\u00e9ric Ferrandez ne rel\u00e2chaient leur pression sur la r\u00e9cep&rsquo; mart\u00e9gale, mise \u00e0 rude \u00e9preuve. Mais l&rsquo;exp\u00e9riment\u00e9e formation mart\u00e9gale ne se laissait pas d\u00e9cramponner et parvenait, tant bien que mal \u00e0 suivre le rythme jusqu&rsquo;\u00e0 l&rsquo;approche du 2e temps mort technique. Comme dans la manche pr\u00e9c\u00e9dente, Ajaccio se d\u00e9tachait sous la houlette de Lacassie qui s&rsquo;occupait de tout. R\u00e9sultat, les Gaziers prenaient le large (12-16) et ne devaient plus \u00eatre rejoints : 19-25 et 0-2.<\/p>\n<p>Martigues se relance&#8230; un peu<\/p>\n<p>C&rsquo;\u00e9tait bien engag\u00e9 pour le GFCA qui, contre toute attente, se faisait surprendre en d\u00e9but de 3e set. Les locaux faisaient feu de tout bois et infligeaient un s\u00e9v\u00e8re 4-0 \u00e0 leurs vis-\u00e0-vis. Ce n&rsquo;\u00e9tait pas fini, le MVB appuyait sur l&rsquo;acc\u00e9l\u00e9rateur et prenait m\u00eame 7 points d&rsquo;avance \u00e0 9-2. Le combat avait sembl\u00e9 chang\u00e9 d&rsquo;\u00e2me et les visiteurs, ballot\u00e9s, semblaient groggy. Ce n&rsquo;\u00e9tait cependant qu&rsquo;une apparence et un feu de paille pour Martigues car, apr\u00e8s ce coup de tonnerre, les Ajacciens lentement mais s\u00fbrement, refaisaient leur retard gr\u00e2ce notamment \u00e0 un service-r\u00e9ception des grands soirs.<\/p>\n<p>Martigues \u00e9tait donc repris \u00e0 9-9 et la partie resta ind\u00e9cise jusqu&rsquo;au moneytime lorsque Martins de Pinho (Bala), entr\u00e9 \u00e0 la place de Bouallegue, n&rsquo;assomme les Mart\u00e9gaux sur la fin avec 2 aces cons\u00e9cutifs et le dernier point de la partie. 0-3 pour Ajaccio qui disputera la finale.\u00a0<\/p>\n","protected":false},"excerpt":{"rendered":"Cette fois, il n&rsquo;y a pas eu photo. Malgr\u00e9 les doutes n\u00e9s de la bonne prestation r\u00e9alis\u00e9e \u00e0&hellip;\n","protected":false},"author":2,"featured_media":70480,"comment_status":"","ping_status":"","sticky":false,"template":"","format":"standard","meta":{"footnotes":""},"categories":[1417],"tags":[17,17264,14676,2396,1011,27,6392,12045,60,1470,1469],"class_list":{"0":"post-70479","1":"post","2":"type-post","3":"status-publish","4":"format-standard","5":"has-post-thumbnail","7":"category-volley","8":"tag-17","9":"tag-bat","10":"tag-file","11":"tag-finale","12":"tag-fr","13":"tag-france","14":"tag-gfca","15":"tag-martigues","16":"tag-sports","17":"tag-volley","18":"tag-volleyball"},"share_on_mastodon":{"url":"https:\/\/pubeurope.com\/@fr\/114440829888638978","error":""},"_links":{"self":[{"href":"https:\/\/www.europesays.com\/fr\/wp-json\/wp\/v2\/posts\/70479","targetHints":{"allow":["GET"]}}],"collection":[{"href":"https:\/\/www.europesays.com\/fr\/wp-json\/wp\/v2\/posts"}],"about":[{"href":"https:\/\/www.europesays.com\/fr\/wp-json\/wp\/v2\/types\/post"}],"author":[{"embeddable":true,"href":"https:\/\/www.europesays.com\/fr\/wp-json\/wp\/v2\/users\/2"}],"replies":[{"embeddable":true,"href":"https:\/\/www.europesays.com\/fr\/wp-json\/wp\/v2\/comments?post=70479"}],"version-history":[{"count":0,"href":"https:\/\/www.europesays.com\/fr\/wp-json\/wp\/v2\/posts\/70479\/revisions"}],"wp:featuredmedia":[{"embeddable":true,"href":"https:\/\/www.europesays.com\/fr\/wp-json\/wp\/v2\/media\/70480"}],"wp:attachment":[{"href":"https:\/\/www.europesays.com\/fr\/wp-json\/wp\/v2\/media?parent=70479"}],"wp:term":[{"taxonomy":"category","embeddable":true,"href":"https:\/\/www.europesays.com\/fr\/wp-json\/wp\/v2\/categories?post=70479"},{"taxonomy":"post_tag","embeddable":true,"href":"https:\/\/www.europesays.com\/fr\/wp-json\/wp\/v2\/tags?post=70479"}],"curies":[{"name":"wp","href":"https:\/\/api.w.org\/{rel}","templated":true}]}}