{"id":704836,"date":"2026-02-01T20:21:11","date_gmt":"2026-02-01T20:21:11","guid":{"rendered":"https:\/\/www.europesays.com\/fr\/704836\/"},"modified":"2026-02-01T20:21:11","modified_gmt":"2026-02-01T20:21:11","slug":"a-paris-deux-parachutistes-sautent-de-la-tour-triangle-encore-en-construction","status":"publish","type":"post","link":"https:\/\/www.europesays.com\/fr\/704836\/","title":{"rendered":"\u00c0 Paris, deux parachutistes sautent de la tour Triangle encore en construction"},"content":{"rendered":"<p><img alt=\"\" loading=\"lazy\" width=\"527\" height=\"296\" decoding=\"async\" data-nimg=\"1\" class=\"rounded-lg\" style=\"color:transparent\" src=\"https:\/\/www.europesays.com\/fr\/wp-content\/uploads\/2026\/02\/1ecd66519eebe63b8fe79899c6c7625f.jpeg\"\/><\/p>\n<p>Deux parachutistes ont saut\u00e9 depuis la tour Triangle, en construction Porte de Versailles \u00e0 Paris.<\/p>\n<p class=\"mb-4 text-lg md:leading-8 break-words\">Ils ont choisi un lieu embl\u00e9matique et un horaire tr\u00e8s expos\u00e9. Samedi 31 janvier, en d\u00e9but d\u2019apr\u00e8s-midi, deux parachutistes se sont \u00e9lanc\u00e9s depuis la tour Triangle, en cours de construction Porte de Versailles, dans le XVe arrondissement de Paris. Leur saut, r\u00e9alis\u00e9 en plein jour, a \u00e9t\u00e9 film\u00e9 puis largement diffus\u00e9 sur les r\u00e9seaux sociaux.<\/p>\n<p class=\"mb-4 text-lg md:leading-8 break-words\">Selon une source polici\u00e8re au <a data-i13n=\"cpos:1;pos:1\" href=\"https:\/\/www.leparisien.fr\/faits-divers\/paris-deux-parachutistes-sautent-depuis-le-sommet-de-la-tour-triangle-01-02-2026-KGHZTW3ILFBHFCWXYQR5V3FJAE.php?at_variant=photo&amp;at_creation=Le%20Parisien&amp;at_campaign=Partage%20Twitter%20CM&amp;at_medium=Social%20media\" rel=\"nofollow noopener\" target=\"_blank\" data-ylk=\"slk:Parisien;cpos:1;pos:1;elm:context_link;itc:0;sec:content-canvas\" class=\"link \">Parisien<\/a>, les deux individus se sont introduits dans le b\u00e2timent aux alentours de 13 h 30 avant de gagner les hauteurs de la tour. Ils ont ensuite saut\u00e9 dans le vide muni de leurs parachutes.<\/p>\n<p class=\"mb-4 text-lg md:leading-8 break-words\"><a data-i13n=\"cpos:2;pos:1\" href=\"https:\/\/fr.news.yahoo.com\/deux-alpha-jet-patrouille-france-155348282.html\" data-ylk=\"slk:Deux Alpha Jets de la patrouille de France entrent en collision, les images de l\u2019accident en pleines r\u00e9p\u00e9titions;cpos:2;pos:1;elm:context_link;itc:0;sec:content-canvas;outcm:mb_qualified_link;_E:mb_qualified_link;ct:story;\" class=\"link  yahoo-link\" rel=\"nofollow noopener\" target=\"_blank\">Deux Alpha Jets de la patrouille de France entrent en collision, les images de l\u2019accident en pleines r\u00e9p\u00e9titions<\/a><\/p>\n<p class=\"mb-4 text-lg md:leading-8 break-words\">Apr\u00e8s leur atterrissage au pied de la tour, une altercation a eu lieu avec un agent de s\u00e9curit\u00e9 qui tentait de les emp\u00eacher de quitter les lieux. Les deux parachutistes ont n\u00e9anmoins r\u00e9ussi \u00e0 prendre la fuite \u00e0 pied avant l\u2019arriv\u00e9e des forces de l\u2019ordre.<\/p>\n<p class=\"mb-4 text-lg md:leading-8 break-words\">Le gestionnaire du projet Triangle a r\u00e9agi en condamnant fermement l\u2019intrusion. Une plainte a \u00e9t\u00e9 d\u00e9pos\u00e9e et une coop\u00e9ration est en cours avec les services de police afin d\u2019\u00e9tablir les circonstances exactes de l\u2019incident. Le commissariat du XVe arrondissement a \u00e9t\u00e9 saisi.<\/p>\n<p class=\"mb-4 text-lg md:leading-8 break-words\">Cette action s\u2019apparente \u00e0 une pratique de base jump, discipline consistant \u00e0 sauter en parachute depuis des structures fixes, strictement interdite en milieu urbain. Ces derni\u00e8res ann\u00e9es, plusieurs adeptes se sont d\u00e9j\u00e0 illustr\u00e9s par des sauts clandestins depuis des monuments et tours de la capitale, malgr\u00e9 les risques importants encourus.<\/p>\n<p class=\"mb-4 text-lg md:leading-8 break-words\"><a data-i13n=\"cpos:3;pos:1\" href=\"https:\/\/fr.news.yahoo.com\/aveyron-base-jumper-s-sort-091832633.html\" data-ylk=\"slk:Aveyron : un base jumper s\u2019en sort par miracle apr\u00e8s ce saut depuis un viaduc sur l\u2019A75;cpos:3;pos:1;elm:context_link;itc:0;sec:content-canvas;outcm:mb_qualified_link;_E:mb_qualified_link;ct:story;\" class=\"link  yahoo-link\" rel=\"nofollow noopener\" target=\"_blank\">Aveyron : un base jumper s\u2019en sort par miracle apr\u00e8s ce saut depuis un viaduc sur l\u2019A75<\/a><\/p>\n<p class=\"mb-4 text-lg md:leading-8 break-words\"><a data-i13n=\"cpos:4;pos:1\" href=\"https:\/\/fr.news.yahoo.com\/%C3%A0-tour-eiffel-homme-saute-110008392.html\" data-ylk=\"slk:\u00c0 la tour Eiffel, un homme saute en parachute du troisi\u00e8me \u00e9tage apr\u00e8s avoir escalad\u00e9 l\u2019un des piliers;cpos:4;pos:1;elm:context_link;itc:0;sec:content-canvas;outcm:mb_qualified_link;_E:mb_qualified_link;ct:story;\" class=\"link  yahoo-link\" rel=\"nofollow noopener\" target=\"_blank\">\u00c0 la tour Eiffel, un homme saute en parachute du troisi\u00e8me \u00e9tage apr\u00e8s avoir escalad\u00e9 l\u2019un des piliers<\/a><\/p>\n","protected":false},"excerpt":{"rendered":"Deux parachutistes ont saut\u00e9 depuis la tour Triangle, en construction Porte de Versailles \u00e0 Paris. Ils ont choisi&hellip;\n","protected":false},"author":2,"featured_media":704837,"comment_status":"","ping_status":"","sticky":false,"template":"","format":"standard","meta":{"footnotes":"","_share_on_mastodon":"0"},"categories":[1888],"tags":[1111,1928,11,1927,29529,1777,674,1011,27,17306,12,1926,79825,626,1925,51724,25,2614],"class_list":["post-704836","post","type-post","status-publish","format-standard","has-post-thumbnail","category-paris","tag-actu","tag-actu-paris","tag-actualites","tag-actualites-paris","tag-agent-de-securite","tag-eu","tag-europe","tag-fr","tag-france","tag-les-deux","tag-news","tag-news-paris","tag-parachutistes","tag-paris","tag-paris-news","tag-porte-de-versailles","tag-republique-francaise","tag-xve-arrondissement-de-paris"],"share_on_mastodon":{"url":"https:\/\/pubeurope.com\/@fr\/115997237854241430","error":""},"_links":{"self":[{"href":"https:\/\/www.europesays.com\/fr\/wp-json\/wp\/v2\/posts\/704836","targetHints":{"allow":["GET"]}}],"collection":[{"href":"https:\/\/www.europesays.com\/fr\/wp-json\/wp\/v2\/posts"}],"about":[{"href":"https:\/\/www.europesays.com\/fr\/wp-json\/wp\/v2\/types\/post"}],"author":[{"embeddable":true,"href":"https:\/\/www.europesays.com\/fr\/wp-json\/wp\/v2\/users\/2"}],"replies":[{"embeddable":true,"href":"https:\/\/www.europesays.com\/fr\/wp-json\/wp\/v2\/comments?post=704836"}],"version-history":[{"count":0,"href":"https:\/\/www.europesays.com\/fr\/wp-json\/wp\/v2\/posts\/704836\/revisions"}],"wp:featuredmedia":[{"embeddable":true,"href":"https:\/\/www.europesays.com\/fr\/wp-json\/wp\/v2\/media\/704837"}],"wp:attachment":[{"href":"https:\/\/www.europesays.com\/fr\/wp-json\/wp\/v2\/media?parent=704836"}],"wp:term":[{"taxonomy":"category","embeddable":true,"href":"https:\/\/www.europesays.com\/fr\/wp-json\/wp\/v2\/categories?post=704836"},{"taxonomy":"post_tag","embeddable":true,"href":"https:\/\/www.europesays.com\/fr\/wp-json\/wp\/v2\/tags?post=704836"}],"curies":[{"name":"wp","href":"https:\/\/api.w.org\/{rel}","templated":true}]}}