{"id":70485,"date":"2025-05-02T23:31:25","date_gmt":"2025-05-02T23:31:25","guid":{"rendered":"https:\/\/www.europesays.com\/fr\/70485\/"},"modified":"2025-05-02T23:31:25","modified_gmt":"2025-05-02T23:31:25","slug":"qualifs-sprint-antonelli-fait-plier-les-mclaren-et-verstappen","status":"publish","type":"post","link":"https:\/\/www.europesays.com\/fr\/70485\/","title":{"rendered":"Qualifs sprint\u00a0&#8211; Antonelli fait plier les McLaren et Verstappen\u00a0!"},"content":{"rendered":"<p>Les qualifications sprint ont tourn\u00e9 \u00e0 un affrontement entre les pilotes Mercedes et McLaren au GP de Miami, avec un d\u00e9nouement inattendu : le meilleur temps de Kimi Antonelli devant les favoris du championnat ! Il sera le plus jeune pilote de l&rsquo;Histoire \u00e0 d\u00e9buter une course de la t\u00eate samedi.<\/p>\n<p>SQ1 &#8211; Mercedes en t\u00eate, confusion pour plusieurs pilotes<\/p>\n<p>Apr\u00e8s l&rsquo;unique s\u00e9ance d&rsquo;essais du week-end, lors de laquelle Oscar Piastri a sign\u00e9 le meilleur temps, les pilotes se sont directement plong\u00e9s dans la s\u00e9ance de qualifications pour la course sprint \u00e0 Miami. Le ciel s&rsquo;est d\u00e9gag\u00e9 et l&rsquo;asphalte atteignait 50\u00b0C au moment o\u00f9 la s\u00e9ance a d\u00e9but\u00e9.<\/p>\n<p>En SQ1, les pneus mediums \u00e9taient obligatoires et la premi\u00e8re s\u00e9rie de tours rapides a r\u00e9v\u00e9l\u00e9 des \u00e9carts tr\u00e8s serr\u00e9s, puisque Kimi Antonelli menait avec 0&Prime;032 d&rsquo;avance sur Lando Norris et 0&Prime;095 sur Max Verstappen. Oscar Piastri \u00e9tait quatri\u00e8me devant les pilotes Ferrari, Lewis Hamilton et Charles Leclerc, ce dernier ayant eu un l\u00e9ger contact avec le mur au virage 16.<\/p>\n<p>Russell a pris la t\u00eate sous le drapeau \u00e0 damier, tandis qu&rsquo;Alex Albon est remont\u00e9 au troisi\u00e8me rang. En fond de classement, les pilotes de cinq \u00e9quipes ont \u00e9t\u00e9 \u00e9limin\u00e9s\u00a0: Lance Stroll, Jack Doohan, Yuki Tsunoda, Gabriel Bortoleto et Oliver Bearman.<\/p>\n<p>Une certaine confusion a r\u00e9gn\u00e9 pour Doohan, Tsunoda et Bearman, tous priv\u00e9s d&rsquo;un dernier tour pour quelques secondes.<\/p>\n<p><strong>\u00c9limin\u00e9s en SQ1<\/strong>\u00a0<strong>:<\/strong>\u00a0Stroll, Doohan, Tsunoda, Bortoleto, Bearman<\/p>\n<p>SQ2 &#8211; McLaren prend le pouvoir<\/p>\n<p>La SQ2 a livr\u00e9 une hi\u00e9rarchie diff\u00e9rente puisque McLaren est mont\u00e9 en puissance et a d&rsquo;abord plac\u00e9 Oscar Piastri en t\u00eate, devant Lando Norris. Kimi Antonelli a pris la troisi\u00e8me place devant Max Verstappen, George Russell, Charles Leclerc et Alex Albon, qui a fait mieux que Lewis Hamilton, seulement huiti\u00e8me et surtout moins bien plac\u00e9 des pilotes en piste d\u00e8s le d\u00e9but de cette partie de la s\u00e9ance.<\/p>\n<p>   <img decoding=\"async\" draggable=\"false\" src=\"https:\/\/www.europesays.com\/fr\/wp-content\/uploads\/2025\/05\/lando-norris-mclaren.jpg\" alt=\"Lando Norris, McLaren\" width=\"1200\" height=\"800\" loading=\"lazy\"\/> <\/p>\n<p class=\"title\">Lando Norris, McLaren<\/p>\n<p class=\"photographer\">Photo de: Zak Mauger \/ Motorsport Images<\/p>\n<p>Norris a pris la t\u00eate sous le drapeau \u00e0 damier, tandis que Verstappen est remont\u00e9 au deuxi\u00e8me rang&#8230; et que Piastri a renonc\u00e9 \u00e0 un second tour mais a conserv\u00e9 la troisi\u00e8me place. Antonelli a conclu cette SQ2 en quatri\u00e8me position, devant Leclerc, Hamilton et Russell.<\/p>\n<p>Ce sont \u00e0 nouveau des pilotes de cinq \u00e9quipes distinctes qui ont \u00e9t\u00e9 \u00e9limin\u00e9s : Nico H\u00fclkenberg, Esteban Ocon, Pierre Gasly, Liam Lawson et Carlos Sainz, pass\u00e9 hors de la piste apr\u00e8s un blocage de roue et une glissade sur un vibreur.<\/p>\n<p><strong>\u00c9limin\u00e9s en SQ2\u00a0:<\/strong>\u00a0H\u00fclkenberg, Ocon, Gasly, Lawson, Sainz<\/p>\n<p>SQ3 &#8211; Antonelli surprend les McLaren !<\/p>\n<p>Les pilotes ont bascul\u00e9 sur les pneus tendres pour cette derni\u00e8re partie des qualifications sprint. Max Verstappen et George Russell ont \u00e9t\u00e9 les seuls \u00e0 prendre la piste imm\u00e9diatement et ce duel a \u00e9t\u00e9 remport\u00e9 par l&rsquo;Anglais, avec 0&Prime;279 d&rsquo;avance, alors que tous les autres pilotes attendaient le dernier moment pour s&rsquo;\u00e9lancer.<\/p>\n<p>Apr\u00e8s une pause, cette SQ3 en deux temps a repris avec les huit autres pilotes, tandis que Verstappen a repris la piste, mais pas Russell. Hamilton s&rsquo;est intercal\u00e9 entre les deux leaders mais Verstappen a imm\u00e9diatement sign\u00e9 le meilleur temps pour 0&Prime;054&#8230; et Antonelli a ait encore mieux, pour 0&Prime;255. Norris a \u00e9chou\u00e9 \u00e0 un dixi\u00e8me du d\u00e9butant et Piastri \u00e0 0&Prime;045. Leclerc est rest\u00e9 loin de l&rsquo;Italien.<\/p>\n<p><a class=\"widget-link-button\" href=\"https:\/\/whatsapp.com\/channel\/0029VbAGDTA1t90UXbT7X23Y\" target=\"_blank\" rel=\"noopener\">Rejoignez-nous sur WhatsApp\u00a0!<\/a><\/p>\n<p>Antonelli a ainsi r\u00e9alis\u00e9 une performance inattendue, sur un circuit qu&rsquo;il d\u00e9couvre. Jamais un pilote si jeune n&rsquo;avait domin\u00e9 une s\u00e9ance de qualifications : le prot\u00e9g\u00e9 de Mercedes n&rsquo;a que 18 ans et 250 jours alors que le plus jeune poleman \u2013 pour une course principale \u2013 reste Sebastian Vettel, qui avait 21 ans et 73 jours.<\/p>\n<p>Antonio a devanc\u00e9 les pilotes McLaren et Verstappen. Russell a d\u00e9gringol\u00e9 \u00e0 la cinqui\u00e8me place, devant les pilotes Ferrari, Leclerc et Hamilton. Les trois derni\u00e8res places en SQ3 ont \u00e9t\u00e9 prises par Albon, Isack Hadjar et Fernando Alonso.<\/p>\n<p>Lire aussi :<\/p>\n<p><img decoding=\"async\" class=\"ms-flag-img ms-flag-img_s2\" title=\"United States\" src=\"https:\/\/www.europesays.com\/fr\/wp-content\/uploads\/2025\/05\/us-3.svg.svg+xml\" alt=\"United States\" width=\"32\" loading=\"lazy\"\/>\u00a0GP de Miami &#8211; Qualifications sprint<\/p>\n<p><strong>SQ1<\/strong><\/p>\n<p><strong>SQ2\u00a0<\/strong><\/p>\n<p><strong>SQ3<\/strong><\/p>\n<p>\u00a0<\/p>\n<p>\u00a0<\/p>\n<p>Dans cet article<\/p>\n<p>    Vincent Lalanne-Sicaud\n<\/p>\n<p>    Formule 1\n<\/p>\n<p>Soyez le premier inform\u00e9 et souscrivez aux alertes mails pour recevoir les infos en temps r\u00e9el<\/p>\n<p>    S&rsquo;abonner aux alertes de news<\/p>\n","protected":false},"excerpt":{"rendered":"Les qualifications sprint ont tourn\u00e9 \u00e0 un affrontement entre les pilotes Mercedes et McLaren au GP de Miami,&hellip;\n","protected":false},"author":2,"featured_media":70486,"comment_status":"","ping_status":"","sticky":false,"template":"","format":"standard","meta":{"footnotes":""},"categories":[1412],"tags":[1451,1452,1453,1454,1455,1011,27,16642,16643,60],"class_list":{"0":"post-70485","1":"post","2":"type-post","3":"status-publish","4":"format-standard","5":"has-post-thumbnail","7":"category-f1","8":"tag-f1","9":"tag-formula-1","10":"tag-formula1","11":"tag-formule-1","12":"tag-formule1","13":"tag-fr","14":"tag-france","15":"tag-gp-de-miami","16":"tag-miami-international-autodrome","17":"tag-sports"},"share_on_mastodon":{"url":"https:\/\/pubeurope.com\/@fr\/114440849702821085","error":""},"_links":{"self":[{"href":"https:\/\/www.europesays.com\/fr\/wp-json\/wp\/v2\/posts\/70485","targetHints":{"allow":["GET"]}}],"collection":[{"href":"https:\/\/www.europesays.com\/fr\/wp-json\/wp\/v2\/posts"}],"about":[{"href":"https:\/\/www.europesays.com\/fr\/wp-json\/wp\/v2\/types\/post"}],"author":[{"embeddable":true,"href":"https:\/\/www.europesays.com\/fr\/wp-json\/wp\/v2\/users\/2"}],"replies":[{"embeddable":true,"href":"https:\/\/www.europesays.com\/fr\/wp-json\/wp\/v2\/comments?post=70485"}],"version-history":[{"count":0,"href":"https:\/\/www.europesays.com\/fr\/wp-json\/wp\/v2\/posts\/70485\/revisions"}],"wp:featuredmedia":[{"embeddable":true,"href":"https:\/\/www.europesays.com\/fr\/wp-json\/wp\/v2\/media\/70486"}],"wp:attachment":[{"href":"https:\/\/www.europesays.com\/fr\/wp-json\/wp\/v2\/media?parent=70485"}],"wp:term":[{"taxonomy":"category","embeddable":true,"href":"https:\/\/www.europesays.com\/fr\/wp-json\/wp\/v2\/categories?post=70485"},{"taxonomy":"post_tag","embeddable":true,"href":"https:\/\/www.europesays.com\/fr\/wp-json\/wp\/v2\/tags?post=70485"}],"curies":[{"name":"wp","href":"https:\/\/api.w.org\/{rel}","templated":true}]}}