{"id":70497,"date":"2025-05-02T23:37:10","date_gmt":"2025-05-02T23:37:10","guid":{"rendered":"https:\/\/www.europesays.com\/fr\/70497\/"},"modified":"2025-05-02T23:37:10","modified_gmt":"2025-05-02T23:37:10","slug":"la-petite-maison-dans-la-prairie-netflix-nest-pas-alle-chercher-bien-loin-son-nouveau-charles-ingalls","status":"publish","type":"post","link":"https:\/\/www.europesays.com\/fr\/70497\/","title":{"rendered":"\u00ab\u00a0La Petite Maison dans la prairie\u00a0\u00bb : Netflix n&rsquo;est pas all\u00e9 chercher bien loin son nouveau Charles Ingalls"},"content":{"rendered":"<p>Le g\u00e9ant du streaming a lev\u00e9 le voile sur une partie du casting de son reboot le plus inattendu.Une jeune com\u00e9dienne de 10 ans a \u00e9t\u00e9 retenue pour incarner l\u2019h\u00e9ro\u00efne principale dans cette nouvelle adaptation de la s\u00e9rie de romans semi-autobiographiques \u00e9crits par la vraie Laura Ingalls.L\u2019acteur choisi pour succ\u00e9der \u00e0 Michael Landon a d\u00e9j\u00e0 tenu le premier r\u00f4le d\u2019un film \u00e0 succ\u00e8s de la plateforme.<\/p>\n<p data-module=\"article-paragraph\" class=\"jsx-362436225 Paragraph\">C\u2019est l\u2019une des familles pr\u00e9f\u00e9r\u00e9es des Am\u00e9ricains. Les Ingalls pr\u00e9parent leur retour \u00e0 la t\u00e9l\u00e9vision dans une nouvelle adaptation des romans La Petite Maison dans la prairie. <a href=\"https:\/\/www.tf1info.fr\/culture\/streaming-la-petite-maison-dans-la-prairie-charles-ingalls-va-rouvrir-ses-portes-sur-netflix-2347887.html\" target=\"_blank\" rel=\"noopener\">Annonc\u00e9 en janvier par Netflix<\/a>, ce reboot a d\u00e9j\u00e0 pass\u00e9 l\u2019\u00e9tape fatidique du casting dont une partie a \u00e9t\u00e9 officialis\u00e9e ce vendredi 2 mai.\u00a0<\/p>\n<p data-module=\"article-paragraph\" class=\"jsx-362436225 Paragraph Paragraph__End\">Qui pour succ\u00e9der aux interpr\u00e8tes originaux de Charles, Caroline et leurs enfants Mary, Laura et Carrie ? Le g\u00e9ant du streaming avait fort \u00e0 faire tellement la s\u00e9rie port\u00e9e pendant dix saisons par la jeune Melissa Gilbert, de 1974 \u00e0 1983, a marqu\u00e9 les g\u00e9n\u00e9rations.<\/p>\n<p>Carrie manque encore \u00e0 l&rsquo;appel<\/p>\n<p data-module=\"article-paragraph\" class=\"jsx-362436225 Paragraph Paragraph__End\">Alice Halsey, \u00e2g\u00e9e de 10 ans, sera l\u2019espi\u00e8gle cadette de cette famille vivant dans une ferme du Minnesota dans l\u2019Am\u00e9rique des pionniers de la fin du XIXe si\u00e8cle. La fillette, qui a fait des d\u00e9buts remarqu\u00e9s <a href=\"https:\/\/www.tf1info.fr\/culture\/lessons-in-chemistry-sur-appletv-brie-larson-chimiste-en-cuisine-dans-l-amerique-des-50s-2272911.html\" target=\"_blank\" rel=\"noopener\">dans la s\u00e9rie Lessons in Chemistry avec Brie Larson<\/a>, sera accompagn\u00e9e de Skywalker Hughes qui jouera sa s\u0153ur a\u00een\u00e9e Mary. Le r\u00f4le de Carrie, la benjamine qui chute sur la colline dans le g\u00e9n\u00e9rique, n\u2019a pas encore \u00e9t\u00e9 attribu\u00e9.<\/p>\n<blockquote data-testid=\"EmbedTwitter\" id=\"tweet-1918357682907492643-:Rdmij9n7a6:\" class=\"jsx-aeff1a1c40f54d7a twitter-tweet flex justify-center items-center\"><p>The upcoming Little House on the Prairie series has found its Ingalls family! Introducing&#8230; Crosby Fitzgerald as Caroline Luke Bracey as Charles Skywalker Hughes as Mary and Alice Halsey as Laura  pic.twitter.com\/uJV78EZCub \u2014 Netflix (@netflix)  May 2, 2025<\/p><\/blockquote>\n<p data-module=\"article-paragraph\" class=\"jsx-362436225 Paragraph Paragraph__End\">Les parents, eux, sont bien au rendez-vous. Crosby Fitzgerald, vue dans les s\u00e9ries Palm Royale et <a href=\"https:\/\/www.tf1info.fr\/culture\/serie-disney-plus-abbott-elementary-la-comedie-qui-fait-rire-l-amerique-en-pointant-les-failles-de-son-systeme-educatif-2244923.html\" target=\"_blank\" rel=\"noopener\">Abbott Elementary<\/a>, prend la suite de Karen Grassle dans le costume de Caroline Ingalls. Pour son Charles Ingalls, Netflix a fait confiance \u00e0 un visage d\u00e9j\u00e0 connu de ses abonn\u00e9s. C\u2019est l\u2019Australien Luke Bracey,<a href=\"https:\/\/www.tf1info.fr\/culture\/programme-tv-avec-le-delure-holidate-netflix-ouvre-le-bal-des-films-de-noel-tf1-m6-2168394.html\" target=\"_blank\" rel=\"noopener\"> h\u00e9ros de la romcom Holidate<\/a>, qui a la mission de marcher dans les traces de Michael Landon. Le com\u00e9dien n\u2019est pas \u00e9tranger aux reboots. Il tenait d\u00e9j\u00e0 le m\u00eame r\u00f4le que Keanu Reeves dans la revisite du film culte Point Break.<\/p>\n<ul class=\"jsx-658110588 ReadMoreArticle__List flex flex-column\">\n<li class=\"jsx-658110588\"><a href=\"https:\/\/www.tf1info.fr\/traditions-et-patrimoine\/video-morbihan-campeneac-louer-maison-famille-ingalls-la-petite-maison-dans-la-prairie-est-dans-le-morbihan-et-vous-pouvez-y-dormir-2297329.html\" rel=\"noopener\" class=\"jsx-4233824444 Link flex\" target=\"_blank\"><img decoding=\"async\" src=\"https:\/\/www.europesays.com\/fr\/wp-content\/uploads\/2025\/05\/cap-jt-maison-prairie-4773b2-0@1x.jpeg\" alt=\"Lire aussi\" loading=\"lazy\" importance=\"low\" fetchpriority=\"low\" class=\"\" copyright=\"TF1\"\/>\n<p class=\"jsx-658110588 ReadMoreArticle__Title\">Lire aussi<\/p>\n<p class=\"jsx-658110588\">La Petite Maison de la famille Ingalls est recr\u00e9\u00e9e dans une prairie du Morbihan (et vous pouvez y dormir)<\/p>\n<p><\/a><\/li>\n<\/ul>\n<p data-module=\"article-paragraph\" class=\"jsx-362436225 Paragraph\">Netflix parle de sa version de La Petite Maison dans la prairie comme d\u2019une \u00ab\u00a0adaptation transform\u00e9e des livres semi-autobiographiques de Laura Ingalls Wilder\u00a0\u00bb. Publi\u00e9s dans les ann\u00e9es 30 et 40, ces romans devenus des incontournables de la litt\u00e9rature jeunesse outre-Atlantique s\u2019inspiraient de la propre enfance de l\u2019autrice.\u00a0<\/p>\n<p data-module=\"article-paragraph\" class=\"jsx-362436225 Paragraph Paragraph__End\">La s\u00e9rie supervis\u00e9e par Rebecca Sonnenshine, productrice de The Boys et Vampire Diaries, sera \u00ab\u00a0\u00e0 la fois un drame familial, un r\u00e9cit \u00e9pique de survie et l&rsquo;histoire des origines de l&rsquo;Ouest am\u00e9ricain\u00a0\u00bb qui \u00ab\u00a0offrira une vue kal\u00e9idoscopique des luttes et des triomphes de ceux qui ont fa\u00e7onn\u00e9 la fronti\u00e8re\u00a0\u00bb. Le projet est produit par Ed Friendly, dont le p\u00e8re a produit la fiction originale. De quoi assurer une certaine continuit\u00e9.<\/p>\n<p>Delphine DE FREITAS<\/p>\n<p><script async src=\"https:\/\/platform.twitter.com\/widgets.js\" charset=\"utf-8\"><\/script><\/p>\n","protected":false},"excerpt":{"rendered":"Le g\u00e9ant du streaming a lev\u00e9 le voile sur une partie du casting de son reboot le plus&hellip;\n","protected":false},"author":2,"featured_media":70498,"comment_status":"","ping_status":"","sticky":false,"template":"","format":"standard","meta":{"footnotes":""},"categories":[1356],"tags":[1111,11,1921,58,59,73,1011,27,1922,2041,127,973,4280,128,252,1364,133,2040],"class_list":{"0":"post-70497","1":"post","2":"type-post","3":"status-publish","4":"format-standard","5":"has-post-thumbnail","7":"category-television","8":"tag-actu","9":"tag-actualites","10":"tag-article-video","11":"tag-divertissement","12":"tag-entertainment","13":"tag-etats-unis","14":"tag-fr","15":"tag-france","16":"tag-info","17":"tag-medias-et-divertissement","18":"tag-netflix","19":"tag-people","20":"tag-series-tele","21":"tag-streaming","22":"tag-television","23":"tag-tv","24":"tag-video","25":"tag-video-culture"},"share_on_mastodon":{"url":"https:\/\/pubeurope.com\/@fr\/114440873206876779","error":""},"_links":{"self":[{"href":"https:\/\/www.europesays.com\/fr\/wp-json\/wp\/v2\/posts\/70497","targetHints":{"allow":["GET"]}}],"collection":[{"href":"https:\/\/www.europesays.com\/fr\/wp-json\/wp\/v2\/posts"}],"about":[{"href":"https:\/\/www.europesays.com\/fr\/wp-json\/wp\/v2\/types\/post"}],"author":[{"embeddable":true,"href":"https:\/\/www.europesays.com\/fr\/wp-json\/wp\/v2\/users\/2"}],"replies":[{"embeddable":true,"href":"https:\/\/www.europesays.com\/fr\/wp-json\/wp\/v2\/comments?post=70497"}],"version-history":[{"count":0,"href":"https:\/\/www.europesays.com\/fr\/wp-json\/wp\/v2\/posts\/70497\/revisions"}],"wp:featuredmedia":[{"embeddable":true,"href":"https:\/\/www.europesays.com\/fr\/wp-json\/wp\/v2\/media\/70498"}],"wp:attachment":[{"href":"https:\/\/www.europesays.com\/fr\/wp-json\/wp\/v2\/media?parent=70497"}],"wp:term":[{"taxonomy":"category","embeddable":true,"href":"https:\/\/www.europesays.com\/fr\/wp-json\/wp\/v2\/categories?post=70497"},{"taxonomy":"post_tag","embeddable":true,"href":"https:\/\/www.europesays.com\/fr\/wp-json\/wp\/v2\/tags?post=70497"}],"curies":[{"name":"wp","href":"https:\/\/api.w.org\/{rel}","templated":true}]}}