{"id":70507,"date":"2025-05-02T23:42:15","date_gmt":"2025-05-02T23:42:15","guid":{"rendered":"https:\/\/www.europesays.com\/fr\/70507\/"},"modified":"2025-05-02T23:42:15","modified_gmt":"2025-05-02T23:42:15","slug":"asterix-et-obelix-sur-netflix-quel-est-le-casting-quatre-etoiles-de-la-serie-dalain-chabat","status":"publish","type":"post","link":"https:\/\/www.europesays.com\/fr\/70507\/","title":{"rendered":"Ast\u00e9rix et Ob\u00e9lix sur Netflix : quel est le casting quatre \u00e9toiles de la s\u00e9rie d&rsquo;Alain Chabat ?"},"content":{"rendered":"<p>Alain Chabat r\u00e9invente encore l\u2019univers d\u2019Ast\u00e9rix et Ob\u00e9lix avec une nouvelle s\u00e9rie Netflix nomm\u00e9e Le Combat des Chefs. Pour l\u2019occasion, il s\u2019est entour\u00e9 d\u2019un parterre de stars, de Gilles Lellouche \u00e0 G\u00e9raldine Nakache, en passant par Laurent Laffite.<\/p>\n<p>\u00ab\u00a0Nous sommes en 50 avant J\u00e9sus-Christ. Toute la Gaule est occup\u00e9e par les Romains\u2026 Toute\u00a0? Non\u00a0! \u00bb. Si cette phrase introductive si iconique vous avait manqu\u00e9, alors peut-\u00eatre vous \u00eates-vous d\u00e9j\u00e0 ru\u00e9 sur les 5 \u00e9pisodes savoureux d\u2019<a href=\"https:\/\/www.numerama.com\/series-tv\/asterix-obelix-le-combat-des-chefs\/\" target=\"_blank\" rel=\"noopener\">Ast\u00e9rix et Ob\u00e9lix : Le Combat des Chefs<\/a>. Port\u00e9e par Alain Chabat, cette nouvelle aventure des fameux Gaulois prend cette fois la forme <a href=\"https:\/\/www.numerama.com\/pop-culture\/1961321-3-raisons-de-voir-la-serie-asterix-et-obelix-dalain-chabat-sur-netflix.html\" target=\"_blank\" rel=\"noopener\">d\u2019une s\u00e9rie anim\u00e9e tr\u00e8s r\u00e9ussie.<\/a><\/p>\n<p>Dot\u00e9e de visuels somptueux et d\u2019excellents jeux de mots, dont seul Chabat a le secret, cette production Netflix, d\u00e9voil\u00e9e le 30 avril 2025, b\u00e9n\u00e9ficie d\u2019un casting impressionnant. Si vous n\u2019\u00eates pas certains d\u2019avoir reconnu toutes les voix qui se succ\u00e8dent \u00e0 l\u2019\u00e9cran, voici la liste de la distribution principale d\u2019Ast\u00e9rix et Ob\u00e9lix : Le Combat des Chefs.<\/p>\n<p>    Pour aller plus loin<\/p>\n<p>                <img decoding=\"async\" width=\"87\" height=\"87\" loading=\"lazy\" alt=\"Ast\u00e9rix &amp; Ob\u00e9lix : Le Combat des Chefs \/\/ Source : Netflix\" title=\"Ast\u00e9rix &amp; Ob\u00e9lix : Le Combat des Chefs \/\/ Source : Netflix\" class=\"placeholder-default wp-image\" src=\"https:\/\/www.europesays.com\/fr\/wp-content\/uploads\/2025\/05\/copy-of-asterix-paf-uhd-32bits-200x200.jpg\" \/>            <\/p>\n<p>            Ce contenu est bloqu\u00e9 car vous n\u2019avez pas accept\u00e9 les cookies et autres traceurs. Ce contenu est fourni par YouTube.<br \/>Pour pouvoir le visualiser, vous devez accepter l\u2019usage \u00e9tant op\u00e9r\u00e9 par YouTube avec vos donn\u00e9es qui pourront \u00eatre utilis\u00e9es pour les finalit\u00e9s suivantes : vous permettre de visualiser et de partager des contenus avec des m\u00e9dias sociaux, favoriser le d\u00e9veloppement et l\u2019am\u00e9lioration des produits d\u2019Humanoid et de ses partenaires, vous afficher des publicit\u00e9s personnalis\u00e9es par rapport \u00e0 votre profil et activit\u00e9, vous d\u00e9finir un profil publicitaire personnalis\u00e9, mesurer la performance des publicit\u00e9s et du contenu de ce site et mesurer l\u2019audience de ce site <a href=\"#\" class=\"js-privacy\" target=\"_blank\">(en savoir plus)<\/a>        <\/p>\n<p>            En cliquant sur \u00ab J\u2019accepte tout \u00bb, vous consentez aux finalit\u00e9s susmentionn\u00e9es pour l\u2019ensemble des cookies et autres traceurs d\u00e9pos\u00e9s par Humanoid et <a class=\"embed-consent-overlay-vendors-link\" href=\"#preferences-vendeurs\">ses partenaires<\/a>.        <\/p>\n<p>            Vous gardez la possibilit\u00e9 de retirer votre consentement \u00e0 tout moment. Pour plus d\u2019informations, nous vous invitons \u00e0 prendre connaissance de notre <a href=\"https:\/\/www.numerama.com\/politique-cookies\" target=\"_blank\" rel=\"noopener\">Politique cookies<\/a>.        <\/p>\n<p>        J\u2019accepte tout    <\/p>\n<p class=\"embed-consent-overlay-manage-choices\">        <a href=\"#preferences-publicitaires\">G\u00e9rer mes choix<\/a>    <\/p>\n<p>Gilles Lellouche, Alain Chabat, G\u00e9raldine Nakache, J\u00e9r\u00f4me Commandeur\u2026 Qui double Ast\u00e9rix et Ob\u00e9lix sur Netflix ?<\/p>\n<p>Pour incarner les membres du fameux village d\u2019irr\u00e9ductibles Gaulois, imagin\u00e9 il y a plus de soixante ans par Albert Uderzo et Ren\u00e9 Goscinny, il fallait forc\u00e9ment faire appel \u00e0 un casting de stars. Alain Chabat, qui interpr\u00e8te pour la premi\u00e8re fois Ast\u00e9rix, a donc r\u00e9uni autour de lui un parterre de grandes voix compos\u00e9 de :<\/p>\n<ul class=\"wp-block-list\">\n<li>Gilles Lellouche (Le Grand Bain) : Ob\u00e9lix<\/li>\n<li>Ana\u00efs Demoustier (<a href=\"https:\/\/www.numerama.com\/pop-culture\/1857852-cats-eyes-sur-tf1-est-etrangement-liee-au-comte-de-monte-cristo.html\" data-type=\"post\" data-id=\"1857852\" target=\"_blank\" rel=\"noopener\">Le Comte de Monte Cristo<\/a>) : M\u00e9tadata<\/li>\n<li>Thierry Lhermitte (Les Bronz\u00e9s) : Panoramix<\/li>\n<li>Gr\u00e9goire Ludig (<a href=\"https:\/\/www.numerama.com\/films\/les-vedettes\/\" data-type=\"movies\" data-id=\"1273090\" target=\"_blank\" rel=\"noopener\">Le Palmashow<\/a>) : Abraracourcix et le Romain sommelier<\/li>\n<li>David Marsais (Le Palmashow) : Assurancetourix et le l\u00e9gionnaire \u00ab \u00c7a fait sens \u00bb<\/li>\n<li>G\u00e9raldine Nakache (<a href=\"https:\/\/www.numerama.com\/videos\/camille-chamoux-declare-sa-flamme-pour-chatalere\/\" data-type=\"video\" data-id=\"1953825\" target=\"_blank\" rel=\"noopener\">La Flamme<\/a>) : Bonemine<\/li>\n<li>Laurent Lafitte (<a href=\"https:\/\/www.numerama.com\/series-tv\/tapie\/\" data-type=\"tv-shows\" data-id=\"1496176\" target=\"_blank\" rel=\"noopener\">Tapie<\/a>) : Jules C\u00e9sar<\/li>\n<li>Gr\u00e9gory Gadebois (<a href=\"https:\/\/www.numerama.com\/series-tv\/zorro-2024\/\" data-type=\"tv-shows\" data-id=\"1794100\" target=\"_blank\" rel=\"noopener\">Zorro<\/a>) : Aplusb\u00e9galix<\/li>\n<li>Jean-Pascal Zadi (<a href=\"https:\/\/www.numerama.com\/series-tv\/en-place\/\" data-type=\"tv-shows\" data-id=\"1644712\" target=\"_blank\" rel=\"noopener\">En Place<\/a>) : Potus<\/li>\n<li>Fred Testot (Omar et Fred) : Fastanefurius et le l\u00e9gionnaire germanophobe<\/li>\n<li>Jeanne Balibar (<a href=\"https:\/\/www.numerama.com\/series-tv\/irma-vep\/\" data-type=\"tv-shows\" data-id=\"988927\" target=\"_blank\" rel=\"noopener\">Irma Vep<\/a>) : Apothika<\/li>\n<li>J\u00e9r\u00f4me Commandeur (<a href=\"https:\/\/www.numerama.com\/series-tv\/lol-qui-rit-sort\/\" data-type=\"tv-shows\" data-id=\"1310762\" target=\"_blank\" rel=\"noopener\">LOL : qui rit, sort !<\/a>) : Blackangus et la maman de C\u00e9sar<\/li>\n<li>St\u00e9fi Celma (<a href=\"https:\/\/www.numerama.com\/series-tv\/dix-pour-cent\/\" data-type=\"tv-shows\" data-id=\"992471\" target=\"_blank\" rel=\"noopener\">Dix pour Cent<\/a>) : Annabarbera<\/li>\n<li>Alexandre Astier (<a href=\"https:\/\/www.numerama.com\/politique\/631845-pourquoi-tout-le-monde-deteste-t-il-les-fans-de-kaamelott.html\" data-type=\"post\" data-id=\"631845\" target=\"_blank\" rel=\"noopener\">Kaamelott<\/a>) : Ordralfab\u00e9tix<\/li>\n<li>Pio Marma\u00ef (Les Trois Mousquetaires) : C\u00e9tautomatix et le chef de chantier<\/li>\n<li>G\u00e9rard Darmon (<a href=\"https:\/\/www.numerama.com\/series-tv\/le-flambeau\/\" data-type=\"tv-shows\" data-id=\"968647\" target=\"_blank\" rel=\"noopener\">Le Flambeau<\/a>) : Tout\u00e9tobofix<\/li>\n<li>Chantal Lauby (La Cit\u00e9 de la Peur) : la maman romaine<\/li>\n<li>Jamel Debbouze (Ast\u00e9rix et Ob\u00e9lix : Mission Cl\u00e9op\u00e2tre) : Sucettalanix et la Poule<\/li>\n<li>Emmylou Homs (<a href=\"https:\/\/www.numerama.com\/series-tv\/mercredi-wednesday\/\" data-type=\"tv-shows\" data-id=\"1187754\" target=\"_blank\" rel=\"noopener\">Mercredi<\/a>) : Ast\u00e9rix enfant<\/li>\n<li>Kaycie Chase (<a href=\"https:\/\/www.numerama.com\/films\/vice-versa-2\/\" data-type=\"movies\" data-id=\"1868208\" target=\"_blank\" rel=\"noopener\">Vice-Versa 2<\/a>) : Ob\u00e9lix enfant<\/li>\n<\/ul>\n<p>    Pour aller plus loin<\/p>\n<p>                <img decoding=\"async\" width=\"87\" height=\"87\" loading=\"lazy\" alt=\"Ast\u00e9rix &amp; Ob\u00e9lix : Le Combat des Chefs \/\/ Source : Netflix\" title=\"Ast\u00e9rix &amp; Ob\u00e9lix : Le Combat des Chefs \/\/ Source : Netflix\" class=\"placeholder-default wp-image\" src=\"https:\/\/www.europesays.com\/fr\/wp-content\/uploads\/2025\/05\/copy-of-asterix-paf-uhd-32bits-200x200.jpg\" \/>            <\/p>\n<p>                        <a href=\"https:\/\/www.numerama.com\/series-tv\/asterix-obelix-le-combat-des-chefs\/\" class=\"is-block\" target=\"_blank\" rel=\"noopener\"><br \/>\n                            <img decoding=\"async\" width=\"350\" height=\"210\" loading=\"lazy\" alt=\"Ast\u00e9rix &amp; Ob\u00e9lix : Le Combat des Chefs \/\/ Source : Netflix\" title=\"Ast\u00e9rix &amp; Ob\u00e9lix : Le Combat des Chefs \/\/ Source : Netflix\" class=\"is-block is-radiused placeholder-default wp-image\" src=\"https:\/\/www.europesays.com\/fr\/wp-content\/uploads\/2025\/05\/1746229333_390_copy-of-asterix-paf-uhd-32bits-680x383.jpg\" \/>                        <\/a><\/p>\n<p>        <img decoding=\"async\" width=\"168\" height=\"168\" loading=\"lazy\" alt=\"Source : Montage Numerama\" title=\"Source : Montage Numerama\" class=\"placeholder-default wp-image\" src=\"https:\/\/www.europesays.com\/fr\/wp-content\/uploads\/2025\/05\/1746229333_204_comparatif-svod-200x200.jpg\" \/>    <\/p>\n<p>        Quel est le service de SVOD fait pour vous ?<br \/>\n        Quelle plateforme de streaming choisir en 2025\u00a0? Comparatif entre Netflix, Prime Video, Max, Apple TV+\u2026<br \/>\n        <a href=\"https:\/\/www.numerama.com\/pop-culture\/541742-netflix-amazon-canal-ocs-apple-tv-le-grand-comparatif-2019-des-offres-de-svod-en-france.html\" class=\"btn is-family-secondary is-text-weight-bold has-text-left mt-2\" target=\"_blank\" rel=\"noopener\">D\u00e9couvrez notre comparateur<\/a><\/p>\n<p>            <img decoding=\"async\" src=\"https:\/\/www.europesays.com\/fr\/wp-content\/uploads\/2025\/04\/iPhone-16-pro.png\" alt=\"Toute l'actu tech en un clien d'oeil\"\/><\/p>\n<p class=\"card-install-pwa__title\">Toute l&rsquo;actu tech en un clin d&rsquo;\u0153il<\/p>\n<p class=\"card-install-pwa__description\">Ajoutez Numerama \u00e0 votre \u00e9cran d&rsquo;accueil et restez connect\u00e9s au futur !<\/p>\n<p>            <img decoding=\"async\" src=\"https:\/\/www.europesays.com\/fr\/wp-content\/uploads\/2025\/04\/logo-card-pwa-coupe.svg.svg+xml\" alt=\"Logo PWA\"\/><\/p>\n<p>       Installer Numerama<\/p>\n<p class=\"title\">\n            Les derni\u00e8res actualit\u00e9s sur             <a href=\"https:\/\/www.numerama.com\/tag\/netflix\/\" target=\"_blank\" rel=\"noopener\"><br \/>\n                Netflix            <\/a>\n        <\/p>\n","protected":false},"excerpt":{"rendered":"Alain Chabat r\u00e9invente encore l\u2019univers d\u2019Ast\u00e9rix et Ob\u00e9lix avec une nouvelle s\u00e9rie Netflix nomm\u00e9e Le Combat des Chefs.&hellip;\n","protected":false},"author":2,"featured_media":70508,"comment_status":"","ping_status":"","sticky":false,"template":"","format":"standard","meta":{"footnotes":""},"categories":[8],"tags":[17117,58,59,1011,27,127,7259],"class_list":{"0":"post-70507","1":"post","2":"type-post","3":"status-publish","4":"format-standard","5":"has-post-thumbnail","7":"category-divertissement","8":"tag-asterix-obelix-le-combat-des-chefs","9":"tag-divertissement","10":"tag-entertainment","11":"tag-fr","12":"tag-france","13":"tag-netflix","14":"tag-vie-du-streaming"},"share_on_mastodon":{"url":"https:\/\/pubeurope.com\/@fr\/114440892848891719","error":""},"_links":{"self":[{"href":"https:\/\/www.europesays.com\/fr\/wp-json\/wp\/v2\/posts\/70507","targetHints":{"allow":["GET"]}}],"collection":[{"href":"https:\/\/www.europesays.com\/fr\/wp-json\/wp\/v2\/posts"}],"about":[{"href":"https:\/\/www.europesays.com\/fr\/wp-json\/wp\/v2\/types\/post"}],"author":[{"embeddable":true,"href":"https:\/\/www.europesays.com\/fr\/wp-json\/wp\/v2\/users\/2"}],"replies":[{"embeddable":true,"href":"https:\/\/www.europesays.com\/fr\/wp-json\/wp\/v2\/comments?post=70507"}],"version-history":[{"count":0,"href":"https:\/\/www.europesays.com\/fr\/wp-json\/wp\/v2\/posts\/70507\/revisions"}],"wp:featuredmedia":[{"embeddable":true,"href":"https:\/\/www.europesays.com\/fr\/wp-json\/wp\/v2\/media\/70508"}],"wp:attachment":[{"href":"https:\/\/www.europesays.com\/fr\/wp-json\/wp\/v2\/media?parent=70507"}],"wp:term":[{"taxonomy":"category","embeddable":true,"href":"https:\/\/www.europesays.com\/fr\/wp-json\/wp\/v2\/categories?post=70507"},{"taxonomy":"post_tag","embeddable":true,"href":"https:\/\/www.europesays.com\/fr\/wp-json\/wp\/v2\/tags?post=70507"}],"curies":[{"name":"wp","href":"https:\/\/api.w.org\/{rel}","templated":true}]}}